{"id":933290,"date":"2022-11-10T10:58:13","date_gmt":"2022-11-10T13:58:13","guid":{"rendered":"https:\/\/www.cnbb.org.br\/?p=933290"},"modified":"2022-11-10T14:32:55","modified_gmt":"2022-11-10T17:32:55","slug":"a-pastoral-juvenil-do-brasil-lanca-serie-de-lives-a-jornada-mundial-da-juventude-e-para-ti-nesta-quarta-feira-10","status":"publish","type":"post","link":"https:\/\/www.cnbb.org.br\/a-pastoral-juvenil-do-brasil-lanca-serie-de-lives-a-jornada-mundial-da-juventude-e-para-ti-nesta-quarta-feira-10\/","title":{"rendered":"Pastoral Juvenil do Brasil lan\u00e7a s\u00e9rie de lives \u201cA Jornada Mundial da Juventude \u00e9 para ti\u201d, nesta quarta-feira (10)"},"content":{"rendered":"<p style=\"text-align: justify;\">A Pastoral Juvenil do Brasil, vinculada \u00e0 Comiss\u00e3o Episcopal Pastoral para a Juventude da Confer\u00eancia Nacional dos Bispos do Brasil (CNBB), vai realizar uma s\u00e9rie de lives sobre a Jornada Mundial da Juventude 2023, que vai ocorrer de 1\u00ba e 6 de agosto, em Lisboa, Portugal.<\/p>\n<p style=\"text-align: justify;\"><img decoding=\"async\" loading=\"lazy\" class=\" wp-image-933299 alignleft\" src=\"https:\/\/www.cnbb.org.br\/wp-content\/uploads\/2022\/11\/WhatsApp-Image-2022-11-09-at-15.05.59-1-240x300.jpeg\" alt=\"\" width=\"248\" height=\"310\" srcset=\"https:\/\/www.cnbb.org.br\/wp-content\/uploads\/2022\/11\/WhatsApp-Image-2022-11-09-at-15.05.59-1-240x300.jpeg 240w, https:\/\/www.cnbb.org.br\/wp-content\/uploads\/2022\/11\/WhatsApp-Image-2022-11-09-at-15.05.59-1-819x1024.jpeg 819w, https:\/\/www.cnbb.org.br\/wp-content\/uploads\/2022\/11\/WhatsApp-Image-2022-11-09-at-15.05.59-1-768x960.jpeg 768w, https:\/\/www.cnbb.org.br\/wp-content\/uploads\/2022\/11\/WhatsApp-Image-2022-11-09-at-15.05.59-1-500x625.jpeg 500w, https:\/\/www.cnbb.org.br\/wp-content\/uploads\/2022\/11\/WhatsApp-Image-2022-11-09-at-15.05.59-1.jpeg 1024w\" sizes=\"(max-width: 248px) 100vw, 248px\" \/>As lives fazem parte da campanha <strong>\u201cA Jornada Mundial da Juventude \u00e9 para ti\u201d<\/strong>, que pretende dirigir o convite a todos os jovens no \u00e2mbito da abertura das inscri\u00e7\u00f5es da JMJ Lisboa 2023, que se iniciou com a inscri\u00e7\u00e3o do Papa Francisco no passado dia 23 de outubro.<\/p>\n<p style=\"text-align: justify;\">No Brasil, as lives est\u00e3o previstas para acontecer mensalmente, sempre no dia 10 de cada m\u00eas. Segundo a Pastoral Juvenil, a proposta \u00e9 gerar comunh\u00e3o entre os peregrinos brasileiros, sanar as d\u00favidas e preparar o esp\u00edrito da juventude para viver a experi\u00eancia da JMJ 2023.<\/p>\n<p style=\"text-align: justify;\">A primeira live da s\u00e9rie acontece nesta quarta-feira, 10 de novembro, \u00e0s 20h, no Instagram <a class=\"x1i10hfl xjbqb8w x6umtig x1b1mbwd xaqea5y xav7gou x9f619 x1ypdohk xt0psk2 xe8uvvx xdj266r x11i5rnm xat24cr x1mh8g0r xexx8yu x4uap5 x18d9i69 xkhd6sd x16tdsg8 x1hl2dhg xggy1nq x1a2a7pz notranslate _a6hd\" tabindex=\"0\" role=\"link\" href=\"https:\/\/www.instagram.com\/jconectados\/\" target=\"_blank\" rel=\"noopener\">@jconectados.\u00a0<\/a>A live vai contar com a <span style=\"font-size: 16px;\">ora\u00e7\u00e3o do ter\u00e7o, informes sobre a JMJ 2023 e jovens convidados que v\u00e3o dar seu testemunho de que com esfor\u00e7o \u00e9 poss\u00edvel viver a JMJ.<\/span><\/p>\n<blockquote>\n<p style=\"text-align: justify;\"><strong>Convidados da live de quarta-feira (10)<\/strong><\/p>\n<p style=\"text-align: justify;\">Mariana Lane (Regional Nordeste 1 &#8211; Cear\u00e1)<\/p>\n<p style=\"text-align: justify;\">Lucas Ricardo (Fazenda da Esperan\u00e7a)<\/p>\n<p style=\"text-align: justify;\">Lilian de Maria (Alian\u00e7a de Miseric\u00f3rdia)<\/p>\n<p style=\"text-align: justify;\">Samara Falc\u00e3o (Arquidiocese de Fortaleza)<\/p>\n<\/blockquote>\n<p>Mais informa\u00e7\u00f5es no site da<strong><a href=\"https:\/\/www.lisboa2023.org\/pt\/\" target=\"_blank\" rel=\"noopener\"> JMJ 2023<\/a><\/strong><\/p>\n","protected":false},"excerpt":{"rendered":"<p>A primeira live acontecer\u00e1 nesta quarta-feira, 10 de novembro, \u00e0s 20h no Instagram @jconectados. o objetivo de gerar comunh\u00e3o entre os peregrinos brasileiros, sanar as d\u00favidas e preparar o nosso esp\u00edrito para viver a experi\u00eancia da Jornada Mundial da Juventude que acontecer\u00e1 de 1\u00ba e 6 de agosto, em Lisboa, Portugal<\/p>\n","protected":false},"author":83,"featured_media":933296,"comment_status":"open","ping_status":"open","sticky":false,"template":"","format":"standard","meta":{"site-sidebar-layout":"default","site-content-layout":"default","ast-global-header-display":"","ast-banner-title-visibility":"","ast-main-header-display":"","ast-hfb-above-header-display":"","ast-hfb-below-header-display":"","ast-hfb-mobile-header-display":"","site-post-title":"","ast-breadcrumbs-content":"","ast-featured-img":"","footer-sml-layout":"","theme-transparent-header-meta":"default","adv-header-id-meta":"","stick-header-meta":"","header-above-stick-meta":"","header-main-stick-meta":"","header-below-stick-meta":""},"categories":[50,1834,775],"tags":[],"acf":[],"_links":{"self":[{"href":"https:\/\/www.cnbb.org.br\/cnbb-app\/wp\/v2\/posts\/933290"}],"collection":[{"href":"https:\/\/www.cnbb.org.br\/cnbb-app\/wp\/v2\/posts"}],"about":[{"href":"https:\/\/www.cnbb.org.br\/cnbb-app\/wp\/v2\/types\/post"}],"author":[{"embeddable":true,"href":"https:\/\/www.cnbb.org.br\/cnbb-app\/wp\/v2\/users\/83"}],"replies":[{"embeddable":true,"href":"https:\/\/www.cnbb.org.br\/cnbb-app\/wp\/v2\/comments?post=933290"}],"version-history":[{"count":3,"href":"https:\/\/www.cnbb.org.br\/cnbb-app\/wp\/v2\/posts\/933290\/revisions"}],"predecessor-version":[{"id":933341,"href":"https:\/\/www.cnbb.org.br\/cnbb-app\/wp\/v2\/posts\/933290\/revisions\/933341"}],"wp:featuredmedia":[{"embeddable":true,"href":"https:\/\/www.cnbb.org.br\/cnbb-app\/wp\/v2\/media\/933296"}],"wp:attachment":[{"href":"https:\/\/www.cnbb.org.br\/cnbb-app\/wp\/v2\/media?parent=933290"}],"wp:term":[{"taxonomy":"category","embeddable":true,"href":"https:\/\/www.cnbb.org.br\/cnbb-app\/wp\/v2\/categories?post=933290"},{"taxonomy":"post_tag","embeddable":true,"href":"https:\/\/www.cnbb.org.br\/cnbb-app\/wp\/v2\/tags?post=933290"}],"curies":[{"name":"wp","href":"https:\/\/api.w.org\/{rel}","templated":true}]}}