{"id":933447,"date":"2022-11-11T13:58:06","date_gmt":"2022-11-11T16:58:06","guid":{"rendered":"https:\/\/www.cnbb.org.br\/?p=933447"},"modified":"2022-11-11T13:58:41","modified_gmt":"2022-11-11T16:58:41","slug":"representantes-da-osib-participam-do-curso-para-reitores-e-formadores-de-seminarios-da-america-latina","status":"publish","type":"post","link":"https:\/\/www.cnbb.org.br\/representantes-da-osib-participam-do-curso-para-reitores-e-formadores-de-seminarios-da-america-latina\/","title":{"rendered":"Representantes da OSIB participam do Curso para Reitores e Formadores de Semin\u00e1rios da Am\u00e9rica Latina"},"content":{"rendered":"<p style=\"text-align: justify;\">O Papa Francisco recebeu em audi\u00eancia, na quinta-feira, 10, na Sala Clementina, no Vaticano, os participantes do Curso para Reitores e Formadores de Semin\u00e1rios da Am\u00e9rica Latina, entre eles os representantes da Organiza\u00e7\u00e3o dos Semin\u00e1rios e Institutos do Brasil, a OSIB.<\/p>\n<p style=\"text-align: justify;\">Na ocasi\u00e3o, o prefeito do Dicast\u00e9rio para o Clero, o cardeal Lazzaro, presidiu a santa missa na Bas\u00edlica S\u00e3o Pedro com todos os padres do curso. Em seguida, todos os participantes se dirigiram a sala Clementina para uma audi\u00eancia privada com o Papa Francisco. O mesmo, encorajou e refor\u00e7ou os princ\u00edpios formativos para os semin\u00e1rios.<\/p>\n<p style=\"text-align: justify;\">O Papa\u00a0 afirmou que \u00e9 &#8220;necess\u00e1ria uma forma\u00e7\u00e3o de qualidade para aqueles que ser\u00e3o a presen\u00e7a sacramental do Senhor no meio de seu rebanho, alimentando-o e cuidando dele com a Palavra e com os Sacramentos.&#8221;<\/p>\n<p>O Santo Padre, ao final da audi\u00eancia, num gesto de proximidade cumprimentou cada um dos padres.<\/p>\n<div id='gallery-1' class='gallery galleryid-933447 gallery-columns-3 gallery-size-medium'><figure class='gallery-item'>\n\t\t\t<div class='gallery-icon portrait'>\n\t\t\t\t<a href='https:\/\/www.cnbb.org.br\/wp-content\/uploads\/2022\/11\/2e54bf09-5855-4414-b1b7-adc4b3b779da.jpg' title=\"\" data-rl_title=\"\" class=\"rl-gallery-link\" data-rl_caption=\"\" data-rel=\"lightbox-gallery-1\"><img width=\"225\" height=\"300\" src=\"https:\/\/www.cnbb.org.br\/wp-content\/uploads\/2022\/11\/2e54bf09-5855-4414-b1b7-adc4b3b779da-225x300.jpg\" class=\"attachment-medium size-medium\" alt=\"\" decoding=\"async\" loading=\"lazy\" srcset=\"https:\/\/www.cnbb.org.br\/wp-content\/uploads\/2022\/11\/2e54bf09-5855-4414-b1b7-adc4b3b779da-225x300.jpg 225w, https:\/\/www.cnbb.org.br\/wp-content\/uploads\/2022\/11\/2e54bf09-5855-4414-b1b7-adc4b3b779da-766x1024.jpg 766w, https:\/\/www.cnbb.org.br\/wp-content\/uploads\/2022\/11\/2e54bf09-5855-4414-b1b7-adc4b3b779da-768x1026.jpg 768w, https:\/\/www.cnbb.org.br\/wp-content\/uploads\/2022\/11\/2e54bf09-5855-4414-b1b7-adc4b3b779da-500x668.jpg 500w, https:\/\/www.cnbb.org.br\/wp-content\/uploads\/2022\/11\/2e54bf09-5855-4414-b1b7-adc4b3b779da.jpg 958w\" sizes=\"(max-width: 225px) 100vw, 225px\" \/><\/a>\n\t\t\t<\/div><\/figure><figure class='gallery-item'>\n\t\t\t<div class='gallery-icon landscape'>\n\t\t\t\t<a href='https:\/\/www.cnbb.org.br\/wp-content\/uploads\/2022\/11\/88274cdf-24de-4dbb-ad30-45c51ab5508b.jpg' title=\"\" data-rl_title=\"\" class=\"rl-gallery-link\" data-rl_caption=\"\" data-rel=\"lightbox-gallery-1\"><img width=\"300\" height=\"245\" src=\"https:\/\/www.cnbb.org.br\/wp-content\/uploads\/2022\/11\/88274cdf-24de-4dbb-ad30-45c51ab5508b-300x245.jpg\" class=\"attachment-medium size-medium\" alt=\"\" decoding=\"async\" loading=\"lazy\" srcset=\"https:\/\/www.cnbb.org.br\/wp-content\/uploads\/2022\/11\/88274cdf-24de-4dbb-ad30-45c51ab5508b-300x245.jpg 300w, https:\/\/www.cnbb.org.br\/wp-content\/uploads\/2022\/11\/88274cdf-24de-4dbb-ad30-45c51ab5508b-1024x835.jpg 1024w, https:\/\/www.cnbb.org.br\/wp-content\/uploads\/2022\/11\/88274cdf-24de-4dbb-ad30-45c51ab5508b-768x626.jpg 768w, https:\/\/www.cnbb.org.br\/wp-content\/uploads\/2022\/11\/88274cdf-24de-4dbb-ad30-45c51ab5508b-500x408.jpg 500w, https:\/\/www.cnbb.org.br\/wp-content\/uploads\/2022\/11\/88274cdf-24de-4dbb-ad30-45c51ab5508b.jpg 1280w\" sizes=\"(max-width: 300px) 100vw, 300px\" \/><\/a>\n\t\t\t<\/div><\/figure><figure class='gallery-item'>\n\t\t\t<div class='gallery-icon portrait'>\n\t\t\t\t<a href='https:\/\/www.cnbb.org.br\/wp-content\/uploads\/2022\/11\/9bdedc73-8448-4f8f-81f1-c9040a3d109e.jpg' title=\"\" data-rl_title=\"\" class=\"rl-gallery-link\" data-rl_caption=\"\" data-rel=\"lightbox-gallery-1\"><img width=\"225\" height=\"300\" src=\"https:\/\/www.cnbb.org.br\/wp-content\/uploads\/2022\/11\/9bdedc73-8448-4f8f-81f1-c9040a3d109e-225x300.jpg\" class=\"attachment-medium size-medium\" alt=\"\" decoding=\"async\" loading=\"lazy\" srcset=\"https:\/\/www.cnbb.org.br\/wp-content\/uploads\/2022\/11\/9bdedc73-8448-4f8f-81f1-c9040a3d109e-225x300.jpg 225w, https:\/\/www.cnbb.org.br\/wp-content\/uploads\/2022\/11\/9bdedc73-8448-4f8f-81f1-c9040a3d109e-766x1024.jpg 766w, https:\/\/www.cnbb.org.br\/wp-content\/uploads\/2022\/11\/9bdedc73-8448-4f8f-81f1-c9040a3d109e-768x1026.jpg 768w, https:\/\/www.cnbb.org.br\/wp-content\/uploads\/2022\/11\/9bdedc73-8448-4f8f-81f1-c9040a3d109e-500x668.jpg 500w, https:\/\/www.cnbb.org.br\/wp-content\/uploads\/2022\/11\/9bdedc73-8448-4f8f-81f1-c9040a3d109e.jpg 958w\" sizes=\"(max-width: 225px) 100vw, 225px\" \/><\/a>\n\t\t\t<\/div><\/figure>\n\t\t<\/div>\n\n<p>&nbsp;<\/p>\n<p>&nbsp;<\/p>\n<pre>Com informa\u00e7\u00f5es e fotos da OSIB<\/pre>\n","protected":false},"excerpt":{"rendered":"<p>O Papa Francisco recebeu em audi\u00eancia, na quinta-feira, 10, na Sala Clementina, no Vaticano, os participantes do Curso para Reitores e Formadores de Semin\u00e1rios da Am\u00e9rica Latina, entre eles os representantes da Organiza\u00e7\u00e3o dos Semin\u00e1rios e Institutos do Brasil, a OSIB. Na ocasi\u00e3o, o prefeito do Dicast\u00e9rio para o Clero, o cardeal Lazzaro, presidiu a &hellip;<\/p>\n<p class=\"read-more\"> <a class=\"\" href=\"https:\/\/www.cnbb.org.br\/representantes-da-osib-participam-do-curso-para-reitores-e-formadores-de-seminarios-da-america-latina\/\"> <span class=\"screen-reader-text\">Representantes da OSIB participam do Curso para Reitores e Formadores de Semin\u00e1rios da Am\u00e9rica Latina<\/span> Leia mais &raquo;<\/a><\/p>\n","protected":false},"author":141,"featured_media":933451,"comment_status":"open","ping_status":"open","sticky":false,"template":"","format":"standard","meta":{"site-sidebar-layout":"default","site-content-layout":"default","ast-global-header-display":"","ast-banner-title-visibility":"","ast-main-header-display":"","ast-hfb-above-header-display":"","ast-hfb-below-header-display":"","ast-hfb-mobile-header-display":"","site-post-title":"","ast-breadcrumbs-content":"","ast-featured-img":"","footer-sml-layout":"","theme-transparent-header-meta":"default","adv-header-id-meta":"","stick-header-meta":"","header-above-stick-meta":"","header-main-stick-meta":"","header-below-stick-meta":""},"categories":[807],"tags":[],"acf":[],"_links":{"self":[{"href":"https:\/\/www.cnbb.org.br\/cnbb-app\/wp\/v2\/posts\/933447"}],"collection":[{"href":"https:\/\/www.cnbb.org.br\/cnbb-app\/wp\/v2\/posts"}],"about":[{"href":"https:\/\/www.cnbb.org.br\/cnbb-app\/wp\/v2\/types\/post"}],"author":[{"embeddable":true,"href":"https:\/\/www.cnbb.org.br\/cnbb-app\/wp\/v2\/users\/141"}],"replies":[{"embeddable":true,"href":"https:\/\/www.cnbb.org.br\/cnbb-app\/wp\/v2\/comments?post=933447"}],"version-history":[{"count":7,"href":"https:\/\/www.cnbb.org.br\/cnbb-app\/wp\/v2\/posts\/933447\/revisions"}],"predecessor-version":[{"id":933458,"href":"https:\/\/www.cnbb.org.br\/cnbb-app\/wp\/v2\/posts\/933447\/revisions\/933458"}],"wp:featuredmedia":[{"embeddable":true,"href":"https:\/\/www.cnbb.org.br\/cnbb-app\/wp\/v2\/media\/933451"}],"wp:attachment":[{"href":"https:\/\/www.cnbb.org.br\/cnbb-app\/wp\/v2\/media?parent=933447"}],"wp:term":[{"taxonomy":"category","embeddable":true,"href":"https:\/\/www.cnbb.org.br\/cnbb-app\/wp\/v2\/categories?post=933447"},{"taxonomy":"post_tag","embeddable":true,"href":"https:\/\/www.cnbb.org.br\/cnbb-app\/wp\/v2\/tags?post=933447"}],"curies":[{"name":"wp","href":"https:\/\/api.w.org\/{rel}","templated":true}]}}