{"id":933463,"date":"2022-11-11T14:55:38","date_gmt":"2022-11-11T17:55:38","guid":{"rendered":"https:\/\/www.cnbb.org.br\/?p=933463"},"modified":"2022-11-11T14:56:02","modified_gmt":"2022-11-11T17:56:02","slug":"a-pobreza-de-cristo-e-a-fome-dos-pobres","status":"publish","type":"post","link":"https:\/\/www.cnbb.org.br\/a-pobreza-de-cristo-e-a-fome-dos-pobres\/","title":{"rendered":"A pobreza de Cristo e a fome dos pobres\u00a0"},"content":{"rendered":"<p style=\"text-align: right;\"><strong>Dom Jos\u00e9 Gislon<br \/>\nBispo de Caxias do Sul (RS)<\/strong><\/p>\n<p>&nbsp;<\/p>\n<p style=\"text-align: justify;\"><span data-contrast=\"auto\">Estimados irm\u00e3os e irm\u00e3s em Cristo Jesus! A Igreja Cat\u00f3lica celebra o VI\u00ba Dia Mundial dos Pobres neste segundo domingo do m\u00eas de novembro.<\/span> <span data-contrast=\"auto\">E a mensagem do nosso Papa Francisco nos recorda que \u201c<\/span><i><span data-contrast=\"none\">Jesus Cristo fez-Se pobre por v\u00f3s\u201d\u202f<\/span><\/i><span data-contrast=\"none\">(cf.\u202f<\/span><i><span data-contrast=\"none\">2 Cor<\/span><\/i><span data-contrast=\"none\">\u202f8, 9). Neste per\u00edodo, a Igreja Cat\u00f3lica no Brasil est\u00e1 celebrando o <\/span><span data-contrast=\"auto\">18\u00ba Congresso Eucar\u00edstico Nacional, com o tema: \u201cP\u00e3o em todas as mesas\u201d, e o lema: \u201cRepartiam o p\u00e3o com alegria e n\u00e3o havia necessitados entre eles\u201d (cf. At 2,45-47).<\/span><span data-ccp-props=\"{&quot;134233117&quot;:true,&quot;134233118&quot;:true,&quot;201341983&quot;:0,&quot;335551550&quot;:6,&quot;335551620&quot;:6,&quot;335559739&quot;:160,&quot;335559740&quot;:240}\">\u00a0<\/span><\/p>\n<p style=\"text-align: justify;\"><span data-contrast=\"auto\">Individualmente ou como comunidade de f\u00e9, podemos ter a tenta\u00e7\u00e3o de n\u00e3o nos sentirmos inclu\u00eddos neste apelo prof\u00e9tico do Papa Francisco, o grande motivador desta s\u00e1bia proposta, de termos um dia espec\u00edfico para celebrar, como Igreja, povo de Deus a caminho da casa do Pai, o Dia Mundial dos Pobres. N\u00e3o se trata de olhar o pobre sob a \u00f3tica da ideologia deste ou daquele partido, mas a partir do Evangelho, da dignidade da pessoa humana, conscientes de que, diante de Deus, todos somos necessitados. Muitas das realidades de pobreza no mundo s\u00e3o criadas e alimentadas pela pobreza \u00e9tica e moral daqueles que conduzem os destinos pol\u00edticos e econ\u00f4micos das na\u00e7\u00f5es.\u00a0<\/span><span data-ccp-props=\"{&quot;201341983&quot;:0,&quot;335551550&quot;:6,&quot;335551620&quot;:6,&quot;335559739&quot;:0,&quot;335559740&quot;:240}\">\u00a0<\/span><\/p>\n<p style=\"text-align: justify;\"><span data-contrast=\"auto\">Como pessoas de f\u00e9, n\u00e3o devemos fechar os olhos diante da realidade, achando que assim n\u00e3o nos inquietar\u00e1 ou vamos nos sentir mais seguros, vivendo na indiferen\u00e7a, diante da dignidade ferida e desprezada dos irm\u00e3os. <\/span><span data-contrast=\"none\">O<\/span><span data-contrast=\"none\"> \u201co Corpo de Cristo, partido na sagrada liturgia, deixa-se encontrar pela caridade partilhada no rosto e na pessoa dos irm\u00e3os e irm\u00e3s mais fr\u00e1geis\u201d (Papa Francisco). <\/span><span data-contrast=\"auto\">N\u00e3o se pode considerar os pobres simplesmente como alvos de um trabalho volunt\u00e1rio, praticado uma vez ou outra, improvisadamente, embora este tenha valor humanit\u00e1rio e espiritual. Mas \u00e9 preciso muito mais, pois a consci\u00eancia social e moral da humanidade parece estar sendo anestesiada, tornando-se insens\u00edvel diante dos que sofrem. H\u00e1 gente que cresce, avan\u00e7a nas conquistas, adquire conhecimento acad\u00eamico, elaborando entendimentos sobre o mundo e a vida, mas esquece suas ra\u00edzes e permanece distante da dura realidade dos mais pobres.<\/span><span data-ccp-props=\"{&quot;201341983&quot;:0,&quot;335551550&quot;:6,&quot;335551620&quot;:6,&quot;335559739&quot;:0,&quot;335559740&quot;:240}\">\u00a0<\/span><\/p>\n<p style=\"text-align: justify;\"><span data-contrast=\"none\">\u201cNingu\u00e9m pode sentir-se exonerado da preocupa\u00e7\u00e3o pelos pobres e pela justi\u00e7a social\u00bb (Papa Francisco,\u202f<\/span><a href=\"https:\/\/www.vatican.va\/content\/francesco\/pt\/apost_exhortations\/documents\/papa-francesco_esortazione-ap_20131124_evangelii-gaudium.html%22%20\/l%20%22O_lugar_privilegiado_dos_pobres_no_povo_de_Deus\" target=\"_blank\" rel=\"noopener\"><i><span data-contrast=\"auto\">Evangelii Gaudium<\/span><\/i><\/a><span data-contrast=\"auto\">, 201). Urge encontrar estradas novas que possam ir al\u00e9m da configura\u00e7\u00e3o daquelas pol\u00edt<\/span><span data-contrast=\"none\">icas sociais \u00abconcebidas como uma pol\u00edtica\u202f<\/span><i><span data-contrast=\"none\">para<\/span><\/i><span data-contrast=\"none\">\u202fos pobres, mas nunca\u202f<\/span><i><span data-contrast=\"none\">com<\/span><\/i><span data-contrast=\"none\">\u202fos pobres, nunca\u202f<\/span><i><span data-contrast=\"none\">dos<\/span><\/i><span data-contrast=\"none\">\u202fpobres e muito menos inserida num projeto que re\u00fana os povos\u00bb (Papa Francisco,\u202f<\/span><a href=\"https:\/\/www.vatican.va\/content\/francesco\/pt\/encyclicals\/documents\/papa-francesco_20201003_enciclica-fratelli-tutti.html#169\" target=\"_blank\" rel=\"noopener\"><i><span data-contrast=\"auto\">Fratelli tutti<\/span><\/i><\/a><span data-contrast=\"auto\">, <\/span><span data-contrast=\"none\">169).<\/span><span data-contrast=\"auto\"> A caridade, pela experi\u00eancia da f\u00e9, e o sentido de partilha, pelo qualificado exerc\u00edcio da cidadania, t\u00eam for\u00e7a corretiva e formativa do car\u00e1ter de cada pessoa. Contribuem ainda para que todos se percebam integrantes de uma coletividade, superando o individualismo ego\u00edsta. A pobreza convida cada pessoa a sair de certezas e comodidades que alimentam a mesquinhez e desgastam o valor essencial de ser altru\u00edsta. Sem a coragem audaciosa para erguer os pobres de seu estado de marginaliza\u00e7\u00e3o, com uma escuta amorosa e humilde do grito de quem sofre, n\u00e3o se dar\u00e1 rumo novo \u00e0 sociedade, que continuar\u00e1 imersa nos esquemas de corrup\u00e7\u00e3o, nas manipula\u00e7\u00f5es e descalabros. Os cidad\u00e3os e cidad\u00e3s precisam de uma nova vis\u00e3o de vida, para vencer a mis\u00e9ria moral e a passiva coniv\u00eancia com todo tipo de injusti\u00e7a, que tira a dignidade humana dos filhos e filhas de Deus.<\/span><span data-ccp-props=\"{&quot;201341983&quot;:0,&quot;335551550&quot;:6,&quot;335551620&quot;:6,&quot;335559739&quot;:0,&quot;335559740&quot;:240}\">\u00a0<\/span><\/p>\n<p><span data-ccp-props=\"{&quot;201341983&quot;:0,&quot;335551550&quot;:6,&quot;335551620&quot;:6,&quot;335559739&quot;:0,&quot;335559740&quot;:240}\">\u00a0<\/span><\/p>\n<p>&nbsp;<\/p>\n","protected":false},"excerpt":{"rendered":"<p>Dom Jos\u00e9 Gislon Bispo de Caxias do Sul (RS) &nbsp; Estimados irm\u00e3os e irm\u00e3s em Cristo Jesus! A Igreja Cat\u00f3lica celebra o VI\u00ba Dia Mundial dos Pobres neste segundo domingo do m\u00eas de novembro. E a mensagem do nosso Papa Francisco nos recorda que \u201cJesus Cristo fez-Se pobre por v\u00f3s\u201d\u202f(cf.\u202f2 Cor\u202f8, 9). Neste per\u00edodo, a &hellip;<\/p>\n<p class=\"read-more\"> <a class=\"\" href=\"https:\/\/www.cnbb.org.br\/a-pobreza-de-cristo-e-a-fome-dos-pobres\/\"> <span class=\"screen-reader-text\">A pobreza de Cristo e a fome dos pobres\u00a0<\/span> Leia mais &raquo;<\/a><\/p>\n","protected":false},"author":20,"featured_media":0,"comment_status":"open","ping_status":"open","sticky":false,"template":"","format":"standard","meta":{"site-sidebar-layout":"default","site-content-layout":"default","ast-global-header-display":"","ast-banner-title-visibility":"","ast-main-header-display":"","ast-hfb-above-header-display":"","ast-hfb-below-header-display":"","ast-hfb-mobile-header-display":"","site-post-title":"","ast-breadcrumbs-content":"","ast-featured-img":"","footer-sml-layout":"","theme-transparent-header-meta":"default","adv-header-id-meta":"","stick-header-meta":"","header-above-stick-meta":"","header-main-stick-meta":"","header-below-stick-meta":""},"categories":[758],"tags":[],"acf":[],"_links":{"self":[{"href":"https:\/\/www.cnbb.org.br\/cnbb-app\/wp\/v2\/posts\/933463"}],"collection":[{"href":"https:\/\/www.cnbb.org.br\/cnbb-app\/wp\/v2\/posts"}],"about":[{"href":"https:\/\/www.cnbb.org.br\/cnbb-app\/wp\/v2\/types\/post"}],"author":[{"embeddable":true,"href":"https:\/\/www.cnbb.org.br\/cnbb-app\/wp\/v2\/users\/20"}],"replies":[{"embeddable":true,"href":"https:\/\/www.cnbb.org.br\/cnbb-app\/wp\/v2\/comments?post=933463"}],"version-history":[{"count":2,"href":"https:\/\/www.cnbb.org.br\/cnbb-app\/wp\/v2\/posts\/933463\/revisions"}],"predecessor-version":[{"id":933465,"href":"https:\/\/www.cnbb.org.br\/cnbb-app\/wp\/v2\/posts\/933463\/revisions\/933465"}],"wp:attachment":[{"href":"https:\/\/www.cnbb.org.br\/cnbb-app\/wp\/v2\/media?parent=933463"}],"wp:term":[{"taxonomy":"category","embeddable":true,"href":"https:\/\/www.cnbb.org.br\/cnbb-app\/wp\/v2\/categories?post=933463"},{"taxonomy":"post_tag","embeddable":true,"href":"https:\/\/www.cnbb.org.br\/cnbb-app\/wp\/v2\/tags?post=933463"}],"curies":[{"name":"wp","href":"https:\/\/api.w.org\/{rel}","templated":true}]}}