{"id":933779,"date":"2022-11-18T12:02:48","date_gmt":"2022-11-18T15:02:48","guid":{"rendered":"https:\/\/www.cnbb.org.br\/?p=933779"},"modified":"2022-11-18T12:58:33","modified_gmt":"2022-11-18T15:58:33","slug":"inspirada-pela-fratelli-tutti-a-campanha-para-a-evangelizacao-2022-vai-incentivar-a-cultura-do-encontro","status":"publish","type":"post","link":"https:\/\/www.cnbb.org.br\/inspirada-pela-fratelli-tutti-a-campanha-para-a-evangelizacao-2022-vai-incentivar-a-cultura-do-encontro\/","title":{"rendered":"Inspirada pela Fratelli Tutti, a &#8220;Campanha para a Evangeliza\u00e7\u00e3o 2022&#8221; vai incentivar a cultura do encontro"},"content":{"rendered":"<p style=\"text-align: justify;\">No pr\u00f3ximo domingo, 20 de novembro, data em que a Igreja celebra Cristo Rei, tamb\u00e9m tem in\u00edcio a Campanha para Evangeliza\u00e7\u00e3o 2022 promovida pela Confer\u00eancia Nacional dos Bispos do Brasil (CNBB) e pelas dioceses e Igrejas particulares da Igreja no Brasil. Com o tema \u201cEvangelizar: gra\u00e7a e miss\u00e3o que se d\u00e1 no encontro\u201d, a iniciativa busca mobilizar os cat\u00f3licos para a corresponsabilidade na sustenta\u00e7\u00e3o das atividades evangelizadoras da Igreja e tem como ponto alto a coleta realizada nas comunidades, no 3\u00ba Domingo do Advento, este ano, nos dias 10 e 11 de dezembro.<\/p>\n<p style=\"text-align: justify;\">O tema desta edi\u00e7\u00e3o est\u00e1 em sintonia com o 3\u00ba Ano Vocacional celebrado pela Igreja no Brasil de 20 de novembro de 2022 a 26 de novembro de 2023, com o tema \u201cVoca\u00e7\u00e3o: Gra\u00e7a e Miss\u00e3o\u201d. A reflex\u00e3o proposta para esta Campanha para a Evangeliza\u00e7\u00e3o recorda que evangelizar \u00e9 a voca\u00e7\u00e3o da Igreja e, nela, a voca\u00e7\u00e3o de cada batizado, disc\u00edpulo mission\u00e1rio de Jesus Cristo. \u201cEssa voca\u00e7\u00e3o \u00e9 dom e compromisso, ou seja, \u00e9 gra\u00e7a e miss\u00e3o, a qual se realiza no encontro interpessoal, intercomunit\u00e1rio, intergeracional, etc.\u201d, destaca um trecho do texto-base.<\/p>\n<h3>Promover a cultura do encontro<\/h3>\n<p style=\"text-align: justify;\">\u201cNeste Tempo do Advento, no qual se realiza o tempo forte da Campanha para a Evangeliza\u00e7\u00e3o, Deus vem ao nosso encontro e renova a nossa esperan\u00e7a de um mundo novo. Queremos, portanto, convidar todos os crist\u00e3os e demais pessoas de boa vontade a intensificar: o encontro com a Palavra; o encontro com o Cristo-P\u00e3o; o encontro com os irm\u00e3os que sofrem; e o encontro mission\u00e1rio\u201d, l\u00ea-se no texto-base.<\/p>\n<p>Assim, de acordo com a reflex\u00e3o apresentada, a Igreja no Brasil vai reavivar os quatro pilares da a\u00e7\u00e3o evangelizadora \u2014 Palavra, P\u00e3o, Caridade e A\u00e7\u00e3o Mission\u00e1ria \u2014 propostos pelas Diretrizes Gerais da A\u00e7\u00e3o Evangelizadora da Igreja no Brasil (DGAE, 2019-2023). Desta forma, espera-se dos crist\u00e3os cat\u00f3licos a tomada de consci\u00eancia de que n\u00e3o existe evangeliza\u00e7\u00e3o sem encontro interpessoal.<\/p>\n<p><em>\u201cA partir deste encontro, entenderemos igualmente que precisamos mais do que nunca nos comprometer com a obra evangelizadora, deixando-nos encontrar, saindo ao encontro do outro e promovendo a cultura do encontro\u201d.<\/em><\/p>\n<p>As reflex\u00f5es sobre o tema proposto no texto-base da campanha tamb\u00e9m retomam explica\u00e7\u00f5es do Papa Francisco para edificar a cultura do encontro, em especial a partir de trechos da enc\u00edclica Fratelli Tutti, sobre a amizade e a paz social.<\/p>\n<h3>A Campanha<\/h3>\n<p style=\"text-align: justify;\">A Campanha da Evangeliza\u00e7\u00e3o foi criada pela CNBB em 1998 e busca mobilizar os cat\u00f3licos para que assumam a corresponsabilidade na sustenta\u00e7\u00e3o das atividades evangelizadoras da Igreja. Ela ocorre a partir do Domingo de Cristo Rei, neste ano em 20 de novembro, at\u00e9 o 3\u00ba Domingo do Advento, celebrado neste ano em 11 de dezembro.<\/p>\n<p>A distribui\u00e7\u00e3o dos recursos \u00e9 feita da seguinte forma: 45% do montante arrecadado permanecem na diocese para subsidiar a a\u00e7\u00e3o mission\u00e1ria, evangelizadora e pastoral da pr\u00f3pria Igreja local; 20% do total arrecadado s\u00e3o encaminhados para os regionais da CNBB, com a mesma finalidade, sustentar as estruturas regionais de evangeliza\u00e7\u00e3o; e os demais 35% destinam-se \u00e0 CNBB nacional, de forma a garantir iniciativas e estruturas evangelizadoras em todo o Brasil, especialmente nas regi\u00f5es mais carentes.<\/p>\n<h3>A\u00e7\u00f5es financiadas<\/h3>\n<p style=\"text-align: justify;\">Os recursos da Coleta para a Evangeliza\u00e7\u00e3o garantem que a Igreja no Brasil d\u00ea continuidade ao an\u00fancio e testemunho do Evangelho desde as \u00e1reas mission\u00e1rias at\u00e9 \u00e0s periferias das grandes cidades, passando pelas a\u00e7\u00f5es pastorais e pela articula\u00e7\u00e3o das comunidades eclesiais mission\u00e1rias, al\u00e9m de contribuir para a manuten\u00e7\u00e3o da Confer\u00eancia Nacional dos Bispos do Brasil (CNBB).<\/p>\n<p>Uma dessas iniciativas financiadas \u00e9 organiza\u00e7\u00e3o da A\u00e7\u00e3o Solid\u00e1ria Emergencial \u201c\u00c9 tempo de cuidar\u201d, da Confer\u00eancia Nacional dos Bispos do Brasil (CNBB) e C\u00e1ritas Brasileira, em parceria com a Confer\u00eancia dos Religiosos do Brasil (CRB), o Movimento de Educa\u00e7\u00e3o de Base (MEB) e a Associa\u00e7\u00e3o Nacional de Educa\u00e7\u00e3o Cat\u00f3lica do Brasil (Anec). Com um alcance de mais de 1,1 milh\u00e3o de pessoas beneficiadas, foram arrecadados em recursos financeiros mais de R$ 4,5 milh\u00f5es e distribu\u00eddos cerca de 5,9 milh\u00f5es de quilos de alimentos.<\/p>\n<p>O balan\u00e7o aponta ainda que as popula\u00e7\u00f5es em situa\u00e7\u00e3o de vulnerabilidade receberam 713 mil refei\u00e7\u00f5es prontas, 675 mil pe\u00e7as de roupas e cal\u00e7ados, al\u00e9m de 405 mil kits de higiene pessoal e 409 mil equipamentos de prote\u00e7\u00e3o individual. Outra iniciativa em \u00e2mbito nacional que tem como foco lutar e proteger as mais diversas formas de vida, \u00e9 o Pacto pela Vida e pelo Brasil.<\/p>\n<p>Contribuiu ainda na viabiliza\u00e7\u00e3o de importantes publica\u00e7\u00f5es como Estudo 114 da CNBB \u2013 Em 2021, foi publicado o Estudo 114 da CNBB: \u201cE a Palavra habitou entre n\u00f3s\u201d (Jo 1,14) \u2013 Anima\u00e7\u00e3o B\u00edblica da Pastoral a partir das comunidades eclesiais mission\u00e1rias, do \u201cCelebrar em Fam\u00edlia\u201d subs\u00eddio que foi ofertado, durante a pandemia, pela Comiss\u00e3o Episcopal Pastoral para a Liturgia da Confer\u00eancia Nacional dos Bispos do Brasil (CNBB). O material come\u00e7ou a ser elaborado e disponibilizado para download diante da necessidade de isolamento social para enfrentar a pandemia do novo coronav\u00edrus.<\/p>\n<p><strong>Saiba mais:<\/strong><br \/>\n<a href=\"https:\/\/www.cnbb.org.br\/pecas-comunicacao-campanha-evangelizacao-2022\/\">Pe\u00e7as de comunica\u00e7\u00e3o da Campanha para a Evangeliza\u00e7\u00e3o (cnbb.org.br)<\/a><\/p>\n","protected":false},"excerpt":{"rendered":"<p>A iniciativa busca mobilizar os cat\u00f3licos para a corresponsabilidade na sustenta\u00e7\u00e3o das atividades evangelizadoras da Igreja e tem como ponto alto a coleta realizada nas comunidades, no 3\u00ba Domingo do Advento, este ano, nos dias 10 e 11 de dezembro. O tema desta edi\u00e7\u00e3o \u00e9 \u201cEvangelizar: gra\u00e7a e miss\u00e3o que se d\u00e1 no encontro\u201d<\/p>\n","protected":false},"author":142,"featured_media":933781,"comment_status":"open","ping_status":"open","sticky":false,"template":"","format":"standard","meta":{"site-sidebar-layout":"default","site-content-layout":"default","ast-global-header-display":"","ast-banner-title-visibility":"","ast-main-header-display":"","ast-hfb-above-header-display":"","ast-hfb-below-header-display":"","ast-hfb-mobile-header-display":"","site-post-title":"","ast-breadcrumbs-content":"","ast-featured-img":"","footer-sml-layout":"","theme-transparent-header-meta":"default","adv-header-id-meta":"","stick-header-meta":"","header-above-stick-meta":"","header-main-stick-meta":"","header-below-stick-meta":""},"categories":[50,761],"tags":[4789,4788],"acf":[],"_links":{"self":[{"href":"https:\/\/www.cnbb.org.br\/cnbb-app\/wp\/v2\/posts\/933779"}],"collection":[{"href":"https:\/\/www.cnbb.org.br\/cnbb-app\/wp\/v2\/posts"}],"about":[{"href":"https:\/\/www.cnbb.org.br\/cnbb-app\/wp\/v2\/types\/post"}],"author":[{"embeddable":true,"href":"https:\/\/www.cnbb.org.br\/cnbb-app\/wp\/v2\/users\/142"}],"replies":[{"embeddable":true,"href":"https:\/\/www.cnbb.org.br\/cnbb-app\/wp\/v2\/comments?post=933779"}],"version-history":[{"count":10,"href":"https:\/\/www.cnbb.org.br\/cnbb-app\/wp\/v2\/posts\/933779\/revisions"}],"predecessor-version":[{"id":933786,"href":"https:\/\/www.cnbb.org.br\/cnbb-app\/wp\/v2\/posts\/933779\/revisions\/933786"}],"wp:featuredmedia":[{"embeddable":true,"href":"https:\/\/www.cnbb.org.br\/cnbb-app\/wp\/v2\/media\/933781"}],"wp:attachment":[{"href":"https:\/\/www.cnbb.org.br\/cnbb-app\/wp\/v2\/media?parent=933779"}],"wp:term":[{"taxonomy":"category","embeddable":true,"href":"https:\/\/www.cnbb.org.br\/cnbb-app\/wp\/v2\/categories?post=933779"},{"taxonomy":"post_tag","embeddable":true,"href":"https:\/\/www.cnbb.org.br\/cnbb-app\/wp\/v2\/tags?post=933779"}],"curies":[{"name":"wp","href":"https:\/\/api.w.org\/{rel}","templated":true}]}}