{"id":933836,"date":"2022-11-21T11:27:36","date_gmt":"2022-11-21T14:27:36","guid":{"rendered":"https:\/\/www.cnbb.org.br\/?p=933836"},"modified":"2022-11-21T11:28:01","modified_gmt":"2022-11-21T14:28:01","slug":"3o-ano-vocacional-do-brasil-3","status":"publish","type":"post","link":"https:\/\/www.cnbb.org.br\/3o-ano-vocacional-do-brasil-3\/","title":{"rendered":"3\u00ba Ano Vocacional do Brasil"},"content":{"rendered":"<p style=\"text-align: right;\"><b><span data-contrast=\"none\">Dom Carmo Jo\u00e3o Rhoden<\/span><\/b><span data-ccp-props=\"{&quot;201341983&quot;:0,&quot;335551550&quot;:2,&quot;335551620&quot;:2,&quot;335559739&quot;:160,&quot;335559740&quot;:257}\"><br \/>\n<\/span><b><span data-contrast=\"none\">Bispo Em\u00e9rito de Taubat\u00e9 (SP)<\/span><\/b><span data-ccp-props=\"{&quot;201341983&quot;:0,&quot;335551550&quot;:2,&quot;335551620&quot;:2,&quot;335559739&quot;:160,&quot;335559740&quot;:257}\">\u00a0<\/span><\/p>\n<p>&nbsp;<\/p>\n<p style=\"text-align: justify;\"><span data-contrast=\"auto\">Tema Voca\u00e7\u00e3o: gra\u00e7a e miss\u00e3o. Lema: Cora\u00e7\u00f5es ardentes, p\u00e9s a caminho.<\/span><span data-ccp-props=\"{&quot;201341983&quot;:0,&quot;335559739&quot;:160,&quot;335559740&quot;:259}\">\u00a0<\/span><\/p>\n<p style=\"text-align: justify;\"><span data-contrast=\"auto\">Explica\u00e7\u00e3o inicial. Aos que estavam, sem nada fazer, Jesus disse: \u201cide, tamb\u00e9m, v\u00f3s trabalhar na minha vinha e Eu vos darei o que \u00e9 justo. Eles foram\u201d. E n\u00f3s, hoje? (cf. Mt 20,3-4). Iremos tamb\u00e9m? A decis\u00e3o \u00e9 sua. \u00c9 nossa. \u00c9 de todos.<\/span><span data-ccp-props=\"{&quot;201341983&quot;:0,&quot;335559739&quot;:160,&quot;335559740&quot;:259}\">\u00a0<\/span><\/p>\n<p style=\"text-align: justify;\"><span data-contrast=\"auto\">P\u00e9s n\u00e3o faltam&#8230;, a gra\u00e7a de Deus, tamb\u00e9m n\u00e3o. O que acontece ent\u00e3o? Infelizmente Faltam, cora\u00e7\u00f5es ardentes, para dizer sim, ou ent\u00e3o, \u201cenvia-me Senhor. Irei, como Isaias\u201d? (Is 6,8)\u00a0\u00a0<\/span><span data-ccp-props=\"{&quot;201341983&quot;:0,&quot;335559739&quot;:160,&quot;335559740&quot;:259}\">\u00a0<\/span><\/p>\n<p style=\"text-align: justify;\"><b><span data-contrast=\"auto\">1\u00aa <\/span><\/b><span data-contrast=\"auto\">Voca\u00e7\u00e3o: gra\u00e7a e miss\u00e3o. Esta tem\u00e1tica est\u00e1 presente na reflex\u00e3o da CNBB, h\u00e1 mais tempo. Na situa\u00e7\u00e3o atual, mais do que nunca, tal realidade se tornou preocupante. De resto, n\u00e3o basta que a CNBB \u2013 Confer\u00eancia Nacional do Bispos do Brasil \u2013\u00a0 se interesse, mesmo que muito, pela causa vocacional. A preocupa\u00e7\u00e3o deve ser, sempre, e de todas as comunidades cat\u00f3licas. Ali\u00e1s, com raz\u00e3o. At\u00e9, porque, antigamente, se falava em voca\u00e7\u00e3o, restringindo-a<\/span><span data-contrast=\"auto\"> \u00e0s voca\u00e7\u00f5es religioso-sacerdotais. Isso, foi um <\/span><span data-contrast=\"auto\">depauperamento teol\u00f3gico. De fato, tempo houve em que se dizia: este filho (a) tem voca\u00e7\u00e3o. Deve tornar-se sacerdote ou abra\u00e7ar a vida religiosa. Os outros dever\u00e3o se casar: n\u00e3o tem voca\u00e7\u00e3o. Que lastima! O tema se tornou t\u00e3o importante, que mereceu ser objeto de reflex\u00f5es, ora\u00e7\u00f5es e celebra\u00e7\u00f5es. Mais. Dever\u00e1 ser realizado, um grande trabalho, entre o povo cat\u00f3lico. Todos s\u00e3o religiosamente convocados. Desejo, apenas, de minha parte, mostrar a todos, que isso \u00e9 muito bom, talvez at\u00e9 <\/span><span data-contrast=\"auto\">\u00f3timo<\/span><span data-contrast=\"auto\">. Rezar, refletir \u00e9 sumamente oportuno. Ali\u00e1s, isso, j\u00e1 foi bastante acentuado, o que, no entanto, precisa ser mais ressaltado,<\/span><span data-contrast=\"auto\"> \u00e9 a necessidade de vida mais <\/span><span data-contrast=\"auto\">aut\u00eantica, por parte dos vocacionados. \u00c9 preciso ser mais coerente. Deus n\u00e3o falha na concess\u00e3o da gra\u00e7a. \u00c9 preciso, por\u00e9m, pedi-la, como, j\u00e1, afirmava Pio XII. \u00c9 necess\u00e1rio, outrossim, que os em fase de decis\u00e3o, aceitem o dom da voca\u00e7\u00e3o. \u00c9 tamb\u00e9m, urgente que cessem os esc\u00e2ndalos, j\u00e1 demasiado frequentes, nas igrejas&#8230;\u00a0<\/span><span data-ccp-props=\"{&quot;201341983&quot;:0,&quot;335551550&quot;:6,&quot;335551620&quot;:6,&quot;335559739&quot;:160,&quot;335559740&quot;:259}\">\u00a0<\/span><\/p>\n<p style=\"text-align: justify;\"><b><span data-contrast=\"auto\">2\u00ba <\/span><\/b><span data-contrast=\"auto\">Jesus continua dizer aos seus disc\u00edpulos: ide, tamb\u00e9m v\u00f3s, trabalhar na minha vinha. (Mt 20,3-4) Jesus n\u00e3o mudou de t\u00e1tica. Ele chama, transforma e envia. Ademais, a messe continua grande e n\u00e3o cessa de crescer, sempre mais. No mundo, j\u00e1, somos 8 bilh\u00f5es. Jesus chamou outrora S\u00e3o Jo\u00e3o, S\u00e3o Paulo, S\u00e3o Tim\u00f3teo, Santo Irineu, Santo Agostinho, S\u00e3o Francisco de Assis, Santa M\u00f4nica, Santa Edith Stein, Santa Teresa de Calcut\u00e1, Gianna, B. Molla e Padre Dehon SCJ, bem como outros mais. Todos podem notar: foram citados, tanto homens quanto mulheres. N\u00e3o esquecemos, santos religiosos, sacerdotes bem como santas m\u00e3es de fam\u00edlias, ou seja, leigas.<\/span><span data-ccp-props=\"{&quot;201341983&quot;:0,&quot;335551550&quot;:6,&quot;335551620&quot;:6,&quot;335559739&quot;:160,&quot;335559740&quot;:259}\">\u00a0<\/span><\/p>\n<p style=\"text-align: justify;\"><b><span data-contrast=\"auto\">3\u00ba <\/span><\/b><span data-contrast=\"auto\">Olhando, retrospectivamente, constatamos haver uma verdadeira pl\u00eaiade de grandes homens e mulheres. Olhando, prospectivamente, percebemos muita car\u00eancia de oper\u00e1rios para a edifica\u00e7\u00e3o do Reino de Deus. N\u00e3o bastam altares, nem apenas o desejo do c\u00e9u, para os crist\u00e3os. \u00c9 preciso lutar pelo crescimento do Reino, pelo qual Jesus deu sua vida. \u00c9 necess\u00e1rio, outrossim, conscientizarmo-nos de que o Reino, hoje, \u00e9 confiado a n\u00f3s. N\u00e3o podemos, portanto, ser omissos, nem negligentes. Participemos, ent\u00e3o, amorosa, perseverante e convictamente, da realiza\u00e7\u00e3o deste 3\u00ba ano vocacional e da pastoral em fun\u00e7\u00e3o das voca\u00e7\u00f5es de nessas par\u00f3quias.<\/span><span data-ccp-props=\"{&quot;201341983&quot;:0,&quot;335551550&quot;:6,&quot;335551620&quot;:6,&quot;335559739&quot;:160,&quot;335559740&quot;:259}\">\u00a0<\/span><\/p>\n<p><span data-ccp-props=\"{&quot;201341983&quot;:0,&quot;335551550&quot;:2,&quot;335551620&quot;:2,&quot;335559739&quot;:160,&quot;335559740&quot;:257}\">\u00a0<\/span><\/p>\n<p>&nbsp;<\/p>\n","protected":false},"excerpt":{"rendered":"<p>Dom Carmo Jo\u00e3o Rhoden Bispo Em\u00e9rito de Taubat\u00e9 (SP)\u00a0 &nbsp; Tema Voca\u00e7\u00e3o: gra\u00e7a e miss\u00e3o. Lema: Cora\u00e7\u00f5es ardentes, p\u00e9s a caminho.\u00a0 Explica\u00e7\u00e3o inicial. Aos que estavam, sem nada fazer, Jesus disse: \u201cide, tamb\u00e9m, v\u00f3s trabalhar na minha vinha e Eu vos darei o que \u00e9 justo. Eles foram\u201d. E n\u00f3s, hoje? (cf. Mt 20,3-4). Iremos &hellip;<\/p>\n<p class=\"read-more\"> <a class=\"\" href=\"https:\/\/www.cnbb.org.br\/3o-ano-vocacional-do-brasil-3\/\"> <span class=\"screen-reader-text\">3\u00ba Ano Vocacional do Brasil<\/span> Leia mais &raquo;<\/a><\/p>\n","protected":false},"author":132,"featured_media":0,"comment_status":"open","ping_status":"open","sticky":false,"template":"","format":"standard","meta":{"site-sidebar-layout":"default","site-content-layout":"default","ast-global-header-display":"","ast-banner-title-visibility":"","ast-main-header-display":"","ast-hfb-above-header-display":"","ast-hfb-below-header-display":"","ast-hfb-mobile-header-display":"","site-post-title":"","ast-breadcrumbs-content":"","ast-featured-img":"","footer-sml-layout":"","theme-transparent-header-meta":"default","adv-header-id-meta":"","stick-header-meta":"","header-above-stick-meta":"","header-main-stick-meta":"","header-below-stick-meta":""},"categories":[758],"tags":[],"acf":[],"_links":{"self":[{"href":"https:\/\/www.cnbb.org.br\/cnbb-app\/wp\/v2\/posts\/933836"}],"collection":[{"href":"https:\/\/www.cnbb.org.br\/cnbb-app\/wp\/v2\/posts"}],"about":[{"href":"https:\/\/www.cnbb.org.br\/cnbb-app\/wp\/v2\/types\/post"}],"author":[{"embeddable":true,"href":"https:\/\/www.cnbb.org.br\/cnbb-app\/wp\/v2\/users\/132"}],"replies":[{"embeddable":true,"href":"https:\/\/www.cnbb.org.br\/cnbb-app\/wp\/v2\/comments?post=933836"}],"version-history":[{"count":1,"href":"https:\/\/www.cnbb.org.br\/cnbb-app\/wp\/v2\/posts\/933836\/revisions"}],"predecessor-version":[{"id":933837,"href":"https:\/\/www.cnbb.org.br\/cnbb-app\/wp\/v2\/posts\/933836\/revisions\/933837"}],"wp:attachment":[{"href":"https:\/\/www.cnbb.org.br\/cnbb-app\/wp\/v2\/media?parent=933836"}],"wp:term":[{"taxonomy":"category","embeddable":true,"href":"https:\/\/www.cnbb.org.br\/cnbb-app\/wp\/v2\/categories?post=933836"},{"taxonomy":"post_tag","embeddable":true,"href":"https:\/\/www.cnbb.org.br\/cnbb-app\/wp\/v2\/tags?post=933836"}],"curies":[{"name":"wp","href":"https:\/\/api.w.org\/{rel}","templated":true}]}}