{"id":933845,"date":"2022-11-21T13:19:21","date_gmt":"2022-11-21T16:19:21","guid":{"rendered":"https:\/\/www.cnbb.org.br\/?p=933845"},"modified":"2022-11-21T13:30:06","modified_gmt":"2022-11-21T16:30:06","slug":"abertura-do-3o-ano-vocacional-e-marcada-por-coletiva-de-imprensa","status":"publish","type":"post","link":"https:\/\/www.cnbb.org.br\/abertura-do-3o-ano-vocacional-e-marcada-por-coletiva-de-imprensa\/","title":{"rendered":"Abertura do 3\u00ba Ano Vocacional \u00e9 marcada por coletiva de imprensa realizada no Santu\u00e1rio Nacional"},"content":{"rendered":"<p style=\"text-align: justify;\">O 3\u00ba Ano Vocacional, em n\u00edve<span style=\"font-size: 16px;\">l nacional, iniciou-se com a celebra\u00e7\u00e3o da Eucaristia no Santu\u00e1rio Nacional de Aparecida, no s\u00e1bado, dia 19, precedido por uma coletiva de imprensa que contou com a presen\u00e7a de dom Jo\u00e3o Francisco Salm, presidente da Comiss\u00e3o para os Minist\u00e9rios Ordenados e a Vida Consagrada da Confer\u00eancia Nacional dos Bispos do Brasil (CNBB), da irm\u00e3 Maristela Ganassini, assessora do Setor Juventudes e Voca\u00e7\u00f5es da Confer\u00eancia dos Religiosos do Brasil (CRB) e a presidente do Conselho Nacional do Laicato no Brasil (CNLB), S\u00f4nia Gomes de Oliveira.<\/span><\/p>\n<p style=\"text-align: justify;\">Na coletiva, o presidente da Comiss\u00e3o para os Minist\u00e9rios Ordenados e a Vida Consagrada, dom Jo\u00e3o Francisco Salm, destacou que o Ano Vocacional 2023 surgiu do IV Congresso Vocacional do Brasil, posteriormente aprovado por unanimidade pela Assembleia Geral da Confer\u00eancia Nacional dos Bispos do Brasil (CNBB). Com o tema <strong>&#8220;Voca\u00e7\u00e3o: Gra\u00e7a e Miss\u00e3o&#8221;<\/strong> e o lema<strong> &#8220;Cora\u00e7\u00f5es ardentes, p\u00e9s a caminho&#8221;<\/strong> se procurou \u201crefletir aquilo que a Igreja neste momento precisa, aquilo que pudesse ser de fato resposta e inspira\u00e7\u00e3o para essa experi\u00eancia t\u00e3o especial, todo um ano dedicado \u00e0 quest\u00e3o das voca\u00e7\u00f5es\u201d, segundo dom Jo\u00e3o Salm.<\/p>\n<p style=\"text-align: justify;\">O presidente da Comiss\u00e3o para os Minist\u00e9rios Ordenados e a Vida Consagrada destacou que nos elementos recolhidos apareceu \u201cuma Igreja de comunh\u00e3o, uma Igreja de sinodalidade, que fosse uma Igreja do Vaticano II, que houvesse o esp\u00edrito de uma Igreja mission\u00e1ria, uma Igreja em sa\u00edda, uma Igreja aberta aos pobres, uma Igreja que se colocasse ao servi\u00e7o de Jesus Cristo na vida D\u00b4ele doada \u00e0 humanidade hoje, de acordo com as necessidades do nosso tempo\u201d.<\/p>\n<figure id=\"attachment_933863\" aria-describedby=\"caption-attachment-933863\" style=\"width: 300px\" class=\"wp-caption alignleft\"><img decoding=\"async\" loading=\"lazy\" class=\"wp-image-933863 size-medium\" src=\"https:\/\/www.cnbb.org.br\/wp-content\/uploads\/2022\/11\/D.-Salm-300x169.jpeg\" alt=\"\" width=\"300\" height=\"169\" srcset=\"https:\/\/www.cnbb.org.br\/wp-content\/uploads\/2022\/11\/D.-Salm-300x169.jpeg 300w, https:\/\/www.cnbb.org.br\/wp-content\/uploads\/2022\/11\/D.-Salm-500x281.jpeg 500w, https:\/\/www.cnbb.org.br\/wp-content\/uploads\/2022\/11\/D.-Salm.jpeg 750w\" sizes=\"(max-width: 300px) 100vw, 300px\" \/><figcaption id=\"caption-attachment-933863\" class=\"wp-caption-text\">D. Salm<\/figcaption><\/figure>\n<p style=\"text-align: justify;\">O bispo de Novo Hamburgo destacou a import\u00e2ncia de trabalhar a voca\u00e7\u00e3o como \u201cuma experi\u00eancia, uma realidade que diz respeito a toda vida humana\u201d, insistindo em que todo batizado, \u201ccada um, cada uma, vive uma voca\u00e7\u00e3o espec\u00edfica\u201d. Lembrando a exorta\u00e7\u00e3o do S\u00ednodo da Juventude, o bispo definiu a voca\u00e7\u00e3o como \u201cum entrela\u00e7amento entre Deus que toma a iniciativa e a pessoa humana na sua resposta livre\u201d, ressaltando a dimens\u00e3o de liberdade presente em toda voca\u00e7\u00e3o.<\/p>\n<blockquote>\n<p style=\"text-align: justify;\">&#8220;Da\u00ed surge a vis\u00e3o da voca\u00e7\u00e3o como gra\u00e7a, como dom, como algo que tem uma dimens\u00e3o de Mist\u00e9rio, presente no tema, e o encontro com Jesus, que faz arder o cora\u00e7\u00e3o e nos p\u00f5e a caminho, elemento presente no lema&#8221;, insistiu dom Salm.<\/p>\n<\/blockquote>\n<h3><strong>Despertar vocacional das juventudes<\/strong><\/h3>\n<figure id=\"attachment_933864\" aria-describedby=\"caption-attachment-933864\" style=\"width: 300px\" class=\"wp-caption alignright\"><img decoding=\"async\" loading=\"lazy\" class=\"wp-image-933864 size-medium\" src=\"https:\/\/www.cnbb.org.br\/wp-content\/uploads\/2022\/11\/Ir.-Maristela-300x169.jpeg\" alt=\"\" width=\"300\" height=\"169\" srcset=\"https:\/\/www.cnbb.org.br\/wp-content\/uploads\/2022\/11\/Ir.-Maristela-300x169.jpeg 300w, https:\/\/www.cnbb.org.br\/wp-content\/uploads\/2022\/11\/Ir.-Maristela-500x281.jpeg 500w, https:\/\/www.cnbb.org.br\/wp-content\/uploads\/2022\/11\/Ir.-Maristela.jpeg 750w\" sizes=\"(max-width: 300px) 100vw, 300px\" \/><figcaption id=\"caption-attachment-933864\" class=\"wp-caption-text\">Ir. Maristela<\/figcaption><\/figure>\n<p style=\"text-align: justify;\">Em sua fala, a irm\u00e3 <span style=\"font-size: 16px; font-style: normal; font-weight: 400;\">Maristela Ganasini, assessora do Setor Juventudes da Confer\u00eancia dos Religiosos do Brasil (CRB), apontou que os<\/span> outros dois anos vocacionais, realizados h\u00e1 40 e 20 anos, \u201ctraziam a perspectiva do caminho para a cultura vocacional, algo que tem como objetivo este terceiro ano, buscando \u201coportunizar \u00e0s nossas juventudes o despertar vocacional\u201d.<\/p>\n<p style=\"text-align: justify;\">A religiosa destacou que a primeira voca\u00e7\u00e3o \u00e9 \u00e0 vida, o que depois leva a fazer uma escolha a uma voca\u00e7\u00e3o espec\u00edfica. A religiosa das Filhas do Sagrado Cora\u00e7\u00e3o de Jesus destacou a import\u00e2ncia de esta ser \u201cuma tem\u00e1tica transversal, que vai perpassando nas nossas comunidades, nas nossas fam\u00edlias\u201d. Junto com isso, \u201cnos tornarmos sens\u00edveis, olhar para todas as voca\u00e7\u00f5es\u201d, sem ficar s\u00f3 no ser padre ou irm\u00e3.<\/p>\n<p style=\"text-align: justify;\">Tamb\u00e9m destacou a import\u00e2ncia da teologia da gra\u00e7a, de ser mission\u00e1rios, igreja em sa\u00edda, do acompanhamento personalizado das juventudes e fazer o convite direto \u00e0s voca\u00e7\u00f5es espec\u00edficas. Um outro elemento que deve, segundo a religiosa, s\u00e3o as equipes vocacionais, buscando incentivar uma din\u00e2mica que perpasse todas as pastorais e movimentos.<\/p>\n<h3><strong>Voca\u00e7\u00e3o laical<\/strong><\/h3>\n<figure id=\"attachment_933865\" aria-describedby=\"caption-attachment-933865\" style=\"width: 300px\" class=\"wp-caption alignleft\"><img decoding=\"async\" loading=\"lazy\" class=\"wp-image-933865 size-medium\" src=\"https:\/\/www.cnbb.org.br\/wp-content\/uploads\/2022\/11\/Sonia-Gomes-300x169.jpeg\" alt=\"\" width=\"300\" height=\"169\" srcset=\"https:\/\/www.cnbb.org.br\/wp-content\/uploads\/2022\/11\/Sonia-Gomes-300x169.jpeg 300w, https:\/\/www.cnbb.org.br\/wp-content\/uploads\/2022\/11\/Sonia-Gomes-500x281.jpeg 500w, https:\/\/www.cnbb.org.br\/wp-content\/uploads\/2022\/11\/Sonia-Gomes.jpeg 750w\" sizes=\"(max-width: 300px) 100vw, 300px\" \/><figcaption id=\"caption-attachment-933865\" class=\"wp-caption-text\">S\u00f4nia Gomes<\/figcaption><\/figure>\n<p style=\"text-align: justify;\">Ao relembrar o Documento 105 da CNBB, a presidente do Conselho Nacional do Laicato do Brasil (CNLB), S\u00f4nia Gomes de Oliveira, afirmou que a voca\u00e7\u00e3o laical nos remete ao \u201cverdadeiro sujeito eclesial, maduro na f\u00e9, testemunha do amor \u00e0 Igreja, a servi\u00e7o dos irm\u00e3os, permanece \u00e0 escuta da Palavra de Deus, obediente \u00e0 inspira\u00e7\u00e3o do Esp\u00edrito, que tenha coragem para dar testemunho na defesa dos irm\u00e3os\u201d. A partir da\u00ed, S\u00f4nia falou sobre o que \u00e9 um sujeito maduro na f\u00e9, afirmando que \u201ca partir do Batismo, n\u00f3s fomos chamados a ser correspons\u00e1veis na evangeliza\u00e7\u00e3o\u201d.<\/p>\n<p style=\"text-align: justify;\">O olhar da voca\u00e7\u00e3o laical, segundo a presidente do CNLB, \u201ctem que ser para o interno da Igreja, olhando o minist\u00e9rio, mas a miss\u00e3o espec\u00edfica nossa \u00e9 na sociedade\u201d. Ela insistiu no testemunho do amor \u00e0 Igreja, \u201cque vem a partir daquilo que n\u00f3s recebemos a partir do nosso ch\u00e3o, a partir da catequese, da vida na comunidade, a partir da vida nos espa\u00e7os onde n\u00f3s estamos\u201d. Junto com isso destacou o servi\u00e7o aos irm\u00e3os, nas periferias, onde a vida est\u00e1 amea\u00e7ada, sendo b\u00e1lsamo e alento.<\/p>\n<blockquote>\n<p style=\"text-align: justify;\">&#8220;Para isso se faz necess\u00e1rio escutar a Palavra para entender que estamos ao servi\u00e7o de Jesus Cristo e evitar que cada um se anuncie a se mesmo. A\u00ed dar testemunho, em espa\u00e7os que precisam da presen\u00e7a do crist\u00e3o leigo, suscitando vocacionados para cada espa\u00e7o, partindo do fato de assumir o Batismo, de ser Igreja&#8221;.<\/p>\n<\/blockquote>\n<h3><strong>Desafios no \u00e2mbito vocacional<\/strong><\/h3>\n<p style=\"text-align: justify;\">No trabalho vocacional, a irm\u00e3 Maristela fez um chamado a aprender com as juventudes, a estar com eles, a sentir, viver o que eles vivem. Junto com isso, o desafio de estar no mundo virtual, nas redes sociais, de evoluir na linguagem, de ressignificar as rela\u00e7\u00f5es internas dentro da vida religiosa, a espiritualidade. Ela pediu para n\u00e3o se preocupar com quantidade e sim com que os vocacionados tenham o ardor mission\u00e1rio. Sempre em um trabalho organizado e contando com os materiais que ajudam a vivenciar o Ano Vocacional.<\/p>\n<p style=\"text-align: justify;\">Falar de voca\u00e7\u00e3o \u00e9 segundo dom Salm, \u201cfalar desses carismas que Deus d\u00e1 a cada um\u201d. Em um tempo de transforma\u00e7\u00e3o, em que o mundo vive uma grande crise, em uma mudan\u00e7a de \u00e9poca, o bispo de Novo Hamburgo fez um chamado a \u201cdescobrir a pessoa de Jesus, nos encontrarmos com Ele, e a partir d\u00b4Ele come\u00e7ar a fazer um outro trabalho de renova\u00e7\u00e3o das nossas vidas\u201d. Isso em um mundo que n\u00e3o \u00e9 mais de Cristandade e que desafia a fazer crist\u00e3os, recordando as palavras de Tertuliano, a partir do testemunho de vida, destacando a import\u00e2ncia de saber apresentar o modo de viver de Jesus, levando o jovem a uma experi\u00eancia, onde a gente reflete, encontra respostas e faz seguir um caminho novo.<\/p>\n<p style=\"text-align: justify;\">O presidente da Comiss\u00e3o para os Minist\u00e9rios Ordenados e a Vida Consagrada da CNBB v\u00ea a crise no \u00e2mbito vocacional como momento de possibilidades, ainda mais em um tempo em que precisa-se encontrar caminhos novos, vendo o Ano Vocacional como um tempo de criatividade, chamando a planejar atividades, a pensar o que se quer alcan\u00e7ar. O bispo destacou tr\u00eas \u00e1reas no campo vocacional: a forma\u00e7\u00e3o, a ora\u00e7\u00e3o e o chamado direto a partir de experi\u00eancias impactantes, que s\u00e3o apelo para o jovem.<\/p>\n<p>Confira a coletiva na \u00edntegra:<\/p>\n<div class=\"ast-oembed-container\" style=\"height: 100%;\"><iframe loading=\"lazy\" title=\"Ano Vocacional no Brasil - Coletiva de Abertura: 19\/11\/2022\" width=\"500\" height=\"281\" src=\"https:\/\/www.youtube.com\/embed\/aEwZxRQuqdY?feature=oembed\" frameborder=\"0\" allow=\"accelerometer; autoplay; clipboard-write; encrypted-media; gyroscope; picture-in-picture\" allowfullscreen><\/iframe><\/div>\n<p>&nbsp;<\/p>\n<pre style=\"text-align: justify;\">Com informa\u00e7\u00f5es do padre Modino\/Celam<\/pre>\n<p style=\"text-align: justify;\">\n","protected":false},"excerpt":{"rendered":"<p>O 3\u00ba Ano Vocacional, em n\u00edvel nacional, iniciou-se com a celebra\u00e7\u00e3o da Eucaristia no Santu\u00e1rio Nacional de Aparecida, no s\u00e1bado, dia 19, precedido por uma coletiva de imprensa que contou com a presen\u00e7a de dom Jo\u00e3o Francisco Salm, presidente da Comiss\u00e3o para os Minist\u00e9rios Ordenados e a Vida Consagrada da CNBB; da irm\u00e3 Maristela Ganassini, assessora de Juventudes da CRB e a S\u00f4nia Gomes de Oliveira, presidente do CNLB<\/p>\n","protected":false},"author":141,"featured_media":933880,"comment_status":"open","ping_status":"open","sticky":false,"template":"","format":"standard","meta":{"site-sidebar-layout":"default","site-content-layout":"default","ast-global-header-display":"","ast-banner-title-visibility":"","ast-main-header-display":"","ast-hfb-above-header-display":"","ast-hfb-below-header-display":"","ast-hfb-mobile-header-display":"","site-post-title":"","ast-breadcrumbs-content":"","ast-featured-img":"","footer-sml-layout":"","theme-transparent-header-meta":"default","adv-header-id-meta":"","stick-header-meta":"","header-above-stick-meta":"","header-main-stick-meta":"","header-below-stick-meta":""},"categories":[1841,838],"tags":[4624],"acf":[],"_links":{"self":[{"href":"https:\/\/www.cnbb.org.br\/cnbb-app\/wp\/v2\/posts\/933845"}],"collection":[{"href":"https:\/\/www.cnbb.org.br\/cnbb-app\/wp\/v2\/posts"}],"about":[{"href":"https:\/\/www.cnbb.org.br\/cnbb-app\/wp\/v2\/types\/post"}],"author":[{"embeddable":true,"href":"https:\/\/www.cnbb.org.br\/cnbb-app\/wp\/v2\/users\/141"}],"replies":[{"embeddable":true,"href":"https:\/\/www.cnbb.org.br\/cnbb-app\/wp\/v2\/comments?post=933845"}],"version-history":[{"count":18,"href":"https:\/\/www.cnbb.org.br\/cnbb-app\/wp\/v2\/posts\/933845\/revisions"}],"predecessor-version":[{"id":933878,"href":"https:\/\/www.cnbb.org.br\/cnbb-app\/wp\/v2\/posts\/933845\/revisions\/933878"}],"wp:featuredmedia":[{"embeddable":true,"href":"https:\/\/www.cnbb.org.br\/cnbb-app\/wp\/v2\/media\/933880"}],"wp:attachment":[{"href":"https:\/\/www.cnbb.org.br\/cnbb-app\/wp\/v2\/media?parent=933845"}],"wp:term":[{"taxonomy":"category","embeddable":true,"href":"https:\/\/www.cnbb.org.br\/cnbb-app\/wp\/v2\/categories?post=933845"},{"taxonomy":"post_tag","embeddable":true,"href":"https:\/\/www.cnbb.org.br\/cnbb-app\/wp\/v2\/tags?post=933845"}],"curies":[{"name":"wp","href":"https:\/\/api.w.org\/{rel}","templated":true}]}}