{"id":933915,"date":"2022-11-22T15:58:44","date_gmt":"2022-11-22T18:58:44","guid":{"rendered":"https:\/\/www.cnbb.org.br\/?p=933915"},"modified":"2022-11-23T15:09:10","modified_gmt":"2022-11-23T18:09:10","slug":"num-mundo-super-hiper-e-multi-fechado-somos-chamados-a-ser-comunhao-afirma-dom-joel-ao-grupo-de-assessores-da-cnbb","status":"publish","type":"post","link":"https:\/\/www.cnbb.org.br\/num-mundo-super-hiper-e-multi-fechado-somos-chamados-a-ser-comunhao-afirma-dom-joel-ao-grupo-de-assessores-da-cnbb\/","title":{"rendered":"&#8220;Num mundo super, hiper e multifechado, somos chamados a ser comunh\u00e3o&#8221;, afirma dom Joel ao Grupo de Assessores"},"content":{"rendered":"<p style=\"text-align: justify;\">A \u00faltima reuni\u00e3o do ano do Grupo de Assessores das Comiss\u00f5es Episcopais Pastorais e Especiais da Confer\u00eancia Nacional dos Bispos do Brasil (CNBB), realizada nesta ter\u00e7a-feira, 22 de novembro, foi marcada por uma reflex\u00e3o sobre os caminhos da Igreja no Brasil nestes tempos de polariza\u00e7\u00e3o. Quem conduziu a reflex\u00e3o, cujo objetivo foi levantar pistas para o trabalho pastoral, foi o bispo auxiliar da arquidiocese do Rio de Janeiro (RJ) e secret\u00e1rio-geral da entidade, dom Joel Portella Amado.<\/p>\n<p style=\"text-align: justify;\">O secret\u00e1rio-geral aprofundou a realidade vivida a partir de uma perspectiva mais ampla de &#8220;mudan\u00e7a de \u00e9poca&#8221;, marcada pela crise da modernidade, fen\u00f4meno que est\u00e1 sendo vivenciado n\u00e3o apenas no Brasil, mas mundialmente. De acordo com dom Joel, vive-se um tempo em que predomina a &#8220;subjetividade autorreferencial&#8221;, o que gera seres humanos fechados em si e a nega\u00e7\u00e3o da &#8220;alteridade&#8217;. &#8220;O outro n\u00e3o \u00e9 diferente, o outro \u00e9 oponente e inimigo e, portanto, precisa at\u00e9 mesmo ser eliminado&#8221;, disse.<\/p>\n<p style=\"text-align: justify;\">Para o secret\u00e1rio-geral da CNBB, as consequ\u00eancias desta crise atuam sobre todas as dimens\u00f5es da realidade (eclesial, social, ambiental e pol\u00edtica) neste per\u00edodo caracterizado, pelo Papa Francisco, como uma &#8220;terceira guerra mundial aos peda\u00e7os&#8221;. Dom Joel falou tamb\u00e9m que a rela\u00e7\u00e3o com a modernidade precisa ser mais bem aprofundada.<\/p>\n<p style=\"text-align: justify;\">Outro fen\u00f4meno deste tempo, apontado pelo bispo auxiliar do Rio de Janeiro, \u00e9 a individualiza\u00e7\u00e3o das causas. As principais causas atuais s\u00e3o a ambiental, prote\u00e7\u00e3o de menores, g\u00eanero e ra\u00e7a. S\u00e3o causas importantes, indispens\u00e1veis, afirmou, mas n\u00e3o podem ser exclusivas no sentido de serem vivenciadas em detrimento de uma perspectiva mais ampla de luta pela vida. Essas causas precisam de maior integra\u00e7\u00e3o e articula\u00e7\u00e3o. Dom Joel fez refer\u00eancia \u00e0 enc\u00edclica <em>Laudato Si&#8217;<\/em>, documento do Santo Padre que aponta que tudo est\u00e1 interligado e fala de um s\u00f3 clamor da vida diante de todas as amea\u00e7as.<\/p>\n<p style=\"text-align: justify;\">Dom Joel apontou que o fen\u00f4meno da polariza\u00e7\u00e3o, exacerbada no per\u00edodo eleitoral, atingiu tamb\u00e9m as igrejas, provocando descompassos em \u00e1reas como o discurso sobre a sinodalidade, de um lado, e pr\u00e1tica do combate, de outro; o discurso, por um lado, da Igreja ser fermento e, por outro, as diferentes op\u00e7\u00f5es pol\u00edticas se tornando crit\u00e9rios para a viv\u00eancia do Evangelho. &#8220;Tem crescido uma sensa\u00e7\u00e3o de que n\u00e3o \u00e9 o Evangelho que tem incidido sobre a realidade, mas as op\u00e7\u00f5es pol\u00edticas e ideol\u00f3gicas polarizadas que est\u00e3o predominando sobre aquele&#8221;, disse.<\/p>\n<h3>Caminhos para a Igreja: sociabilidade e ministerialidade<\/h3>\n<p style=\"text-align: justify;\">De acordo com o secret\u00e1rio-geral da CNBB, as pr\u00e1ticas capazes de abrir os olhos e os cora\u00e7\u00f5es para a &#8220;alteridade&#8221; e para a valoriza\u00e7\u00e3o e respeito pelo outro, como o Papa Francisco tem insistido na Fratelli Tutti, s\u00e3o mais importantes que os discursos. Dom Joel defendeu tamb\u00e9m que duas palavras s\u00e3o fundamentais para a Igreja hoje: a sociabilidade e a ministerialidade. &#8220;Sem viver estas duas dimens\u00f5es n\u00e3o vamos responder ao mundo que est\u00e1 a\u00ed&#8221;, disse.<\/p>\n<p style=\"text-align: justify;\">O bispo defendeu que as comunidades eclesiais mission\u00e1rias, assumidas pelo episcopado brasileiro, como espa\u00e7os para cultivar a sociabilidade em pequenos grupos e a partir do sentido de perten\u00e7a, permitem que o relacionamento humano seja mais forte, por exemplo, que as <em>fake news<\/em>. Por meio dessas pequenas comunidades, diversificadas, o princ\u00edpio &#8220;pneumatol\u00f3gico&#8221; da diversidade e de uma Igreja ministerial, desejada pelo Papa Francisco, seja respeitado. &#8220;Num mundo super, hiper e multifechado, somos chamados a ser comunh\u00e3o&#8221;, concluiu.<\/p>\n<p style=\"text-align: justify;\">A reuni\u00e3o do GA seguiu com os informes sobre a constru\u00e7\u00e3o do or\u00e7amento de cada comiss\u00e3o para 2023 a partir do sistema Servico da CNBB, sobre as a\u00e7\u00f5es e os assessores e com o levantamento da agenda da pr\u00f3xima reuni\u00e3o do GA marcada para o dia 14 de fevereiro do pr\u00f3ximo ano.<\/p>\n<p><img decoding=\"async\" loading=\"lazy\" class=\"aligncenter wp-image-933962 size-full\" src=\"https:\/\/www.cnbb.org.br\/wp-content\/uploads\/2022\/11\/GA-22-11-dom-Joel.png\" alt=\"\" width=\"1010\" height=\"648\" srcset=\"https:\/\/www.cnbb.org.br\/wp-content\/uploads\/2022\/11\/GA-22-11-dom-Joel.png 1010w, https:\/\/www.cnbb.org.br\/wp-content\/uploads\/2022\/11\/GA-22-11-dom-Joel-300x192.png 300w, https:\/\/www.cnbb.org.br\/wp-content\/uploads\/2022\/11\/GA-22-11-dom-Joel-768x493.png 768w, https:\/\/www.cnbb.org.br\/wp-content\/uploads\/2022\/11\/GA-22-11-dom-Joel-500x321.png 500w\" sizes=\"(max-width: 1010px) 100vw, 1010px\" \/><\/p>\n","protected":false},"excerpt":{"rendered":"<p>A \u00faltima reuni\u00e3o do ano do Grupo de Assessores das Comiss\u00f5es Episcopais Pastorais e Especiais da Confer\u00eancia Nacional dos Bispos do Brasil (CNBB), realizada nesta ter\u00e7a-feira, 22 de novembro, foi marcada por uma reflex\u00e3o sobre os caminhos da Igreja no Brasil nestes tempos de polariza\u00e7\u00e3o. A pr\u00f3xima reuni\u00e3o do GA foi marcada para 14 de fevereiro do pr\u00f3ximo ano<\/p>\n","protected":false},"author":142,"featured_media":933941,"comment_status":"open","ping_status":"open","sticky":false,"template":"","format":"standard","meta":{"site-sidebar-layout":"default","site-content-layout":"default","ast-global-header-display":"","ast-banner-title-visibility":"","ast-main-header-display":"","ast-hfb-above-header-display":"","ast-hfb-below-header-display":"","ast-hfb-mobile-header-display":"","site-post-title":"","ast-breadcrumbs-content":"","ast-featured-img":"","footer-sml-layout":"","theme-transparent-header-meta":"default","adv-header-id-meta":"","stick-header-meta":"","header-above-stick-meta":"","header-main-stick-meta":"","header-below-stick-meta":""},"categories":[50,820],"tags":[2845],"acf":[],"_links":{"self":[{"href":"https:\/\/www.cnbb.org.br\/cnbb-app\/wp\/v2\/posts\/933915"}],"collection":[{"href":"https:\/\/www.cnbb.org.br\/cnbb-app\/wp\/v2\/posts"}],"about":[{"href":"https:\/\/www.cnbb.org.br\/cnbb-app\/wp\/v2\/types\/post"}],"author":[{"embeddable":true,"href":"https:\/\/www.cnbb.org.br\/cnbb-app\/wp\/v2\/users\/142"}],"replies":[{"embeddable":true,"href":"https:\/\/www.cnbb.org.br\/cnbb-app\/wp\/v2\/comments?post=933915"}],"version-history":[{"count":15,"href":"https:\/\/www.cnbb.org.br\/cnbb-app\/wp\/v2\/posts\/933915\/revisions"}],"predecessor-version":[{"id":934036,"href":"https:\/\/www.cnbb.org.br\/cnbb-app\/wp\/v2\/posts\/933915\/revisions\/934036"}],"wp:featuredmedia":[{"embeddable":true,"href":"https:\/\/www.cnbb.org.br\/cnbb-app\/wp\/v2\/media\/933941"}],"wp:attachment":[{"href":"https:\/\/www.cnbb.org.br\/cnbb-app\/wp\/v2\/media?parent=933915"}],"wp:term":[{"taxonomy":"category","embeddable":true,"href":"https:\/\/www.cnbb.org.br\/cnbb-app\/wp\/v2\/categories?post=933915"},{"taxonomy":"post_tag","embeddable":true,"href":"https:\/\/www.cnbb.org.br\/cnbb-app\/wp\/v2\/tags?post=933915"}],"curies":[{"name":"wp","href":"https:\/\/api.w.org\/{rel}","templated":true}]}}