{"id":933931,"date":"2022-11-22T12:06:18","date_gmt":"2022-11-22T15:06:18","guid":{"rendered":"https:\/\/www.cnbb.org.br\/?p=933931"},"modified":"2022-11-22T12:07:09","modified_gmt":"2022-11-22T15:07:09","slug":"cardeal-aviz-50-anos-de-sacerdocio","status":"publish","type":"post","link":"https:\/\/www.cnbb.org.br\/cardeal-aviz-50-anos-de-sacerdocio\/","title":{"rendered":"Cardeal Aviz: 50 anos de sacerd\u00f3cio"},"content":{"rendered":"<div dir=\"auto\" style=\"text-align: right;\"><strong>Dom Carlos Jos\u00e9<\/strong><\/div>\n<div dir=\"auto\" style=\"text-align: right;\"><strong>Bispo de Apucarana (PR)<\/strong><\/div>\n<div dir=\"auto\"><\/div>\n<div dir=\"auto\" style=\"text-align: justify;\"><\/div>\n<div dir=\"auto\" style=\"text-align: justify;\">A provid\u00eancia Divina nunca falha! Essa \u00e9 a nossa certeza, essa \u00e9 nossa f\u00e9. Ao iniciarmos o ano vocacional, temos a honra de celebrar os 50 anos de vida presbiteral de um filho diocesano! N\u00e3o \u00e9 coincid\u00eancia, \u00e9 provid\u00eancia! Am\u00e9m!<\/div>\n<div dir=\"auto\" style=\"text-align: justify;\"><\/div>\n<div dir=\"auto\" style=\"text-align: justify;\">A vida humana tem um valor inestim\u00e1vel e, por mais que tentemos calcular esse valor, nunca saberemos se de fato, acertamos. A \u00fanica certeza que temos \u00e9 de que, para Deus, cada vida \u00e9 importante e valiosa. A voca\u00e7\u00e3o de um filho sacerdote, aos olhos do Sumo e Eterno Sacerdote, Jesus Cristo, \u00e9 mais que valiosa, \u00e9 essencial para que o povo tenha, em Esp\u00e9cie, o Corpo e o Sangue Dele mesmo, feito Eucaristia, para sustento e for\u00e7a na caminhado rumo \u00e0 santidade. Assim \u00e9 a vida do Cardeal Dom Jo\u00e3o Braz de Aviz: de um valor inestim\u00e1vel, preciosa e essencial.<\/div>\n<div dir=\"auto\" style=\"text-align: justify;\"><\/div>\n<div dir=\"auto\" style=\"text-align: justify;\">Para todos n\u00f3s, filhos e filhas da Fam\u00edlia Diocesana de Nossa Senhora de Lourdes, \u00e9 imensa a alegria de podermos festejar, neste pr\u00f3ximo dia 26 de novembro de 2022, \u00e0s 11h, na bela Catedral de Nossa Senhora de Lourdes, os 50 Anos de Vida Presbiteral de Dom Jo\u00e3o Braz de Aviz. A hist\u00f3ria de vida de Dom Jo\u00e3o Braz, nascido na cidade de Mafra, no estado de Santa Catarina, em 24 de abril de 1947, tem uma forte liga\u00e7\u00e3o com a nossa Diocese. Aos dois anos de idade, ele, seus pais, senhor Jo\u00e3o Avelino de Aviz e senhora Juliana Hache de Aviz mais seus sete irm\u00e3os mudaram-se para a cidade de Borraz\u00f3polis, no estado do Paran\u00e1.<\/div>\n<div dir=\"auto\" style=\"text-align: justify;\"><\/div>\n<div dir=\"auto\" style=\"text-align: justify;\">Com apenas 11 anos de idade, em 21 de abril de 1958, o jovenzinho, sentindo o chamado de Deus, ingressou no Semin\u00e1rio S\u00e3o Pio X, dos Padres do Pontif\u00edcio Instituto para as Miss\u00f5es Estrangeiras, na cidade de Assis, interior de S\u00e3o Paulo, local onde estudavam os seminaristas menores da Diocese de Londrina. A partir da cria\u00e7\u00e3o da Diocese de Apucarana, Borraz\u00f3polis e o seminarista passaram a integrar o novo territ\u00f3rio diocesano, tornando-se ent\u00e3o o jovem Jo\u00e3o Braz um seminarista Apucaranense.<\/div>\n<div dir=\"auto\" style=\"text-align: justify;\"><\/div>\n<div dir=\"auto\" style=\"text-align: justify;\">Estudou Filosofia no Semin\u00e1rio Maior Rainha dos Ap\u00f3stolos em Curitiba e em Palmas, no interior do Paran\u00e1, seguindo para Roma, onde cursou Teologia na Pontif\u00edcia Universidade Gregoriana. Conclu\u00eddo seus estudos, retornou ao Brasil, sendo ordenado padre por Dom Romeu Alberti, na Catedral de Apucarana no dia 26 de novembro de 1972. Assumiu seu sacerd\u00f3cio em diversas Par\u00f3quias desta Diocese, exercendo diversos encargos pastorais: foi p\u00e1roco em algumas, diretor espiritual e reitor do Semin\u00e1rio Maior de Apucarana (em 1984 e 1985) e de Londrina (em 1986 e 1988); diretor espiritual do Semin\u00e1rio do Ipiranga, em S\u00e3o Paulo; Membro do Conselho de Presb\u00edteros, do Col\u00e9gio de Consultores e Coordenador Diocesano de Pastoral.<\/div>\n<div dir=\"auto\" style=\"text-align: justify;\"><\/div>\n<div dir=\"auto\" style=\"text-align: justify;\">Um epis\u00f3dio marcante na vida de Dom Jo\u00e3o, deu-se quando ele exercia seu sacerd\u00f3cio em Ivaipor\u00e3 e, numa noite, foi feito ref\u00e9m por dois jovens que pretendiam assaltar um carro-forte naquela regi\u00e3o. Ao ser obrigado pelos jovens a parar seu ve\u00edculo e depois o obrigarem a pedir dinheiro aos ocupantes do carro-forte, que armados, dispararam, o sacerdote foi ferido por um tiro de escopeta e teve seu corpo atingido em v\u00e1rias partes por estilha\u00e7os de chumbo que, gra\u00e7as a Deus, n\u00e3o afetaram nenhum \u00f3rg\u00e3o vital. Embora tenha sobrevivido, t\u00eam fragmentos alojados em alguns pontos de seu corpo.<\/div>\n<div dir=\"auto\" style=\"text-align: justify;\"><\/div>\n<div dir=\"auto\" style=\"text-align: justify;\">Dom Jo\u00e3o possui doutorado em Teologia Dogm\u00e1tica pela Pontif\u00edcia Universidade Lateranense de Roma, feito de 1989 a 1992. De 1992 a 1994 foi Reitor e professor de Teologia Dogm\u00e1tica no Instituto Paulo VI de Londrina e P\u00e1roco da Catedral Nossa Senhora de Lourdes de Apucarana. Foi nomeado Bispo Auxiliar da Arquidiocese de Vit\u00f3ria com a sede Titular de Flenucleta, pelo Papa Jo\u00e3o Paulo II, no dia 06 de abril de 1994, sendo consagrado Bispo em 31 de maio de 1994 por Dom Domingos Gabriel Wisniewski, C.M. Seu lema de vida episcopal \u00e9: \u201cTodos sejam um\u201d (Jo 17,21). Exerceu seu episcopado tamb\u00e9m em Ponta Grossa e tornou-se Arcebispo de Maring\u00e1 em 2002. Em janeiro de 2004 foi nomeado Arcebispo da Arquidiocese de Bras\u00edlia, onde tomou posse em 27 de mar\u00e7o.<\/div>\n<div dir=\"auto\" style=\"text-align: justify;\"><\/div>\n<div dir=\"auto\" style=\"text-align: justify;\">Na Confer\u00eancia Nacional dos Bispos do Brasil, foi eleito presidente do Regional Centro-Oeste e membro da Comiss\u00e3o Episcopal Pastoral para a Doutrina da F\u00e9 e vice-presidente das Edi\u00e7\u00f5es CNBB. Em maio de 2010, Dom Jo\u00e3o Braz de Aviz esteve \u00e0 frente da organiza\u00e7\u00e3o do XVI Congresso Eucar\u00edstico Nacional, que aconteceu em Bras\u00edlia, ano do cinquenten\u00e1rio da capital federal. Nomeado pelo Papa Bento XVI como Prefeito da Congrega\u00e7\u00e3o para os Institutos de Vida Consagrada e Sociedade de Vida Apost\u00f3lica no Vaticano, em 04 de janeiro de 2011.<\/div>\n<div dir=\"auto\" style=\"text-align: justify;\"><\/div>\n<div dir=\"auto\" style=\"text-align: justify;\">Dom Jo\u00e3o foi o quarto brasileiro a ser escolhido para chefiar um departamento do Vaticano. No ano seguinte, em 06 de janeiro de 2012, o Papa Bento XVI anunciou sua cria\u00e7\u00e3o a Cardeal, tendo recebido o barrete cardinal\u00edcio das m\u00e3os do Santo Padre em 18 de fevereiro. Em 2013 foi nomeado pelo Papa Francisco membro da Congrega\u00e7\u00e3o para os Bispos e em 2019, o Papa o designou como presidente delegado do S\u00ednodo dos Bispos para a Regi\u00e3o Pan-Amaz\u00f4nica. Bra\u00e7o direito do Papa Francisco quando se trata da vida consagrada, com mansid\u00e3o e firmeza serve a Igreja do mundo inteiro. Eis a nossa alegria. A Diocese de Apucarana oferece a Igreja Universal um servidor. Servi\u00e7o que atinge os quatro cantos do mundo. Um cardeal servidor maior formado pela nossa amada. Diocese.<\/div>\n<div dir=\"auto\" style=\"text-align: justify;\"><\/div>\n<div dir=\"auto\" style=\"text-align: justify;\">S\u00e3o muitas as gra\u00e7as de Nossa Senhora de Lourdes derramadas sobre nossa Diocese e sobre esse filho diocesano, o Cardeal Dom Jo\u00e3o Braz de Avis! Nossa a\u00e7\u00e3o de gra\u00e7as a Deus e nossas cont\u00ednuas ora\u00e7\u00f5es para que mais voca\u00e7\u00f5es sejam despertadas para o bem da comunidade e para honra e gl\u00f3ria de nosso Senhor Jesus Cristo, Rei e Senhor do Universo.<\/div>\n<div dir=\"auto\" aria-hidden=\"true\"><\/div>\n<div dir=\"auto\"><\/div>\n","protected":false},"excerpt":{"rendered":"<p>Dom Carlos Jos\u00e9 Bispo de Apucarana (PR) A provid\u00eancia Divina nunca falha! Essa \u00e9 a nossa certeza, essa \u00e9 nossa f\u00e9. Ao iniciarmos o ano vocacional, temos a honra de celebrar os 50 anos de vida presbiteral de um filho diocesano! N\u00e3o \u00e9 coincid\u00eancia, \u00e9 provid\u00eancia! Am\u00e9m! A vida humana tem um valor inestim\u00e1vel e, &hellip;<\/p>\n<p class=\"read-more\"> <a class=\"\" href=\"https:\/\/www.cnbb.org.br\/cardeal-aviz-50-anos-de-sacerdocio\/\"> <span class=\"screen-reader-text\">Cardeal Aviz: 50 anos de sacerd\u00f3cio<\/span> Leia mais &raquo;<\/a><\/p>\n","protected":false},"author":101,"featured_media":0,"comment_status":"open","ping_status":"open","sticky":false,"template":"","format":"standard","meta":{"site-sidebar-layout":"default","site-content-layout":"default","ast-global-header-display":"","ast-banner-title-visibility":"","ast-main-header-display":"","ast-hfb-above-header-display":"","ast-hfb-below-header-display":"","ast-hfb-mobile-header-display":"","site-post-title":"","ast-breadcrumbs-content":"","ast-featured-img":"","footer-sml-layout":"","theme-transparent-header-meta":"default","adv-header-id-meta":"","stick-header-meta":"","header-above-stick-meta":"","header-main-stick-meta":"","header-below-stick-meta":""},"categories":[758],"tags":[],"acf":[],"_links":{"self":[{"href":"https:\/\/www.cnbb.org.br\/cnbb-app\/wp\/v2\/posts\/933931"}],"collection":[{"href":"https:\/\/www.cnbb.org.br\/cnbb-app\/wp\/v2\/posts"}],"about":[{"href":"https:\/\/www.cnbb.org.br\/cnbb-app\/wp\/v2\/types\/post"}],"author":[{"embeddable":true,"href":"https:\/\/www.cnbb.org.br\/cnbb-app\/wp\/v2\/users\/101"}],"replies":[{"embeddable":true,"href":"https:\/\/www.cnbb.org.br\/cnbb-app\/wp\/v2\/comments?post=933931"}],"version-history":[{"count":1,"href":"https:\/\/www.cnbb.org.br\/cnbb-app\/wp\/v2\/posts\/933931\/revisions"}],"predecessor-version":[{"id":933932,"href":"https:\/\/www.cnbb.org.br\/cnbb-app\/wp\/v2\/posts\/933931\/revisions\/933932"}],"wp:attachment":[{"href":"https:\/\/www.cnbb.org.br\/cnbb-app\/wp\/v2\/media?parent=933931"}],"wp:term":[{"taxonomy":"category","embeddable":true,"href":"https:\/\/www.cnbb.org.br\/cnbb-app\/wp\/v2\/categories?post=933931"},{"taxonomy":"post_tag","embeddable":true,"href":"https:\/\/www.cnbb.org.br\/cnbb-app\/wp\/v2\/tags?post=933931"}],"curies":[{"name":"wp","href":"https:\/\/api.w.org\/{rel}","templated":true}]}}