{"id":933933,"date":"2022-11-22T12:10:09","date_gmt":"2022-11-22T15:10:09","guid":{"rendered":"https:\/\/www.cnbb.org.br\/?p=933933"},"modified":"2022-11-22T12:10:36","modified_gmt":"2022-11-22T15:10:36","slug":"pastoral-juvenil-norte-ii","status":"publish","type":"post","link":"https:\/\/www.cnbb.org.br\/pastoral-juvenil-norte-ii\/","title":{"rendered":"Pastoral Juvenil Norte II"},"content":{"rendered":"<p style=\"text-align: right;\"><strong>Dom Antonio de Assis<\/strong><br \/>\n<strong>Bispo auxiliar de Bel\u00e9m do Par\u00e1 (PA)\u00a0<\/strong><\/p>\n<p>&nbsp;<\/p>\n<p>PASTORAL JUVENIL NORTE II: sensibilidades, partilha, desafios, horizontes<\/p>\n<p style=\"text-align: justify;\">A pastoral juvenil no Regional Norte II, que compreende os estados do Par\u00e1 e do Amap\u00e1, est\u00e1 viva! Apesar da complexidade da \u00e1rea geogr\u00e1fica de quase um milh\u00e3o e quatrocentos mil quil\u00f4metros quadrados, assumimos o compromisso de todos os anos realizar um encontro presencial de assessores e, ao menos, duas reuni\u00f5es remotamente.<\/p>\n<p style=\"text-align: justify;\">Aconteceu em Santar\u00e9m, de 18-20 de novembro deste ano (2022), o II Encontro dos Assessores da pastoral juvenil do regional. Estiveram presentes as Dioceses de Abaetetuba, Camet\u00e1, Marab\u00e1, Prelazia de Tucum\u00e3, Diocese do Xingu Altamira, \u00d3bidos, a Arquidiocese de Bel\u00e9m e Arquidiocese de Santar\u00e9m.<\/p>\n<p style=\"text-align: justify;\">Apesar de tantos desafios de log\u00edstica e aqueles t\u00edpicos das juventudes, a pastoral juvenil est\u00e1 caminhando em cada Diocese. Cada diocese tem sua hist\u00f3ria, sua sensibilidade, mas de modo geral h\u00e1 uma preocupa\u00e7\u00e3o para com os jovens. O Setor Juventude deu novos passos em diversas dioceses e continua se organizando; em outras dioceses, continua a Pastoral da Juventude. Cada encontro de lideran\u00e7as pastorais \u00e9 rico de conte\u00fado: partilha de experi\u00eancias mission\u00e1rias, estudo de novos temas, conviv\u00eancia fraterna, discernimento de desafios, reflex\u00e3o sobre possibilidades, programa\u00e7\u00e3o pastoral. Na \u00faltima Assembleia Eclesial dos Bispos da Amaz\u00f4nia, em Santar\u00e9m (2022), os pastores renovaram o compromisso de evangeliza\u00e7\u00e3o da Juventude.<\/p>\n<p style=\"text-align: justify;\"><strong>Reflex\u00f5es compartilhadas pelos assessores<\/strong><\/p>\n<p style=\"text-align: justify;\">A Pastoral juvenil tem muitas DIMENS\u00d5ES; n\u00e3o pode de forma alguma se limitar \u00e0 atividades lit\u00fargicas; deve ser sens\u00edvel \u00e0 totalidade da vida dos jovens; evangelizamos tamb\u00e9m atrav\u00e9s do esporte, lazer, cultura, m\u00fasica&#8230;; \u00e9 necess\u00e1rio dar aten\u00e7\u00e3o \u00e0 situa\u00e7\u00e3o existencial dos jovens, muitas vezes, h\u00e1 graves problemas;<\/p>\n<p style=\"text-align: justify;\">\u00c9 preciso que a din\u00e2mica da pastoral juvenil cuide de PROCESSOS e n\u00e3o se perca na diversidade de atividades; para isso \u00e9 preciso dar aten\u00e7\u00e3o ao crescimento dos jovens; o amadurecimento deve ser pleno, em todas as dimens\u00f5es; precisamos formar homens e mulheres maduros na f\u00e9; por isso um dos grandes temas da pastoral juvenil na atualidade \u00e9 o projeto de vida;<\/p>\n<p style=\"text-align: justify;\">A gest\u00e3o da pastoral juvenil deve estabelecer PARCERIAS com movimentos, pastorais e institui\u00e7\u00f5es com afinidade de miss\u00e3o; a mentalidade de pastoral de conjunto ser\u00e1 sempre uma necessidade; \u00e9 importante a participa\u00e7\u00e3o nos conselhos municipais;<\/p>\n<p style=\"text-align: justify;\">N\u00e3o haver\u00e1 Setor Juventude sem o MAPEAMENTO E VALORIZA\u00c7\u00c3O das express\u00f5es juvenis de carismas diferentes presentes na diocese; a tradicional PJ vive uma situa\u00e7\u00e3o de crise interna, mas caminha lentamente para uma renova\u00e7\u00e3o, sendo mais fraterna, equilibrada, sinodal e continuando socialmente sens\u00edvel; em algumas dioceses quase desapareceu;<\/p>\n<p style=\"text-align: justify;\">O setor juventude organizado requer o fortalecimento do PROTAGONISMO JUVENIL; mas \u00e9 um processo; o assessor deve escutar, dialogar, acompanhar, auxiliar, incentivar, educar; o protagonismo juvenil n\u00e3o \u00e9 absoluto, por isso \u00e9 necess\u00e1rio o acompanhamento e a honesta orienta\u00e7\u00e3o educativa. A coordena\u00e7\u00e3o e anima\u00e7\u00e3o do Setor Juventude Diocesano deve acontecer atrav\u00e9s de um conselho formado por Jovens l\u00edderes. O conselho deve organizar a agenda anual do setor juventude considerando os eventos nacionais, regionais e diocesanos; evite-se a\u00e7\u00f5es paralelas. O setor juventude n\u00e3o suprime o dinamismo das express\u00f5es juvenis, mas as estimula a viver a COMUNH\u00c3O E PRESEN\u00c7A nos grandes eventos e processos; \u00e9 preciso forma\u00e7\u00e3o para a comunh\u00e3o;<\/p>\n<p style=\"text-align: justify;\">O setor juventude \u00e9 diocesano, mas considerando a dimens\u00e3o geogr\u00e1fica da diocese e ou prelazia, a din\u00e2mica de anima\u00e7\u00e3o e ACOMPANHAMENTO podem ser em diversos n\u00edveis estrat\u00e9gicos como por setor, por vicariato, regi\u00e3o episcopal etc. considerando a organiza\u00e7\u00e3o da diocese;<\/p>\n<p style=\"text-align: justify;\">Enquanto pastoral juvenil N\u00c3O levantamos a BANDEIRAS PARTID\u00c1RIAS e nem apoiamos nenhum candidato. A postura da Igreja \u00e9 a reflex\u00e3o pol\u00edtica a partir de princ\u00edpios e valores&#8230; Estimulando os jovens ao discernimento e a serem conscientes, cr\u00edticos, livres, respons\u00e1veis, abertos, equilibrados, capazes de comunh\u00e3o e obedi\u00eancia;<\/p>\n<p style=\"text-align: justify;\">Em todos os contextos \u00e9 necess\u00e1rio investir na FORMA\u00c7\u00c3O DAS LIDERAN\u00c7AS para que n\u00e3o se desanimem e nem se desviem da pr\u00f3pria miss\u00e3o. H\u00e1 um itiner\u00e1rio de forma\u00e7\u00e3o que n\u00e3o deve ser esquecido: formar para o sentido da vida, o encontro com Cristo, o engajamento na Igreja e a paix\u00e3o pelo Reino de Deus. A forma\u00e7\u00e3o deve estar em sintonia com cada contexto sociocultural;<\/p>\n<p style=\"text-align: justify;\">A DIMENS\u00c3O MISSION\u00c1RIA \u00e9 de fundamental import\u00e2ncia para a anima\u00e7\u00e3o da pastoral juvenil; a pastoral juvenil existe para evangelizar; \u00e9 preciso que os jovens evangelizem outros jovens; isso acontece quando conhecem a pessoa de Jesus;<\/p>\n<p style=\"text-align: justify;\">Em todas as circunst\u00e2ncias \u00e9 necess\u00e1rio evitar o EXTREMISMO, o criticismo, postura azeda como sinal do influxo de ideologias seja de direita tradicionalista quanto de esquerdas progressistas; isso favorece antipatias e rupturas; a Igreja deve ser promotora do di\u00e1logo; JESUS CRISTO deve ser o CENTRO da vida pastoral da Igreja; por isso deve-se fazer todo esfor\u00e7o para que Jesus seja conhecido, amado, seguido; para isso a pr\u00e1tica da leitura orante \u00e9 necess\u00e1ria;<\/p>\n<p style=\"text-align: justify;\">A promo\u00e7\u00e3o da AUTOSSUSTENTABILIDADE da pastoral juvenil em cada contexto permanece um desafio; a pastoral tem uma dimens\u00e3o econ\u00f4mica por isso, \u00e9 importante que em cada Diocese a organiza\u00e7\u00e3o do setor juventude pense em estrat\u00e9gia para a supera\u00e7\u00e3o desse desafio. Os eventos devem ser financeiramente autossustent\u00e1veis;<\/p>\n<p style=\"text-align: justify;\">Sente-se a necessidade de uma linguagem, metodologia e programa\u00e7\u00e3o adequada para a evangeliza\u00e7\u00e3o e o acompanhamento dos JOVENS RIBEIRINHOS, RURAIS E IND\u00cdGENAS; eles t\u00eam outra sensibilidade, preocupa\u00e7\u00f5es, perspectivas e ritmo de vida muito diferente dos jovens urbanos.<\/p>\n<p style=\"text-align: justify;\"><strong>Compromissos assumidos:<\/strong><\/p>\n<p style=\"text-align: justify;\">Aprofundar o tema do \u201cassociacionismo juvenil\u201d e relan\u00e7ar os grupos de jovens;<\/p>\n<p style=\"text-align: justify;\">Estudar, divulgar e encarnar na realidade diocesana o Plano Nacional da Pastoral juvenil;<\/p>\n<p style=\"text-align: justify;\">Capacitar l\u00edderes jovens e novos assessores para a pastoral juvenil;<\/p>\n<p style=\"text-align: justify;\">Organizar ou refor\u00e7ar o setor juventude nas dioceses e prelazias;<\/p>\n<p style=\"text-align: justify;\">Investir na autossustentabilidade do setor juventude;<\/p>\n<p style=\"text-align: justify;\">Promover, na semana da JMJ 2023, alguma atividade para os jovens em sinal de sintonia com a Igreja;<\/p>\n<p style=\"text-align: justify;\">Planejar o caminho trienal: Ano 2023: 50 anos da Pastoral da Juventude; aprofundar a dimens\u00e3o vocacional da pastoral juvenil; realizar o I Encontro Regional de Jovens L\u00edderes; Ano 2024: trabalhar a missionariedade nas par\u00f3quias; Ano 2025: realizar a Jornada Juvenil Mission\u00e1ria Diocesana; Ano 2026: I Romaria da Juventude do Regional Norte II \u2013 Bel\u00e9m, 6-12 de Julho;<\/p>\n<p style=\"text-align: justify;\">Iniciar o processo de organiza\u00e7\u00e3o da pastoral juvenil ind\u00edgena.<\/p>\n<p style=\"text-align: justify;\"><strong>PARA REFLEX\u00c3O PESSOAL:<\/strong><\/p>\n<p style=\"text-align: justify;\">Como est\u00e1 a pastoral juvenil na sua Par\u00f3quia?<\/p>\n<p style=\"text-align: justify;\">O que voc\u00ea tem feito pela promo\u00e7\u00e3o da evangeliza\u00e7\u00e3o dos jovens?<\/p>\n<p style=\"text-align: justify;\">Qual \u00e9 a diferen\u00e7a entre pastoral da juventude, pastoral juvenil e Setor Juventude?<\/p>\n","protected":false},"excerpt":{"rendered":"<p>Dom Antonio de Assis Bispo auxiliar de Bel\u00e9m do Par\u00e1 (PA)\u00a0 &nbsp; PASTORAL JUVENIL NORTE II: sensibilidades, partilha, desafios, horizontes A pastoral juvenil no Regional Norte II, que compreende os estados do Par\u00e1 e do Amap\u00e1, est\u00e1 viva! Apesar da complexidade da \u00e1rea geogr\u00e1fica de quase um milh\u00e3o e quatrocentos mil quil\u00f4metros quadrados, assumimos o &hellip;<\/p>\n<p class=\"read-more\"> <a class=\"\" href=\"https:\/\/www.cnbb.org.br\/pastoral-juvenil-norte-ii\/\"> <span class=\"screen-reader-text\">Pastoral Juvenil Norte II<\/span> Leia mais &raquo;<\/a><\/p>\n","protected":false},"author":79,"featured_media":0,"comment_status":"open","ping_status":"open","sticky":false,"template":"","format":"standard","meta":{"site-sidebar-layout":"default","site-content-layout":"default","ast-global-header-display":"","ast-banner-title-visibility":"","ast-main-header-display":"","ast-hfb-above-header-display":"","ast-hfb-below-header-display":"","ast-hfb-mobile-header-display":"","site-post-title":"","ast-breadcrumbs-content":"","ast-featured-img":"","footer-sml-layout":"","theme-transparent-header-meta":"default","adv-header-id-meta":"","stick-header-meta":"","header-above-stick-meta":"","header-main-stick-meta":"","header-below-stick-meta":""},"categories":[758],"tags":[],"acf":[],"_links":{"self":[{"href":"https:\/\/www.cnbb.org.br\/cnbb-app\/wp\/v2\/posts\/933933"}],"collection":[{"href":"https:\/\/www.cnbb.org.br\/cnbb-app\/wp\/v2\/posts"}],"about":[{"href":"https:\/\/www.cnbb.org.br\/cnbb-app\/wp\/v2\/types\/post"}],"author":[{"embeddable":true,"href":"https:\/\/www.cnbb.org.br\/cnbb-app\/wp\/v2\/users\/79"}],"replies":[{"embeddable":true,"href":"https:\/\/www.cnbb.org.br\/cnbb-app\/wp\/v2\/comments?post=933933"}],"version-history":[{"count":2,"href":"https:\/\/www.cnbb.org.br\/cnbb-app\/wp\/v2\/posts\/933933\/revisions"}],"predecessor-version":[{"id":933935,"href":"https:\/\/www.cnbb.org.br\/cnbb-app\/wp\/v2\/posts\/933933\/revisions\/933935"}],"wp:attachment":[{"href":"https:\/\/www.cnbb.org.br\/cnbb-app\/wp\/v2\/media?parent=933933"}],"wp:term":[{"taxonomy":"category","embeddable":true,"href":"https:\/\/www.cnbb.org.br\/cnbb-app\/wp\/v2\/categories?post=933933"},{"taxonomy":"post_tag","embeddable":true,"href":"https:\/\/www.cnbb.org.br\/cnbb-app\/wp\/v2\/tags?post=933933"}],"curies":[{"name":"wp","href":"https:\/\/api.w.org\/{rel}","templated":true}]}}