{"id":933943,"date":"2022-11-23T11:30:43","date_gmt":"2022-11-23T14:30:43","guid":{"rendered":"https:\/\/www.cnbb.org.br\/?p=933943"},"modified":"2022-11-23T11:30:43","modified_gmt":"2022-11-23T14:30:43","slug":"novena-de-natal-2022-publicada-pela-edicoes-cnbb-esta-em-sintonia-com-o-3o-ano-vocacional-do-brasil","status":"publish","type":"post","link":"https:\/\/www.cnbb.org.br\/novena-de-natal-2022-publicada-pela-edicoes-cnbb-esta-em-sintonia-com-o-3o-ano-vocacional-do-brasil\/","title":{"rendered":"Novena de Natal 2022, publicada pela Edi\u00e7\u00f5es CNBB, est\u00e1 em sintonia com o 3\u00ba Ano Vocacional do Brasil"},"content":{"rendered":"<p style=\"text-align: justify;\">A <a href=\"https:\/\/www.edicoescnbb.com.br\/novena-de-natal-2022-1251\" target=\"_blank\" rel=\"noopener\">Novena de Natal 2022<\/a>, publicada pela Edi\u00e7\u00f5es CNBB, faz parte da programa\u00e7\u00e3o do <a href=\"https:\/\/anovocacional.cnbb.org.br\/\" target=\"_blank\" rel=\"noopener\">3\u00ba Ano Vocacional<\/a> vivenciado pela Igreja no Brasil. Segundo dom Jo\u00e3o Francisco Salm, presidente da Comiss\u00e3o para os Minist\u00e9rios Ordenados e a Vida Consgarada da CNBB, o subs\u00eddio nos coloca a caminho de Bel\u00e9m, &#8220;na hist\u00f3ria de amor e salva\u00e7\u00e3o que Deus realiza na fam\u00edlia de Nazar\u00e9 e em toda a fam\u00edlia humana&#8221;.<\/p>\n<p style=\"text-align: justify;\">A partir do tema e do lema do Ano Vocacional &#8211; <strong>&#8220;Voca\u00e7\u00e3o: Gra\u00e7a e Miss\u00e3o&#8221;<\/strong>, cada encontro da Novena de Natal introduz em uma verdadeira catequese.<\/p>\n<blockquote>\n<p style=\"text-align: justify;\">&#8220;A partir da leitura e da ora\u00e7\u00e3o comunit\u00e1ria, vamos sentindo o chamado de Deus como gra\u00e7a que nos impulsiona \u00e0 miss\u00e3o, escutando as hist\u00f3rias de nossos irm\u00e3os e partilhando as gra\u00e7as que temos recebido. Tudo isso nos leva a perceber uma presen\u00e7a divina ao nosso lado, que faz o cora\u00e7\u00e3o arder e os nossos p\u00e9s se colocarem a caminho, juntos, para ir mais longe&#8221;.<\/p>\n<\/blockquote>\n<p style=\"text-align: justify;\">Dom Jo\u00e3o Francisco Salm exorta para que a ora\u00e7\u00e3o dessa Novena de Natal seja ocasi\u00e3o forte e real de intensificar a pr\u00e1tica da ora\u00e7\u00e3o pelas voca\u00e7\u00f5es em todos os \u00e2mbitos: pessoal, familia e comunit\u00e1rio, como resposta ao mandado de Jesus, expresso em Mateus e Lucas, de rezar por todas as voca\u00e7\u00f5es.<\/p>\n<h3><strong>Orienta\u00e7\u00f5es pr\u00e1ticas da Novena<\/strong><\/h3>\n<p style=\"text-align: justify;\"><img decoding=\"async\" loading=\"lazy\" class=\"size-medium wp-image-933959 alignleft\" src=\"https:\/\/www.cnbb.org.br\/wp-content\/uploads\/2022\/11\/Novena-de-Natal-2022-300x248.jpg\" alt=\"\" width=\"300\" height=\"248\" srcset=\"https:\/\/www.cnbb.org.br\/wp-content\/uploads\/2022\/11\/Novena-de-Natal-2022-300x248.jpg 300w, https:\/\/www.cnbb.org.br\/wp-content\/uploads\/2022\/11\/Novena-de-Natal-2022-500x414.jpg 500w, https:\/\/www.cnbb.org.br\/wp-content\/uploads\/2022\/11\/Novena-de-Natal-2022.jpg 562w\" sizes=\"(max-width: 300px) 100vw, 300px\" \/>Como parte da programa\u00e7\u00e3o do Ano Vocacional \u00e9 importante que o grupo da Novena convide, de modo especial, os adolescentes e jovens, com suas fam\u00edlias.<\/p>\n<p style=\"text-align: justify;\">O ideal \u00e9 que, a cada dia, o encontro da Novena seja em uma casa diferente e que, em seu in\u00edcio, todos possam combinar quando e quem vai acolher os encontros, de modo que possam ser preparados com anteced\u00eancia.<\/p>\n<p style=\"text-align: justify;\">No encontro da Novena h\u00e1 quem anima os cantos, quem dirige, leitores 1, 2 e 3.<\/p>\n<p style=\"text-align: justify;\">O ambiente do encontro precisa ser preparado previamente e os cantos devem devem ser escolhidos previamente e ensaiados com todos antes do in\u00edcio de cada encontro.<\/p>\n<p style=\"text-align: justify;\">Ao final de casa encontro, pistas e a\u00e7\u00f5es concretas ser\u00e3o dadas nos \u00e2mbitos pessoal e comunit\u00e1rio para a viv\u00eancia do que a Novena de Natal est\u00e1 refletindo.<\/p>\n<h3><strong>Onde encontrar a Novena de Natal 2022<\/strong><\/h3>\n<p style=\"text-align: justify;\">A Novena de Natal 2022 est\u00e1 dispon\u00edvel para compra no site da Edi\u00e7\u00f5es CNBB (<a href=\"https:\/\/www.edicoescnbb.com.br\/novena-de-natal-2022-1251\" target=\"_blank\" rel=\"noopener\">aqui<\/a>) ou nas lojas f\u00edsicas da Editora.<\/p>\n<p>&nbsp;<\/p>\n","protected":false},"excerpt":{"rendered":"<p>A Novena de Natal 2022, publicada pela Edi\u00e7\u00f5es CNBB, faz parte da programa\u00e7\u00e3o do 3\u00ba Ano Vocacional vivenciado pela Igreja no Brasil. Segundo dom Jo\u00e3o Francisco Salm, o subs\u00eddio nos coloca a caminho de Bel\u00e9m, &#8220;na hist\u00f3ria de amor e salva\u00e7\u00e3o que Deus realiza na fam\u00edlia de Nazar\u00e9 e em toda a fam\u00edlia humana&#8221;<\/p>\n","protected":false},"author":141,"featured_media":933957,"comment_status":"open","ping_status":"open","sticky":false,"template":"","format":"standard","meta":{"site-sidebar-layout":"default","site-content-layout":"default","ast-global-header-display":"","ast-banner-title-visibility":"","ast-main-header-display":"","ast-hfb-above-header-display":"","ast-hfb-below-header-display":"","ast-hfb-mobile-header-display":"","site-post-title":"","ast-breadcrumbs-content":"","ast-featured-img":"","footer-sml-layout":"","theme-transparent-header-meta":"default","adv-header-id-meta":"","stick-header-meta":"","header-above-stick-meta":"","header-main-stick-meta":"","header-below-stick-meta":""},"categories":[50,847],"tags":[1276,4791],"acf":[],"_links":{"self":[{"href":"https:\/\/www.cnbb.org.br\/cnbb-app\/wp\/v2\/posts\/933943"}],"collection":[{"href":"https:\/\/www.cnbb.org.br\/cnbb-app\/wp\/v2\/posts"}],"about":[{"href":"https:\/\/www.cnbb.org.br\/cnbb-app\/wp\/v2\/types\/post"}],"author":[{"embeddable":true,"href":"https:\/\/www.cnbb.org.br\/cnbb-app\/wp\/v2\/users\/141"}],"replies":[{"embeddable":true,"href":"https:\/\/www.cnbb.org.br\/cnbb-app\/wp\/v2\/comments?post=933943"}],"version-history":[{"count":12,"href":"https:\/\/www.cnbb.org.br\/cnbb-app\/wp\/v2\/posts\/933943\/revisions"}],"predecessor-version":[{"id":935132,"href":"https:\/\/www.cnbb.org.br\/cnbb-app\/wp\/v2\/posts\/933943\/revisions\/935132"}],"wp:featuredmedia":[{"embeddable":true,"href":"https:\/\/www.cnbb.org.br\/cnbb-app\/wp\/v2\/media\/933957"}],"wp:attachment":[{"href":"https:\/\/www.cnbb.org.br\/cnbb-app\/wp\/v2\/media?parent=933943"}],"wp:term":[{"taxonomy":"category","embeddable":true,"href":"https:\/\/www.cnbb.org.br\/cnbb-app\/wp\/v2\/categories?post=933943"},{"taxonomy":"post_tag","embeddable":true,"href":"https:\/\/www.cnbb.org.br\/cnbb-app\/wp\/v2\/tags?post=933943"}],"curies":[{"name":"wp","href":"https:\/\/api.w.org\/{rel}","templated":true}]}}