{"id":933981,"date":"2022-11-23T11:25:15","date_gmt":"2022-11-23T14:25:15","guid":{"rendered":"https:\/\/www.cnbb.org.br\/?p=933981"},"modified":"2022-11-23T11:25:42","modified_gmt":"2022-11-23T14:25:42","slug":"vigilantes-e-alertas","status":"publish","type":"post","link":"https:\/\/www.cnbb.org.br\/vigilantes-e-alertas\/","title":{"rendered":"Vigilantes e alertas!\u00a0"},"content":{"rendered":"<p style=\"text-align: right;\"><b><span data-contrast=\"auto\">Dom Eurico dos Santos Veloso<\/span><\/b><span data-ccp-props=\"{&quot;134233117&quot;:true,&quot;134233118&quot;:true,&quot;201341983&quot;:0,&quot;335551550&quot;:2,&quot;335551620&quot;:2,&quot;335559731&quot;:708,&quot;335559740&quot;:240}\"><br \/>\n<\/span><b><span data-contrast=\"auto\">Arcebispo Em\u00e9rito de Juiz de Fora (MG)<\/span><\/b><span data-ccp-props=\"{&quot;134233117&quot;:true,&quot;134233118&quot;:true,&quot;201341983&quot;:0,&quot;335551550&quot;:2,&quot;335551620&quot;:2,&quot;335559731&quot;:708,&quot;335559740&quot;:240}\">\u00a0<\/span><\/p>\n<p>&nbsp;<\/p>\n<p style=\"text-align: justify;\"><span data-contrast=\"auto\">Estamos iniciando um novo ano lit\u00fargico, o ano lit\u00fargico A, que tem como Evangelista \u00e9 S\u00e3o Mateus. O tempo do Advento \u00e9 o sagrado tempo de prepara\u00e7\u00e3o para acolher a Cristo, no mist\u00e9rio da sua vinda entre n\u00f3s. Celebrar o Tempo do Advento \u00e9 recordar a espera dos pobres, dos Patriarcas e Profetas, da espera de Maria e Jos\u00e9, de Isabel e Zacarias.<\/span><span data-ccp-props=\"{&quot;134233117&quot;:true,&quot;134233118&quot;:true,&quot;201341983&quot;:0,&quot;335551550&quot;:6,&quot;335551620&quot;:6,&quot;335559731&quot;:708,&quot;335559740&quot;:240}\">\u00a0<\/span><\/p>\n<p style=\"text-align: justify;\"><span data-contrast=\"auto\">O Advento tem como eixo reflexivo e orante a contempla\u00e7\u00e3o das duas vindas do Senhor Jesus. Enquanto nos preparamos para a celebra\u00e7\u00e3o do Natal do Senhor, rezamos e refletimos a respeito de sua segunda vinda, em sua Parusia gloriosa.<\/span><span data-ccp-props=\"{&quot;134233117&quot;:true,&quot;134233118&quot;:true,&quot;201341983&quot;:0,&quot;335551550&quot;:6,&quot;335551620&quot;:6,&quot;335559731&quot;:708,&quot;335559740&quot;:240}\">\u00a0<\/span><\/p>\n<p style=\"text-align: justify;\"><span data-contrast=\"auto\">\u00a0A liturgia deste domingo apresenta um apelo veemente \u00e0 vigil\u00e2ncia. O crist\u00e3o n\u00e3o deve instalar-se no comodismo, na passividade, no desleixo, na rotina, na indiferen\u00e7a; mas deve caminhar, sempre atento e vigilante, preparado para acolher o Senhor que vem e para responder aos seus desafios.<\/span><span data-ccp-props=\"{&quot;134233117&quot;:true,&quot;134233118&quot;:true,&quot;201341983&quot;:0,&quot;335551550&quot;:6,&quot;335551620&quot;:6,&quot;335559731&quot;:708,&quot;335559740&quot;:240}\">\u00a0<\/span><\/p>\n<p style=\"text-align: justify;\"><span data-contrast=\"auto\">A<\/span> <span data-contrast=\"auto\">primeira leitura(Is 2,1-5)<\/span> <span data-contrast=\"auto\">convida os homens \u2013 todos os homens, de todas as ra\u00e7as e na\u00e7\u00f5es &#8211; a dirigirem-se \u00e0 montanha onde reside o Senhor. \u00c9 do encontro com o Senhor e com a sua Palavra que resultar\u00e1 um mundo de conc\u00f3rdia, de harmonia, de paz sem fim. Esta leitura canta a esperan\u00e7a da reuni\u00e3o universal dos povos no Reino de Deus. A paz alcan\u00e7ar\u00e1 a plenitude. As armas de guerra e morte ser\u00e3o transformadas em instrumentos de produ\u00e7\u00e3o de alimentos, de vida!\u00a0<\/span><span data-ccp-props=\"{&quot;134233117&quot;:true,&quot;134233118&quot;:true,&quot;201341983&quot;:0,&quot;335551550&quot;:6,&quot;335551620&quot;:6,&quot;335559731&quot;:708,&quot;335559740&quot;:240}\">\u00a0<\/span><\/p>\n<p style=\"text-align: justify;\"><span data-contrast=\"auto\">A segunda leitura(Rm 13,11-14a)<\/span><span data-contrast=\"auto\"> recomenda aos batizados que despertem da letargia que os mant\u00e9m presos ao mundo das trevas (o mundo do ego\u00edsmo, da injusti\u00e7a, da mentira, do pecado), que se vistam da luz (a vida de Deus, que Cristo ofereceu a todos) e que caminhem, com alegria e esperan\u00e7a, ao encontro de Jesus, ao encontro da salva\u00e7\u00e3o. O Advento \u00e9 tempo de esperan\u00e7a da consuma\u00e7\u00e3o da salva\u00e7\u00e3o oferecida por Jesus. Para esperar na santidade o encontro com o seu Senhor, o crist\u00e3o \u00e9 chamado a revestir da luz, Jesus Cristo. Revestir-se de Cristo \u00e9 abandonar as a\u00e7\u00f5es das trevas e das paix\u00f5es mundanas desordenadas. S\u00e3o Paulo apresenta uma lista, a qual se pode acrescentar muitos outros t\u00f3picos: bebedeiras, imoralidades, brigas, rivalidades (&#8230;)<\/span><span data-ccp-props=\"{&quot;134233117&quot;:true,&quot;134233118&quot;:true,&quot;201341983&quot;:0,&quot;335551550&quot;:6,&quot;335551620&quot;:6,&quot;335559731&quot;:708,&quot;335559740&quot;:240}\">\u00a0<\/span><\/p>\n<p style=\"text-align: justify;\"><span data-contrast=\"auto\">O <\/span><span data-contrast=\"auto\">Evangelho(Mt 24,37-44)<\/span><span data-contrast=\"auto\"> apela \u00e0 vigil\u00e2ncia, dentro do contexto do serm\u00e3o escatol\u00f3gico de Jesus (Mt 24-25). O batizado ideal n\u00e3o vive mergulhado nos prazeres que alienam, nem se deixa sufocar pelo trabalho excessivo, nem adormece numa passividade que lhe rouba as oportunidades; o crente ideal est\u00e1, em cada minuto que passa, atento e vigilante, acolhendo o Senhor que vem, respondendo aos seus desafios, cumprindo o seu papel, empenhando-se na constru\u00e7\u00e3o do \u201cReino\u201d. A vinda de Jesus, o Filho do Homem \u2013 Juiz Celeste \u2013 ser\u00e1 repentina e inesperada como a \u201cvisita de um ladr\u00e3o\u201d. As orienta\u00e7\u00f5es para o dia do julgamento da salva\u00e7\u00e3o s\u00e3o para que os disc\u00edpulos n\u00e3o vivam despreocupados como aqueles que no dia em que N\u00f3e entrou na arca. O disc\u00edpulo de Jesus, atento ao momento presente, se prepara para o \u201cencontro\u201d futuro, fomentando a espiritualidade pela ora\u00e7\u00e3o e pela pr\u00e1tica do bem, da caridade. N\u00f3s, a Igreja de Jesus, pela viv\u00eancia da sinodalidade, devemos evitar toda rivalidade, caminhar juntos em nossa miss\u00e3o comum: an\u00fancio e testemunho do Senhor que veio, vem e vir\u00e1!<\/span><span data-ccp-props=\"{&quot;134233117&quot;:true,&quot;134233118&quot;:true,&quot;201341983&quot;:0,&quot;335551550&quot;:6,&quot;335551620&quot;:6,&quot;335559731&quot;:708,&quot;335559740&quot;:240}\">\u00a0<\/span><\/p>\n<p style=\"text-align: justify;\"><span data-contrast=\"auto\">Vigiar \u00e9 n\u00e3o permitir que o cora\u00e7\u00e3o se torne pregui\u00e7oso e que a vida espiritual se enfraque\u00e7a na mediocridade. O crist\u00e3o adormecido s\u00f3 se interessa por aquilo que lhe conv\u00e9m e n\u00e3o tem entusiasmo pela miss\u00e3o e pela ora\u00e7\u00e3o. \u00c9 a ora\u00e7\u00e3o que coloca Deus no centro das aten\u00e7\u00f5es e desperta a alma do sono. Todo dia \u00e9 dia de viver a proposta de Jesus, e toda hora \u00e9 hora da vinda do Deus da vida. Somos lembrados de que estamos vivendo um tempo de gra\u00e7a, tempo forte, carregado de sentido, o qual nos humaniza e nos conduz ao encontro dos outros, sem polariza\u00e7\u00f5es. O chamado \u00e0 vigil\u00e2ncia \u00e9 um alerta de que o Senhor da vida est\u00e1 sempre conosco. Cabe a cada um acolh\u00ea-lo n\u00e3o apenas com palavras, mas principalmente com gestos concretos.\u00a0<\/span><span data-ccp-props=\"{&quot;134233117&quot;:true,&quot;134233118&quot;:true,&quot;201341983&quot;:0,&quot;335551550&quot;:6,&quot;335551620&quot;:6,&quot;335559731&quot;:708,&quot;335559740&quot;:240}\">\u00a0<\/span><\/p>\n<p><span data-ccp-props=\"{&quot;134233117&quot;:true,&quot;134233118&quot;:true,&quot;201341983&quot;:0,&quot;335551550&quot;:2,&quot;335551620&quot;:2,&quot;335559731&quot;:708,&quot;335559740&quot;:240}\">\u00a0<\/span><\/p>\n<p>&nbsp;<\/p>\n","protected":false},"excerpt":{"rendered":"<p>Dom Eurico dos Santos Veloso Arcebispo Em\u00e9rito de Juiz de Fora (MG)\u00a0 &nbsp; Estamos iniciando um novo ano lit\u00fargico, o ano lit\u00fargico A, que tem como Evangelista \u00e9 S\u00e3o Mateus. O tempo do Advento \u00e9 o sagrado tempo de prepara\u00e7\u00e3o para acolher a Cristo, no mist\u00e9rio da sua vinda entre n\u00f3s. Celebrar o Tempo do &hellip;<\/p>\n<p class=\"read-more\"> <a class=\"\" href=\"https:\/\/www.cnbb.org.br\/vigilantes-e-alertas\/\"> <span class=\"screen-reader-text\">Vigilantes e alertas!\u00a0<\/span> Leia mais &raquo;<\/a><\/p>\n","protected":false},"author":73,"featured_media":0,"comment_status":"open","ping_status":"open","sticky":false,"template":"","format":"standard","meta":{"site-sidebar-layout":"default","site-content-layout":"default","ast-global-header-display":"","ast-banner-title-visibility":"","ast-main-header-display":"","ast-hfb-above-header-display":"","ast-hfb-below-header-display":"","ast-hfb-mobile-header-display":"","site-post-title":"","ast-breadcrumbs-content":"","ast-featured-img":"","footer-sml-layout":"","theme-transparent-header-meta":"default","adv-header-id-meta":"","stick-header-meta":"","header-above-stick-meta":"","header-main-stick-meta":"","header-below-stick-meta":""},"categories":[758],"tags":[],"acf":[],"_links":{"self":[{"href":"https:\/\/www.cnbb.org.br\/cnbb-app\/wp\/v2\/posts\/933981"}],"collection":[{"href":"https:\/\/www.cnbb.org.br\/cnbb-app\/wp\/v2\/posts"}],"about":[{"href":"https:\/\/www.cnbb.org.br\/cnbb-app\/wp\/v2\/types\/post"}],"author":[{"embeddable":true,"href":"https:\/\/www.cnbb.org.br\/cnbb-app\/wp\/v2\/users\/73"}],"replies":[{"embeddable":true,"href":"https:\/\/www.cnbb.org.br\/cnbb-app\/wp\/v2\/comments?post=933981"}],"version-history":[{"count":2,"href":"https:\/\/www.cnbb.org.br\/cnbb-app\/wp\/v2\/posts\/933981\/revisions"}],"predecessor-version":[{"id":933984,"href":"https:\/\/www.cnbb.org.br\/cnbb-app\/wp\/v2\/posts\/933981\/revisions\/933984"}],"wp:attachment":[{"href":"https:\/\/www.cnbb.org.br\/cnbb-app\/wp\/v2\/media?parent=933981"}],"wp:term":[{"taxonomy":"category","embeddable":true,"href":"https:\/\/www.cnbb.org.br\/cnbb-app\/wp\/v2\/categories?post=933981"},{"taxonomy":"post_tag","embeddable":true,"href":"https:\/\/www.cnbb.org.br\/cnbb-app\/wp\/v2\/tags?post=933981"}],"curies":[{"name":"wp","href":"https:\/\/api.w.org\/{rel}","templated":true}]}}