{"id":934184,"date":"2022-11-25T12:43:54","date_gmt":"2022-11-25T15:43:54","guid":{"rendered":"https:\/\/www.cnbb.org.br\/?p=934184"},"modified":"2022-11-25T12:44:07","modified_gmt":"2022-11-25T15:44:07","slug":"cuidar-de-si-e-do-outro","status":"publish","type":"post","link":"https:\/\/www.cnbb.org.br\/cuidar-de-si-e-do-outro\/","title":{"rendered":"Cuidar de si e do outro\u00a0"},"content":{"rendered":"<p style=\"text-align: right;\"><strong>Cardeal Sergio da Rocha\u00a0<\/strong><br \/>\n<strong>Arcebispo de Salvador (BA)<\/strong><\/p>\n<p style=\"text-align: justify;\"><span data-ccp-props=\"{&quot;201341983&quot;:0,&quot;335551550&quot;:6,&quot;335551620&quot;:6,&quot;335559739&quot;:0,&quot;335559740&quot;:360}\">\u00a0<\/span><\/p>\n<p style=\"text-align: justify;\"><span data-contrast=\"auto\">O cuidado da pessoa tem inclu\u00eddo, sempre mais, a aten\u00e7\u00e3o \u00e0 sa\u00fade, apesar das dificuldades constatadas na preven\u00e7\u00e3o de enfermidades e no atendimento m\u00e9dico-hospitalar. \u00c9 preciso considerar a pessoa humana com suas v\u00e1rias dimens\u00f5es, que n\u00e3o devem ser descuidadas, incluindo-se a emocional e a espiritual, que nem sempre recebem a devida aten\u00e7\u00e3o. Infelizmente, muitas vezes, a busca de ajuda ocorre quando j\u00e1 se instalou ou agravou uma enfermidade. As dificuldades de acesso aos servi\u00e7os de sa\u00fade e os seus altos custos pesam bastante, agravando situa\u00e7\u00f5es que poderiam ser prevenidas ou tratadas no devido tempo.<\/span><span data-ccp-props=\"{&quot;201341983&quot;:0,&quot;335551550&quot;:6,&quot;335551620&quot;:6,&quot;335559731&quot;:708,&quot;335559739&quot;:0,&quot;335559740&quot;:360}\">\u00a0<\/span><\/p>\n<p style=\"text-align: justify;\"><span data-contrast=\"auto\">Embora seja sempre necess\u00e1rio o papel de cada um no cuidado da pr\u00f3pria sa\u00fade, \u00e9 muito importante a aten\u00e7\u00e3o das pessoas mais pr\u00f3ximas, como familiares, amigos e colegas de trabalho. A ajuda fraterna respeitosa, sem alarmismos, pode contribuir bastante para que algu\u00e9m possa reconhecer quadros de enfermidade e a buscar o devido tratamento, sem medo ou vergonha. A presen\u00e7a amiga e solid\u00e1ria \u00e9 sempre muito importante junto de quem passa por situa\u00e7\u00f5es de maior fragilidade na sa\u00fade, mas a ajuda especializada pode ser muito necess\u00e1ria.<\/span><span data-ccp-props=\"{&quot;201341983&quot;:0,&quot;335551550&quot;:6,&quot;335551620&quot;:6,&quot;335559731&quot;:708,&quot;335559739&quot;:0,&quot;335559740&quot;:360}\">\u00a0<\/span><\/p>\n<p style=\"text-align: justify;\"><span data-contrast=\"auto\">Os casos de depress\u00e3o, ansiedade e estresse aumentaram no contexto da pandemia. As incertezas, o medo, a enfermidade ou morte de familiares e amigos, as dificuldades econ\u00f4micas, t\u00eam repercutido na vida das pessoas, afetando tamb\u00e9m a sa\u00fade mental. Dentre os diversos fatores importantes de prote\u00e7\u00e3o da sa\u00fade mental est\u00e3o o sentido dado \u00e0 pr\u00f3pria exist\u00eancia, a redescoberta do valor e da alegria de viver e as atividades religiosas.\u00a0 No campo da espiritualidade t\u00eam sido revalorizados, hoje, a medita\u00e7\u00e3o, o sil\u00eancio e a ora\u00e7\u00e3o, assim como a participa\u00e7\u00e3o numa comunidade fraterna e acolhedora.\u00a0<\/span><span data-ccp-props=\"{&quot;201341983&quot;:0,&quot;335551550&quot;:6,&quot;335551620&quot;:6,&quot;335559731&quot;:708,&quot;335559739&quot;:0,&quot;335559740&quot;:360}\">\u00a0<\/span><\/p>\n<p style=\"text-align: justify;\"><span data-contrast=\"auto\">O cuidado de si necessita do outro, a partir dos c\u00edrculos mais pr\u00f3ximos de relacionamentos, como a fam\u00edlia. A experi\u00eancia de ser amado \u00e9 fundamental na supera\u00e7\u00e3o de enfermidades, especialmente quando se trata de dist\u00farbios de cunho psicol\u00f3gico. O amor que se expressa no cuidado de quem sofre contribui para a cura. N\u00e3o podemos cansar de amar quem passa por momentos de ang\u00fastia e depress\u00e3o e necessita de maior aten\u00e7\u00e3o fraterna e de cuidados. Amigos, familiares e profissionais de sa\u00fade compartilham a tarefa bela e exigente de cuidar.\u00a0 Contudo, os problemas n\u00e3o se restringem ao interior das casas ou ambientes de trabalho. Merecem especial aten\u00e7\u00e3o, dentre outros, os que est\u00e3o abandonados nas ruas, os que est\u00e3o nas pris\u00f5es e quem est\u00e1 em situa\u00e7\u00e3o de extrema pobreza. As doen\u00e7as mentais n\u00e3o implicam em menor dignidade humana ou menos direito \u00e0 assist\u00eancia m\u00e9dica. \u00c9 necess\u00e1rio olhar com mais aten\u00e7\u00e3o e cuidar da vida fragilizada pelas enfermidades, com especial aten\u00e7\u00e3o aos problemas de sa\u00fade de cunho psiqui\u00e1trico ou psicol\u00f3gico.<\/span><span data-ccp-props=\"{&quot;201341983&quot;:0,&quot;335551550&quot;:6,&quot;335551620&quot;:6,&quot;335559731&quot;:708,&quot;335559739&quot;:0,&quot;335559740&quot;:360}\">\u00a0<\/span><\/p>\n<p><span data-ccp-props=\"{&quot;201341983&quot;:0,&quot;335551550&quot;:6,&quot;335551620&quot;:6,&quot;335559739&quot;:0,&quot;335559740&quot;:360}\">\u00a0<\/span><\/p>\n","protected":false},"excerpt":{"rendered":"<p>Cardeal Sergio da Rocha\u00a0 Arcebispo de Salvador (BA) \u00a0 O cuidado da pessoa tem inclu\u00eddo, sempre mais, a aten\u00e7\u00e3o \u00e0 sa\u00fade, apesar das dificuldades constatadas na preven\u00e7\u00e3o de enfermidades e no atendimento m\u00e9dico-hospitalar. \u00c9 preciso considerar a pessoa humana com suas v\u00e1rias dimens\u00f5es, que n\u00e3o devem ser descuidadas, incluindo-se a emocional e a espiritual, que &hellip;<\/p>\n<p class=\"read-more\"> <a class=\"\" href=\"https:\/\/www.cnbb.org.br\/cuidar-de-si-e-do-outro\/\"> <span class=\"screen-reader-text\">Cuidar de si e do outro\u00a0<\/span> Leia mais &raquo;<\/a><\/p>\n","protected":false},"author":78,"featured_media":0,"comment_status":"open","ping_status":"open","sticky":false,"template":"","format":"standard","meta":{"site-sidebar-layout":"default","site-content-layout":"default","ast-global-header-display":"","ast-banner-title-visibility":"","ast-main-header-display":"","ast-hfb-above-header-display":"","ast-hfb-below-header-display":"","ast-hfb-mobile-header-display":"","site-post-title":"","ast-breadcrumbs-content":"","ast-featured-img":"","footer-sml-layout":"","theme-transparent-header-meta":"default","adv-header-id-meta":"","stick-header-meta":"","header-above-stick-meta":"","header-main-stick-meta":"","header-below-stick-meta":""},"categories":[758],"tags":[],"acf":[],"_links":{"self":[{"href":"https:\/\/www.cnbb.org.br\/cnbb-app\/wp\/v2\/posts\/934184"}],"collection":[{"href":"https:\/\/www.cnbb.org.br\/cnbb-app\/wp\/v2\/posts"}],"about":[{"href":"https:\/\/www.cnbb.org.br\/cnbb-app\/wp\/v2\/types\/post"}],"author":[{"embeddable":true,"href":"https:\/\/www.cnbb.org.br\/cnbb-app\/wp\/v2\/users\/78"}],"replies":[{"embeddable":true,"href":"https:\/\/www.cnbb.org.br\/cnbb-app\/wp\/v2\/comments?post=934184"}],"version-history":[{"count":2,"href":"https:\/\/www.cnbb.org.br\/cnbb-app\/wp\/v2\/posts\/934184\/revisions"}],"predecessor-version":[{"id":934186,"href":"https:\/\/www.cnbb.org.br\/cnbb-app\/wp\/v2\/posts\/934184\/revisions\/934186"}],"wp:attachment":[{"href":"https:\/\/www.cnbb.org.br\/cnbb-app\/wp\/v2\/media?parent=934184"}],"wp:term":[{"taxonomy":"category","embeddable":true,"href":"https:\/\/www.cnbb.org.br\/cnbb-app\/wp\/v2\/categories?post=934184"},{"taxonomy":"post_tag","embeddable":true,"href":"https:\/\/www.cnbb.org.br\/cnbb-app\/wp\/v2\/tags?post=934184"}],"curies":[{"name":"wp","href":"https:\/\/api.w.org\/{rel}","templated":true}]}}