{"id":934187,"date":"2022-11-25T12:45:02","date_gmt":"2022-11-25T15:45:02","guid":{"rendered":"https:\/\/www.cnbb.org.br\/?p=934187"},"modified":"2022-11-25T12:45:16","modified_gmt":"2022-11-25T15:45:16","slug":"o-tempo-do-advento-vivido-como-espera-e-esperanca","status":"publish","type":"post","link":"https:\/\/www.cnbb.org.br\/o-tempo-do-advento-vivido-como-espera-e-esperanca\/","title":{"rendered":"O Tempo do Advento vivido como espera e esperan\u00e7a\u00a0"},"content":{"rendered":"<p style=\"text-align: right;\"><strong>Dom Jos\u00e9 Gislon<br \/>\nBispo de Caxias do Sul (RS)<\/strong><\/p>\n<p style=\"text-align: justify;\"><span data-ccp-props=\"{&quot;201341983&quot;:0,&quot;335551550&quot;:2,&quot;335551620&quot;:2,&quot;335559739&quot;:0,&quot;335559740&quot;:240}\">\u00a0<\/span><\/p>\n<p style=\"text-align: justify;\"><span data-ccp-props=\"{&quot;201341983&quot;:0,&quot;335551550&quot;:6,&quot;335551620&quot;:6,&quot;335559739&quot;:0,&quot;335559740&quot;:240}\">\u00a0<\/span><\/p>\n<p style=\"text-align: justify;\"><span data-contrast=\"auto\">Estimados irm\u00e3os e irm\u00e3s em Cristo Jesus! Como crist\u00e3os e peregrinos neste mundo, iniciamos o Tempo do Advento. \u00c9 um tempo de prepara\u00e7\u00e3o espiritual \u201cinterior\u201d, para a celebra\u00e7\u00e3o das solenidades do Natal, em que se comemora o nascimento de Jesus, o Filho do Deus alt\u00edssimo, que veio habitar entre n\u00f3s, assumindo a nossa realidade humana, no projeto de amor do Pai. Podemos dizer que \u00e9 um tempo de espera, mas n\u00e3o esperamos sozinhos, porque o Santo Natal tem uma forte mensagem de vida, de paz e fraternidade, marcada pelo amor de Deus, que toca os cora\u00e7\u00f5es das pessoas, fazendo irradiar no mundo uma corrente do bem, marcada pelo amor-solidariedade.\u00a0<\/span><span data-ccp-props=\"{&quot;201341983&quot;:0,&quot;335551550&quot;:6,&quot;335551620&quot;:6,&quot;335559739&quot;:200,&quot;335559740&quot;:240}\">\u00a0<\/span><\/p>\n<p style=\"text-align: justify;\"><span data-contrast=\"auto\">O Advento<\/span><span data-contrast=\"auto\"> \u00e9 o tempo do crist\u00e3o que est\u00e1 a<\/span><span data-contrast=\"auto\"> caminho, em dire\u00e7\u00e3o \u00e0 vida eterna, em dire\u00e7\u00e3o ao c\u00e9u. Esse \u00e9 um tempo para deixarmos florescer a espiritualidade do amor-comunh\u00e3o, em que a nossa preocupa\u00e7\u00e3o em enfeitar os espa\u00e7os exteriores para as celebra\u00e7\u00f5es do Natal de Jesus seja motivada espiritualmente, pela mensagem de amor-comunh\u00e3o entre o c\u00e9u e a terra, e da realidade divina com as nossas fragilidades humanas.<\/span><span data-ccp-props=\"{&quot;201341983&quot;:0,&quot;335551550&quot;:6,&quot;335551620&quot;:6,&quot;335559739&quot;:200,&quot;335559740&quot;:276}\">\u00a0<\/span><\/p>\n<p style=\"text-align: justify;\"><span data-contrast=\"auto\">O Tempo do Advento \u00e9 bonito e merece ser vivido com intensidade na vida espiritual de cada crist\u00e3o, nas fam\u00edlias e na Igreja, para testemunharmos com f\u00e9, amor, alegria e esperan\u00e7a, os valores do Evangelho, que o menino nascido em Bel\u00e9m nos ensinou.\u00a0<\/span><span data-ccp-props=\"{&quot;201341983&quot;:0,&quot;335551550&quot;:6,&quot;335551620&quot;:6,&quot;335559739&quot;:200,&quot;335559740&quot;:276}\">\u00a0<\/span><\/p>\n<p style=\"text-align: justify;\"><span data-contrast=\"auto\">Na Igreja, comunidade de f\u00e9, o Tempo do Advento tem s\u00edmbolos pr\u00f3prios. Entre eles, a coroa do Advento com as quatro velas, que marcam as quatro semanas que antecedem a chegada do Santo Natal. Eles nos ajudam a percorrermos esse caminho de prepara\u00e7\u00e3o interior, de espera e esperan\u00e7a. Nas nossas cidades, vemos as casas, as pra\u00e7as e as ruas enfeitadas e iluminadas, com milhares de l\u00e2mpadas, evocando que o Natal \u00e9 a Festa da Luz.\u00a0<\/span><span data-ccp-props=\"{&quot;201341983&quot;:0,&quot;335551550&quot;:6,&quot;335551620&quot;:6,&quot;335559739&quot;:200,&quot;335559740&quot;:276}\">\u00a0<\/span><\/p>\n<p style=\"text-align: justify;\"><span data-contrast=\"auto\">Esse tempo t\u00e3o especial n\u00e3o deveria passar despercebido, nem ser vivido na indiferen\u00e7a espiritual por aqueles e aquelas que professam a f\u00e9 em Jesus Cristo. Em geral, no local onde vivemos procuramos fazer uma limpeza geral, colocar tudo em ordem, para receber com esmero as visitas que v\u00e3o chegar para festejar. Seria muito bonito que essa preocupa\u00e7\u00e3o estivesse presente tamb\u00e9m na prepara\u00e7\u00e3o da nossa morada interior, para que o Senhor Jesus possa entrar, para ilumin\u00e1-la com a gra\u00e7a e a luz da sua presen\u00e7a, e festejar conosco o seu Natal.\u00a0<\/span><span data-ccp-props=\"{&quot;201341983&quot;:0,&quot;335551550&quot;:6,&quot;335551620&quot;:6,&quot;335559739&quot;:200,&quot;335559740&quot;:276}\">\u00a0<\/span><\/p>\n<p style=\"text-align: justify;\"><span data-contrast=\"auto\">Estimados irm\u00e3os e irm\u00e3s, o Sacramento da Reconcilia\u00e7\u00e3o tem esse poder de preparar a nossa morada interior, para receber Jesus e celebrar a Festa da sua vinda entre n\u00f3s. Como crist\u00e3os, preparai-vos para celebrar dignamente o Santo Natal.<\/span><span data-ccp-props=\"{&quot;201341983&quot;:0,&quot;335551550&quot;:6,&quot;335551620&quot;:6,&quot;335559739&quot;:200,&quot;335559740&quot;:276}\">\u00a0<\/span><\/p>\n<p style=\"text-align: justify;\"><span data-ccp-props=\"{&quot;201341983&quot;:0,&quot;335551550&quot;:6,&quot;335551620&quot;:6,&quot;335559739&quot;:200,&quot;335559740&quot;:240}\">\u00a0<\/span><\/p>\n<p>&nbsp;<\/p>\n","protected":false},"excerpt":{"rendered":"<p>Dom Jos\u00e9 Gislon Bispo de Caxias do Sul (RS) \u00a0 \u00a0 Estimados irm\u00e3os e irm\u00e3s em Cristo Jesus! Como crist\u00e3os e peregrinos neste mundo, iniciamos o Tempo do Advento. \u00c9 um tempo de prepara\u00e7\u00e3o espiritual \u201cinterior\u201d, para a celebra\u00e7\u00e3o das solenidades do Natal, em que se comemora o nascimento de Jesus, o Filho do Deus &hellip;<\/p>\n<p class=\"read-more\"> <a class=\"\" href=\"https:\/\/www.cnbb.org.br\/o-tempo-do-advento-vivido-como-espera-e-esperanca\/\"> <span class=\"screen-reader-text\">O Tempo do Advento vivido como espera e esperan\u00e7a\u00a0<\/span> Leia mais &raquo;<\/a><\/p>\n","protected":false},"author":20,"featured_media":0,"comment_status":"open","ping_status":"open","sticky":false,"template":"","format":"standard","meta":{"site-sidebar-layout":"default","site-content-layout":"default","ast-global-header-display":"","ast-banner-title-visibility":"","ast-main-header-display":"","ast-hfb-above-header-display":"","ast-hfb-below-header-display":"","ast-hfb-mobile-header-display":"","site-post-title":"","ast-breadcrumbs-content":"","ast-featured-img":"","footer-sml-layout":"","theme-transparent-header-meta":"default","adv-header-id-meta":"","stick-header-meta":"","header-above-stick-meta":"","header-main-stick-meta":"","header-below-stick-meta":""},"categories":[758],"tags":[],"acf":[],"_links":{"self":[{"href":"https:\/\/www.cnbb.org.br\/cnbb-app\/wp\/v2\/posts\/934187"}],"collection":[{"href":"https:\/\/www.cnbb.org.br\/cnbb-app\/wp\/v2\/posts"}],"about":[{"href":"https:\/\/www.cnbb.org.br\/cnbb-app\/wp\/v2\/types\/post"}],"author":[{"embeddable":true,"href":"https:\/\/www.cnbb.org.br\/cnbb-app\/wp\/v2\/users\/20"}],"replies":[{"embeddable":true,"href":"https:\/\/www.cnbb.org.br\/cnbb-app\/wp\/v2\/comments?post=934187"}],"version-history":[{"count":1,"href":"https:\/\/www.cnbb.org.br\/cnbb-app\/wp\/v2\/posts\/934187\/revisions"}],"predecessor-version":[{"id":934188,"href":"https:\/\/www.cnbb.org.br\/cnbb-app\/wp\/v2\/posts\/934187\/revisions\/934188"}],"wp:attachment":[{"href":"https:\/\/www.cnbb.org.br\/cnbb-app\/wp\/v2\/media?parent=934187"}],"wp:term":[{"taxonomy":"category","embeddable":true,"href":"https:\/\/www.cnbb.org.br\/cnbb-app\/wp\/v2\/categories?post=934187"},{"taxonomy":"post_tag","embeddable":true,"href":"https:\/\/www.cnbb.org.br\/cnbb-app\/wp\/v2\/tags?post=934187"}],"curies":[{"name":"wp","href":"https:\/\/api.w.org\/{rel}","templated":true}]}}