{"id":934470,"date":"2022-12-22T12:01:12","date_gmt":"2022-12-22T15:01:12","guid":{"rendered":"https:\/\/www.cnbb.org.br\/?p=934470"},"modified":"2022-12-22T12:13:39","modified_gmt":"2022-12-22T15:13:39","slug":"as-celebracoes-do-papa-francisco-por-ocasiao-das-festas-de-natal","status":"publish","type":"post","link":"https:\/\/www.cnbb.org.br\/as-celebracoes-do-papa-francisco-por-ocasiao-das-festas-de-natal\/","title":{"rendered":"As celebra\u00e7\u00f5es do Papa Francisco por ocasi\u00e3o das festas de Natal"},"content":{"rendered":"<p style=\"text-align: justify;\">Aos poucos o Natal vai se aproximando e os fi\u00e9is se preparando \u00e0s celebra\u00e7\u00f5es, durante estas quatro semanas do Advento. Um momento que \u00e9 marcado por uma grande expectativa em toda a Igreja, de aten\u00e7\u00e3o e vigil\u00e2ncia, \u00e0 espera da vinda do Senhor, como o Papa Francisco recordou durante a\u00a0<a href=\"https:\/\/press.vatican.va\/content\/salastampa\/it\/bollettino\/pubblico\/2022\/11\/30\/0887\/01854.html\" target=\"_blank\" rel=\"external noopener\">Audi\u00eancia Geral desta quarta-feira (30)<\/a>, em diferentes sauda\u00e7\u00f5es aos peregrinos. Como aconteceu ao se dirigir aos fi\u00e9is de l\u00edngua portuguesa presentes na Pra\u00e7a S\u00e3o Pedro:<\/p>\n<div style=\"text-align: justify;\">\n<div class=\"article__embed article__embed--border embed_style\">\n<blockquote><p>\u201cCome\u00e7amos o tempo de Advento, em prepara\u00e7\u00e3o para a vinda de Jesus. \u00c9 tempo prop\u00edcio para fazer um bom exame de consci\u00eancia e, se encontramos algo que n\u00e3o est\u00e1 bem, pedir perd\u00e3o ao Senhor e retomar o caminho certo. Que Deus vos aben\u00e7oe e a Virgem Santa vos proteja!\u201d<\/p><\/blockquote>\n<\/div>\n<\/div>\n<p style=\"text-align: justify;\">Aos peregrinos de l\u00edngua inglesa e alem\u00e3, o Papa exortou que, neste tempo fecundo de Advento, um per\u00edodo &#8220;para acolher, no Natal, o Menino Jesus, Filho de Deus e Pr\u00edncipe da Paz&#8221;, &#8220;a l\u00e2mpada da nossa f\u00e9 em Cristo ilumine suas vidas. Ao ancorarmos a nossa esperan\u00e7a no Senhor, que possamos superar todas as decep\u00e7\u00f5es para alcan\u00e7ar a felicidade plena&#8221;.<\/p>\n<p style=\"text-align: justify;\">J\u00e1 aos fi\u00e9is de l\u00edngua francesa presentes na Pra\u00e7a S\u00e3o Pedro, Francisco novamente recordou dos conflitos que aflingem o mundo, mesmo neste per\u00edodo de prepara\u00e7\u00e3o ao Natal:<\/p>\n<div style=\"text-align: justify;\">\n<div class=\"article__embed article__embed--border embed_style\">\n<blockquote><p>\u201cIrm\u00e3os e irm\u00e3s, entramos no tempo do Advento cheios de esperan\u00e7a e suplicamos fervorosamente ao Pr\u00edncipe da Paz que traga consolo aos nossos cora\u00e7\u00f5es feridos, bem como \u00e0s na\u00e7\u00f5es provadas pelas guerras e crises de todo tipo, por uma vida digna e serena.\u201d<\/p><\/blockquote>\n<\/div>\n<\/div>\n<h2 style=\"text-align: justify;\">A Missa de Natal<\/h2>\n<p style=\"text-align: justify;\">Assim, enquanto o Papa recordou o in\u00edcio do tempo lit\u00fargico do Advento que acaba de come\u00e7ar, convidando a encontrar o Senhor atrav\u00e9s da\u00a0ora\u00e7\u00e3o, da penit\u00eancia e de obras de caridade, a Sala de Imprensa da Santa S\u00e9 divulgou nesta quarta-feira (30) o\u00a0<a href=\"https:\/\/press.vatican.va\/content\/salastampa\/it\/bollettino\/pubblico\/2022\/11\/30\/0889\/01867.html\" target=\"_blank\" rel=\"external noopener\">Calend\u00e1rio das Celebra\u00e7\u00f5es Lit\u00fargicas Pontif\u00edcias<\/a>.\u00a0No dia 24 de dezembro, a Missa de Natal presidida pelo Papa na Bas\u00edlica de S\u00e3o Pedro ser\u00e1 realizada \u00e0s 19h30 na It\u00e1lia, 15h30 no hor\u00e1rio de Bras\u00edlia. Tamb\u00e9m neste ano, o Pont\u00edfice vai manter, portanto, o hor\u00e1rio antecipado que foi inaugurado em 2020, devido \u00e0s restri\u00e7\u00f5es da Covid, depois confirmado em 2021.<\/p>\n<h2 style=\"text-align: justify;\">Urbi e Orbi<\/h2>\n<p style=\"text-align: justify;\">Al\u00e9m da missa de 24 de dezembro, o calend\u00e1rio das celebra\u00e7\u00f5es do Papa inclui a b\u00ean\u00e7\u00e3o Urbi et Orbi, no dia 25, da Loggia Central da Bas\u00edlica de S\u00e3o Pedro ao meio-dia na It\u00e1lia, 8h no hor\u00e1rio de Bras\u00edlia. No dia 31 de dezembro, \u00e0s 17h na It\u00e1lia, 13h no hor\u00e1rio de Bras\u00edlia, na Bas\u00edlica do Vaticano, o Papa vai presidir a celebra\u00e7\u00e3o das Primeiras V\u00e9speras e recitar o Te Deum em a\u00e7\u00e3o de gra\u00e7as pelo ano que passou.<\/p>\n<h2 style=\"text-align: justify;\">As celebra\u00e7\u00f5es de janeiro<\/h2>\n<p style=\"text-align: justify;\">No dia 1\u00ba de janeiro, Francisco vai celebrar a Missa pela Solenidade de Maria Sant\u00edssima M\u00e3e de Deus, novamente na Bas\u00edlica de S\u00e3o Pedro, \u00e0s 10h na It\u00e1lia, 6h no hor\u00e1rio de Bras\u00edlia. Tamb\u00e9m na Bas\u00edlica, no dia 6 de janeiro, ser\u00e1 realizada a Missa pela Solenidade da Epifania do Senhor \u00e0s 10h na It\u00e1lia, 6h no hor\u00e1rio de Bras\u00edlia. Finalmente, como tradi\u00e7\u00e3o, no dia 8 de janeiro, no domingo ap\u00f3s a Epifania, o Pont\u00edfice vai presidir uma celebra\u00e7\u00e3o na Capela Sistina para a festa do Batismo do Senhor, durante a qual vai batizar algumas crian\u00e7as: come\u00e7a \u00e0s 9h30 na It\u00e1lia, 5h30 no hor\u00e1rio de Bras\u00edlia.<\/p>\n<pre><em>Andressa Collet - Vatican News<\/em><\/pre>\n","protected":false},"excerpt":{"rendered":"<p>Publicado o Calend\u00e1rio das Celebra\u00e7\u00f5es Lit\u00fargicas Pontif\u00edcias: desde a Missa de 24 de dezembro na Bas\u00edlica de S\u00e3o Pedro at\u00e9 a celebra\u00e7\u00e3o na Capela Sistina de 8 de janeiro, durante a qual o Pont\u00edfice vai batizar algumas crian\u00e7as. Todas as cerim\u00f4nias ser\u00e3o transmitidas ao vivo, com coment\u00e1rios em portugu\u00eas, pelos canais do Vatican News<\/p>\n","protected":false},"author":83,"featured_media":934472,"comment_status":"open","ping_status":"open","sticky":false,"template":"","format":"standard","meta":{"site-sidebar-layout":"default","site-content-layout":"default","ast-global-header-display":"","ast-banner-title-visibility":"","ast-main-header-display":"","ast-hfb-above-header-display":"","ast-hfb-below-header-display":"","ast-hfb-mobile-header-display":"","site-post-title":"","ast-breadcrumbs-content":"","ast-featured-img":"","footer-sml-layout":"","theme-transparent-header-meta":"default","adv-header-id-meta":"","stick-header-meta":"","header-above-stick-meta":"","header-main-stick-meta":"","header-below-stick-meta":""},"categories":[50,784],"tags":[3210],"acf":[],"_links":{"self":[{"href":"https:\/\/www.cnbb.org.br\/cnbb-app\/wp\/v2\/posts\/934470"}],"collection":[{"href":"https:\/\/www.cnbb.org.br\/cnbb-app\/wp\/v2\/posts"}],"about":[{"href":"https:\/\/www.cnbb.org.br\/cnbb-app\/wp\/v2\/types\/post"}],"author":[{"embeddable":true,"href":"https:\/\/www.cnbb.org.br\/cnbb-app\/wp\/v2\/users\/83"}],"replies":[{"embeddable":true,"href":"https:\/\/www.cnbb.org.br\/cnbb-app\/wp\/v2\/comments?post=934470"}],"version-history":[{"count":1,"href":"https:\/\/www.cnbb.org.br\/cnbb-app\/wp\/v2\/posts\/934470\/revisions"}],"predecessor-version":[{"id":934473,"href":"https:\/\/www.cnbb.org.br\/cnbb-app\/wp\/v2\/posts\/934470\/revisions\/934473"}],"wp:featuredmedia":[{"embeddable":true,"href":"https:\/\/www.cnbb.org.br\/cnbb-app\/wp\/v2\/media\/934472"}],"wp:attachment":[{"href":"https:\/\/www.cnbb.org.br\/cnbb-app\/wp\/v2\/media?parent=934470"}],"wp:term":[{"taxonomy":"category","embeddable":true,"href":"https:\/\/www.cnbb.org.br\/cnbb-app\/wp\/v2\/categories?post=934470"},{"taxonomy":"post_tag","embeddable":true,"href":"https:\/\/www.cnbb.org.br\/cnbb-app\/wp\/v2\/tags?post=934470"}],"curies":[{"name":"wp","href":"https:\/\/api.w.org\/{rel}","templated":true}]}}