{"id":934511,"date":"2022-12-02T11:19:27","date_gmt":"2022-12-02T14:19:27","guid":{"rendered":"https:\/\/www.cnbb.org.br\/?p=934511"},"modified":"2022-12-02T11:19:42","modified_gmt":"2022-12-02T14:19:42","slug":"o-amor-nos-aproxima-de-deus-e-dos-irmaos","status":"publish","type":"post","link":"https:\/\/www.cnbb.org.br\/o-amor-nos-aproxima-de-deus-e-dos-irmaos\/","title":{"rendered":"O amor nos aproxima de Deus e dos irm\u00e3os\u00a0"},"content":{"rendered":"<p style=\"text-align: right;\"><strong>Dom Jos\u00e9 Gislon<br \/>\nBispo de Caxias do Sul (RS)<\/strong><\/p>\n<p>&nbsp;<\/p>\n<p style=\"text-align: justify;\"><span data-contrast=\"auto\">Estimados irm\u00e3os e irm\u00e3s em Cristo Jesus!<\/span> <span data-contrast=\"auto\">O Advento \u00e9 tamb\u00e9m um tempo especial para refletirmos sobre o amor, a ternura e a humildade de Deus. \u00c9 um tempo para olharmos para dentro de n\u00f3s mesmos e refletirmos sobre como estamos vivendo o dom da vida que o Senhor nos concedeu, e nos perguntarmos: tem um espa\u00e7o para Deus na minha vida? Tenho tirado um pouco do meu tempo para ajudar o meu irm\u00e3o a ter a dignidade de filho de Deus? Estou amando e cuidando da minha fam\u00edlia? Tenho valorizado o meu trabalho como algo importante na minha vida? Tenho participado da vida da comunidade, contribuindo com minha presen\u00e7a e meus talentos, para que ela seja cada vez mais uma comunidade crist\u00e3, onde resplandece a beleza do Evangelho, no encontro dos disc\u00edpulos do Senhor Jesus?<\/span><span data-ccp-props=\"{&quot;201341983&quot;:0,&quot;335551550&quot;:6,&quot;335551620&quot;:6,&quot;335559739&quot;:0,&quot;335559740&quot;:240}\">\u00a0<\/span><\/p>\n<p style=\"text-align: justify;\"><span data-contrast=\"auto\">Mesmo no contexto de uma sociedade ordeira e trabalhadora, que prima pelos valores da fam\u00edlia, temos muitas realidades que precisam de um olhar de amor-compaix\u00e3o. Este olhar de amor-compaix\u00e3o n\u00e3o deve ser vivido na indiferen\u00e7a, mas no agir de forma concreta. Por isso, tomo a liberdade de lan\u00e7ar um desafio para este tempo de Advento. Esse desafio \u00e9 dirigido aos irm\u00e3os e irm\u00e3s que, em nome do Senhor Jesus, e por Jesus, podem fazer algo de bom pelo outro ou pelos outros. N\u00e3o tenham medo, abram o cora\u00e7\u00e3o e o fa\u00e7am. Convido cada um em particular a refletir e se propor a fazer uma boa a\u00e7\u00e3o, durante esse Advento, em prepara\u00e7\u00e3o \u00e0s celebra\u00e7\u00f5es do Natal do Senhor Jesus.\u00a0<\/span><span data-ccp-props=\"{&quot;201341983&quot;:0,&quot;335551550&quot;:6,&quot;335551620&quot;:6,&quot;335559739&quot;:0,&quot;335559740&quot;:240}\">\u00a0<\/span><\/p>\n<p style=\"text-align: justify;\"><span data-contrast=\"auto\">Neste Tempo do Advento, podemos nos encantar com as luzes que decorram os ambientes, as pra\u00e7as e ruas das nossas cidades. Mas, por mais abundantes e belas que sejam as luzes, se falta dentro de n\u00f3s a luz do amor, o nosso cora\u00e7\u00e3o vai estar mergulhado na penumbra, onde falta a luz do amor divino, capaz de amar a realidade humana, muitas vezes ferida pelos acontecimentos da vida.\u00a0<\/span><span data-ccp-props=\"{&quot;201341983&quot;:0,&quot;335551550&quot;:6,&quot;335551620&quot;:6,&quot;335559739&quot;:0,&quot;335559740&quot;:240}\">\u00a0<\/span><\/p>\n<p style=\"text-align: justify;\"><span data-contrast=\"auto\">Estimados irm\u00e3os e irm\u00e3s! Acendamos as luzes nas pra\u00e7as, nas ruas e avenidas, acendamos as luzes da \u00e1rvore de Natal, acendamos as luzes das nossas casas, mas cuidemos para que a luz da f\u00e9 em Cristo Jesus n\u00e3o se apague no nosso cora\u00e7\u00e3o, mas que seja reavivada, que brilhe intensamente, pelos gestos de compaix\u00e3o, de amor-caridade que iremos praticar, em prepara\u00e7\u00e3o \u00e0 festa que se aproxima.<\/span><span data-ccp-props=\"{&quot;201341983&quot;:0,&quot;335551550&quot;:6,&quot;335551620&quot;:6,&quot;335559739&quot;:0,&quot;335559740&quot;:240}\">\u00a0<\/span><\/p>\n<p style=\"text-align: justify;\"><span data-ccp-props=\"{&quot;201341983&quot;:0,&quot;335551550&quot;:6,&quot;335551620&quot;:6,&quot;335559739&quot;:0,&quot;335559740&quot;:240}\">\u00a0<\/span><\/p>\n<p style=\"text-align: justify;\"><span data-ccp-props=\"{&quot;201341983&quot;:0,&quot;335551550&quot;:6,&quot;335551620&quot;:6,&quot;335559739&quot;:0,&quot;335559740&quot;:240}\">\u00a0<\/span><\/p>\n","protected":false},"excerpt":{"rendered":"<p>Dom Jos\u00e9 Gislon Bispo de Caxias do Sul (RS) &nbsp; Estimados irm\u00e3os e irm\u00e3s em Cristo Jesus! O Advento \u00e9 tamb\u00e9m um tempo especial para refletirmos sobre o amor, a ternura e a humildade de Deus. \u00c9 um tempo para olharmos para dentro de n\u00f3s mesmos e refletirmos sobre como estamos vivendo o dom da &hellip;<\/p>\n<p class=\"read-more\"> <a class=\"\" href=\"https:\/\/www.cnbb.org.br\/o-amor-nos-aproxima-de-deus-e-dos-irmaos\/\"> <span class=\"screen-reader-text\">O amor nos aproxima de Deus e dos irm\u00e3os\u00a0<\/span> Leia mais &raquo;<\/a><\/p>\n","protected":false},"author":20,"featured_media":0,"comment_status":"open","ping_status":"open","sticky":false,"template":"","format":"standard","meta":{"site-sidebar-layout":"default","site-content-layout":"default","ast-global-header-display":"","ast-banner-title-visibility":"","ast-main-header-display":"","ast-hfb-above-header-display":"","ast-hfb-below-header-display":"","ast-hfb-mobile-header-display":"","site-post-title":"","ast-breadcrumbs-content":"","ast-featured-img":"","footer-sml-layout":"","theme-transparent-header-meta":"default","adv-header-id-meta":"","stick-header-meta":"","header-above-stick-meta":"","header-main-stick-meta":"","header-below-stick-meta":""},"categories":[758],"tags":[],"acf":[],"_links":{"self":[{"href":"https:\/\/www.cnbb.org.br\/cnbb-app\/wp\/v2\/posts\/934511"}],"collection":[{"href":"https:\/\/www.cnbb.org.br\/cnbb-app\/wp\/v2\/posts"}],"about":[{"href":"https:\/\/www.cnbb.org.br\/cnbb-app\/wp\/v2\/types\/post"}],"author":[{"embeddable":true,"href":"https:\/\/www.cnbb.org.br\/cnbb-app\/wp\/v2\/users\/20"}],"replies":[{"embeddable":true,"href":"https:\/\/www.cnbb.org.br\/cnbb-app\/wp\/v2\/comments?post=934511"}],"version-history":[{"count":1,"href":"https:\/\/www.cnbb.org.br\/cnbb-app\/wp\/v2\/posts\/934511\/revisions"}],"predecessor-version":[{"id":934512,"href":"https:\/\/www.cnbb.org.br\/cnbb-app\/wp\/v2\/posts\/934511\/revisions\/934512"}],"wp:attachment":[{"href":"https:\/\/www.cnbb.org.br\/cnbb-app\/wp\/v2\/media?parent=934511"}],"wp:term":[{"taxonomy":"category","embeddable":true,"href":"https:\/\/www.cnbb.org.br\/cnbb-app\/wp\/v2\/categories?post=934511"},{"taxonomy":"post_tag","embeddable":true,"href":"https:\/\/www.cnbb.org.br\/cnbb-app\/wp\/v2\/tags?post=934511"}],"curies":[{"name":"wp","href":"https:\/\/api.w.org\/{rel}","templated":true}]}}