{"id":934670,"date":"2022-12-09T08:00:26","date_gmt":"2022-12-09T11:00:26","guid":{"rendered":"https:\/\/www.cnbb.org.br\/?p=934670"},"modified":"2022-12-09T08:54:15","modified_gmt":"2022-12-09T11:54:15","slug":"ce-2022-dom-joel-doacao-fortalece-missao-evangelizadora-igreja","status":"publish","type":"post","link":"https:\/\/www.cnbb.org.br\/ce-2022-dom-joel-doacao-fortalece-missao-evangelizadora-igreja\/","title":{"rendered":"Dom Joel Amado: sua doa\u00e7\u00e3o fortalece a miss\u00e3o evangelizadora da Igreja"},"content":{"rendered":"<p style=\"text-align: justify;\">O bispo auxiliar da arquidiocese do Rio de Janeiro (RJ) e secret\u00e1rio-geral da Confer\u00eancia Nacional dos Bispos do Brasil (CNBB), dom Joel Portella Amado, motivou a participa\u00e7\u00e3o dos fi\u00e9is cat\u00f3licos do Brasil na Coleta para a Evangeliza\u00e7\u00e3o. Um dos pontos altos da Campanha para a Evangeliza\u00e7\u00e3o, a coleta ocorre no pr\u00f3ximo final de semana, dias 10 e 11 de dezembro, quando \u00e9 celebrado o 3\u00ba Domingo do Advento.<\/p>\n<blockquote>\n<p style=\"text-align: justify;\">&#8220;Com sua doa\u00e7\u00e3o, nesse 3\u00ba Domingo do Advento, voc\u00ea fortalece a a\u00e7\u00e3o evangelizadora da Igreja. Participe!&#8221;, motivou o secret\u00e1rio<\/p>\n<\/blockquote>\n<p style=\"text-align: justify;\">No v\u00eddeo, dom Joel recorda que os recursos apoiam iniciativas como a forma\u00e7\u00e3o e atualiza\u00e7\u00e3o dos catequistas brasileiros, o acompanhamento \u00e0s equipes de Anima\u00e7\u00e3o B\u00edblica da Pastoral nos 19 regionais da CNBB e o fortalecimento da organiza\u00e7\u00e3o dos leigos e leigas do Brasil.<\/p>\n<p style=\"text-align: justify;\">Criada pela CNBB em 1998, a campanha busca mobilizar os cat\u00f3licos para que assumam a corresponsabilidade na sustenta\u00e7\u00e3o das atividades evangelizadoras da Igreja no Brasil. Inspirada na Fratelli Tutti, do Papa Francisco, este ano, especialmente, a Campanha busca fortalecer a cultura do encontro.<\/p>\n<h3 style=\"text-align: justify;\">Distribui\u00e7\u00e3o dos recursos<\/h3>\n<p style=\"text-align: justify;\">Os recursos arrecadados pela coleta s\u00e3o distribu\u00eddos em tr\u00eas n\u00edveis. A maior parte (45% do montante arrecadado) permanece na diocese para subsidiar a a\u00e7\u00e3o mission\u00e1ria, evangelizadora e pastoral da pr\u00f3pria Igreja local. O restante \u00e9 distribu\u00eddo para o Regional e para a CNBB em \u00e2mbito nacional: 20% s\u00e3o encaminhados aos regionais da CNBB, com a mesma finalidade de sustentar as estruturas regionais de evangeliza\u00e7\u00e3o; e os demais, 35% destinam-se \u00e0 CNBB, de forma a garantir iniciativas e estruturas evangelizadoras em todo o Brasil, especialmente nas regi\u00f5es mais carentes.<\/p>\n<p style=\"text-align: justify;\">Confira o v\u00eddeo de dom Joel:<\/p>\n<div class=\"ast-oembed-container\" style=\"height: 100%;\"><iframe loading=\"lazy\" title=\"Dom Joel fala sobre a Campanha para a Evangeliza\u00e7\u00e3o 2022\" width=\"500\" height=\"281\" src=\"https:\/\/www.youtube.com\/embed\/cpCGJJXBvpo?feature=oembed\" frameborder=\"0\" allow=\"accelerometer; autoplay; clipboard-write; encrypted-media; gyroscope; picture-in-picture\" allowfullscreen><\/iframe><\/div>\n<h3 style=\"text-align: justify;\">Gra\u00e7a e miss\u00e3o<\/h3>\n<p style=\"text-align: justify;\">Inspirado na Fratelli Tutti, o tema proposto para a Campanha para a Evangeliza\u00e7\u00e3o deste ano tamb\u00e9m est\u00e1 em sintonia com o 3\u00ba Ano Vocacional do Brasil. &#8220;Evangelizar: gra\u00e7a e miss\u00e3o que se d\u00e1 no encontro&#8221; recorda que evangelizar \u00e9 a voca\u00e7\u00e3o da Igreja e, nela, a voca\u00e7\u00e3o de cada batizado, disc\u00edpulo mission\u00e1rio de Jesus Cristo. &#8220;Essa voca\u00e7\u00e3o \u00e9 dom e compromisso, ou seja, \u00e9 gra\u00e7a e miss\u00e3o, a qual se realiza no encontro interpessoal, intercomunit\u00e1rio, intergeracional&#8221;, destaca o texto-base.<\/p>\n<p style=\"text-align: justify;\">A Campanha tamb\u00e9m incentiva a intensifica\u00e7\u00e3o ,durante o Tempo do Advento, do encontro com a Palavra; com o Cristo-P\u00e3o; com os irm\u00e3os que sofrem; e o encontro mission\u00e1rio.<\/p>\n<blockquote>\n<p style=\"text-align: left;\">&#8220;Reavivaremos, assim, os quatro pilares da a\u00e7\u00e3o evangelizadora \u2014 Palavra, P\u00e3o, Caridade e A\u00e7\u00e3o Mission\u00e1ria \u2014 propostos pelas Diretrizes Gerais da A\u00e7\u00e3o Evangelizadora da Igreja no Brasil (DGAE, 2019-2023) e aperfei\u00e7oaremos a nossa consci\u00eancia evangelizadora&#8221;, prop\u00f5e a CNBB.<\/p>\n<\/blockquote>\n<p style=\"text-align: justify;\">A proposta tamb\u00e9m \u00e9 tomar consci\u00eancia de que n\u00e3o existe evangeliza\u00e7\u00e3o sem encontro interpessoal. &#8220;A partir deste encontro, entenderemos igualmente que precisamos mais do que nunca nos comprometer com a obra evangelizadora, deixando-nos encontrar, saindo ao encontro do outro e promovendo a cultura do encontro&#8221;.<\/p>\n","protected":false},"excerpt":{"rendered":"<p>Em v\u00eddeo, secret\u00e1rio-geral da CNBB, dom Joel Portella Amado, motivou a participa\u00e7\u00e3o dos fi\u00e9is cat\u00f3licos do Brasil na Coleta para a Evangeliza\u00e7\u00e3o, realizada nos dias 10 e 11 de dezembro, quando \u00e9 celebrado o 3\u00ba Domingo do Advento. Ele tamb\u00e9m recordou que os recursos apoiam iniciativas como a forma\u00e7\u00e3o e atualiza\u00e7\u00e3o dos catequistas brasileiros<\/p>\n","protected":false},"author":38,"featured_media":934678,"comment_status":"open","ping_status":"open","sticky":false,"template":"","format":"standard","meta":{"site-sidebar-layout":"default","site-content-layout":"default","ast-global-header-display":"","ast-banner-title-visibility":"","ast-main-header-display":"","ast-hfb-above-header-display":"","ast-hfb-below-header-display":"","ast-hfb-mobile-header-display":"","site-post-title":"","ast-breadcrumbs-content":"","ast-featured-img":"","footer-sml-layout":"","theme-transparent-header-meta":"default","adv-header-id-meta":"","stick-header-meta":"","header-above-stick-meta":"","header-main-stick-meta":"","header-below-stick-meta":""},"categories":[1840,761],"tags":[2851,2728],"acf":[],"_links":{"self":[{"href":"https:\/\/www.cnbb.org.br\/cnbb-app\/wp\/v2\/posts\/934670"}],"collection":[{"href":"https:\/\/www.cnbb.org.br\/cnbb-app\/wp\/v2\/posts"}],"about":[{"href":"https:\/\/www.cnbb.org.br\/cnbb-app\/wp\/v2\/types\/post"}],"author":[{"embeddable":true,"href":"https:\/\/www.cnbb.org.br\/cnbb-app\/wp\/v2\/users\/38"}],"replies":[{"embeddable":true,"href":"https:\/\/www.cnbb.org.br\/cnbb-app\/wp\/v2\/comments?post=934670"}],"version-history":[{"count":4,"href":"https:\/\/www.cnbb.org.br\/cnbb-app\/wp\/v2\/posts\/934670\/revisions"}],"predecessor-version":[{"id":934714,"href":"https:\/\/www.cnbb.org.br\/cnbb-app\/wp\/v2\/posts\/934670\/revisions\/934714"}],"wp:featuredmedia":[{"embeddable":true,"href":"https:\/\/www.cnbb.org.br\/cnbb-app\/wp\/v2\/media\/934678"}],"wp:attachment":[{"href":"https:\/\/www.cnbb.org.br\/cnbb-app\/wp\/v2\/media?parent=934670"}],"wp:term":[{"taxonomy":"category","embeddable":true,"href":"https:\/\/www.cnbb.org.br\/cnbb-app\/wp\/v2\/categories?post=934670"},{"taxonomy":"post_tag","embeddable":true,"href":"https:\/\/www.cnbb.org.br\/cnbb-app\/wp\/v2\/tags?post=934670"}],"curies":[{"name":"wp","href":"https:\/\/api.w.org\/{rel}","templated":true}]}}