{"id":934711,"date":"2022-12-07T14:33:24","date_gmt":"2022-12-07T17:33:24","guid":{"rendered":"https:\/\/www.cnbb.org.br\/?p=934711"},"modified":"2022-12-07T14:34:09","modified_gmt":"2022-12-07T17:34:09","slug":"futebol-e-direitos-humanos","status":"publish","type":"post","link":"https:\/\/www.cnbb.org.br\/futebol-e-direitos-humanos\/","title":{"rendered":"Futebol e Direitos Humanos\u00a0"},"content":{"rendered":"<p style=\"text-align: right;\"><strong>Dom Roberto Francisco Ferreria Paz\u00a0<\/strong><br \/>\n<strong>Bispo de Campos (RJ)<\/strong><\/p>\n<p style=\"text-align: justify;\"><span data-ccp-props=\"{&quot;201341983&quot;:0,&quot;335559739&quot;:160,&quot;335559740&quot;:259}\">\u00a0<\/span><\/p>\n<p style=\"text-align: justify;\"><span data-contrast=\"auto\">No dia 10 de dezembro celebra-se, em raz\u00e3o da Promulga\u00e7\u00e3o da Declara\u00e7\u00e3o da Carta de S\u00e3o Francisco, que \u00e9 a Carta Magna dos Direitos Humanos, o dia Mundial de fazer ecoar o direito universal de ser gente, de ser humanos. Em pleno mundial de futebol, em Catar, percebemos, em v\u00e1rios jogadores e sele\u00e7\u00f5es, o protesto contra o racismo, a discrimina\u00e7\u00e3o, a explora\u00e7\u00e3o do trabalho, que afetou milhares de oper\u00e1rios injusti\u00e7ados no pa\u00eds que \u00e9 sede da Copa. <\/span><span data-ccp-props=\"{&quot;201341983&quot;:0,&quot;335551550&quot;:6,&quot;335551620&quot;:6,&quot;335559739&quot;:160,&quot;335559740&quot;:259}\">\u00a0<\/span><\/p>\n<p style=\"text-align: justify;\"><span data-contrast=\"auto\">Na verdade, no futebol sempre foi escutado o grito de jogadores e times contra ditaduras, aliena\u00e7\u00e3o e culto \u00e0 personalidade de tiranos totalit\u00e1rios, e atentados contra os direitos humanos. \u00c9, tristemente c\u00e9lebre, um jogo da It\u00e1lia fascista, em Floren\u00e7a, entre a It\u00e1lia e a Espanha, no qual, alimentados pelo <\/span><i><span data-contrast=\"auto\">slogan<\/span><\/i><span data-contrast=\"auto\"> fascista de vencer ou morrer, os jogadores da It\u00e1lia bateram, de modo selvagem, deixando sete craques feridos.\u00a0<\/span><span data-ccp-props=\"{&quot;201341983&quot;:0,&quot;335551550&quot;:6,&quot;335551620&quot;:6,&quot;335559739&quot;:160,&quot;335559740&quot;:259}\">\u00a0<\/span><\/p>\n<p style=\"text-align: justify;\"><span data-contrast=\"auto\">J\u00e1 a Espanha, em 1938, na Copa da Fran\u00e7a, atrav\u00e9s do General Franco, convocou a todos os jogadores, mesmo os que defendiam a Rep\u00fablica, a formarem a sele\u00e7\u00e3o sob pena de pris\u00e3o e suspens\u00e3o. Os craques Isidro L\u00e1ngara e Angel Zubieta, objetores de consci\u00eancia, n\u00e3o se curvaram e migraram para a Argentina, integrando o time de S\u00e3o Louren\u00e7o de Almagro, tornando-se, ainda hoje, admirados pelo Papa Francisco. Mais adiante, na invas\u00e3o, a Uni\u00e3o Sovi\u00e9tica, e os nazistas, para efeito de lazer, organizaram um jogo com o famoso D\u00ednamo de Kiev e proibiram de ganhar pois haveria retalia\u00e7\u00f5es.\u00a0<\/span><span data-ccp-props=\"{&quot;201341983&quot;:0,&quot;335551550&quot;:6,&quot;335551620&quot;:6,&quot;335559739&quot;:160,&quot;335559740&quot;:259}\">\u00a0<\/span><\/p>\n<p style=\"text-align: justify;\"><span data-contrast=\"auto\">Os jogadores do D\u00ednamo preferiram ganhar e morrer pela resist\u00eancia contra o nazismo. Na copa da Argentina, em 1978, o craque brasileiro Reinaldo, famoso jogador do Atl\u00e9tico Mineiro, celebrou um gol fazendo um gesto com o punho levantado como protesto contra o genoc\u00eddio. Temos, ainda, o paradigma singular da \u201cdemocracia corintiana\u201d onde todos, dirigentes, gestores, equipe t\u00e9cnica e jogadores, liderados pelo craque Dr. S\u00f3crates, discutiam, decidiam e planejavam juntos.\u00a0<\/span><span data-ccp-props=\"{&quot;201341983&quot;:0,&quot;335551550&quot;:6,&quot;335551620&quot;:6,&quot;335559739&quot;:160,&quot;335559740&quot;:259}\">\u00a0<\/span><\/p>\n<p style=\"text-align: justify;\"><span data-contrast=\"auto\">Tudo isto mostra que sempre existiram, al\u00e9m do comportamento esportivo, da t\u00e9cnica futebol\u00edstica apurada, valores solid\u00e1rios e humanos, que n\u00e3o toleravam atropelos e viola\u00e7\u00f5es contra os direitos humanos e a opress\u00e3o de seus povos. Mas, tamb\u00e9m \u00e9 importante ressaltar, que o futebol, que atrai e galvaniza multid\u00f5es, torna-se um instrumento precioso para a educa\u00e7\u00e3o da paz e da amizade fraterna entre os povos; como foi um jogo da sele\u00e7\u00e3o brasileira de Parreira enviada, em 2004, ao Haiti, com a miss\u00e3o de dar alegria e esperan\u00e7a atrav\u00e9s do chamado \u201cjogo da paz\u201d.\u00a0<\/span><span data-ccp-props=\"{&quot;201341983&quot;:0,&quot;335551550&quot;:6,&quot;335551620&quot;:6,&quot;335559739&quot;:160,&quot;335559740&quot;:259}\">\u00a0<\/span><\/p>\n<p style=\"text-align: justify;\"><span data-contrast=\"auto\">Finalmente, o grande Nelson Mandela, para superar os ressentimentos e as feridas ainda abertas do <\/span><i><span data-contrast=\"auto\">Apartheid,<\/span><\/i><span data-contrast=\"auto\"> organizou um campeonato mundial de <\/span><i><span data-contrast=\"auto\">rugby <\/span><\/i><span data-contrast=\"auto\">(futebol americano), mas com a condi\u00e7\u00e3o de fazer uma sele\u00e7\u00e3o misturada e integrada de negros e brancos, que cresceram em respeito e aceita\u00e7\u00e3o. Por um futebol que seja arte de jogar e conviver, e por cima dos resultados, nos torne mais humanos e compassivos. Deus seja louvado!<\/span><span data-ccp-props=\"{&quot;201341983&quot;:0,&quot;335551550&quot;:6,&quot;335551620&quot;:6,&quot;335559739&quot;:160,&quot;335559740&quot;:259}\">\u00a0<\/span><\/p>\n","protected":false},"excerpt":{"rendered":"<p>Dom Roberto Francisco Ferreria Paz\u00a0 Bispo de Campos (RJ) \u00a0 No dia 10 de dezembro celebra-se, em raz\u00e3o da Promulga\u00e7\u00e3o da Declara\u00e7\u00e3o da Carta de S\u00e3o Francisco, que \u00e9 a Carta Magna dos Direitos Humanos, o dia Mundial de fazer ecoar o direito universal de ser gente, de ser humanos. Em pleno mundial de futebol, &hellip;<\/p>\n<p class=\"read-more\"> <a class=\"\" href=\"https:\/\/www.cnbb.org.br\/futebol-e-direitos-humanos\/\"> <span class=\"screen-reader-text\">Futebol e Direitos Humanos\u00a0<\/span> Leia mais &raquo;<\/a><\/p>\n","protected":false},"author":23,"featured_media":0,"comment_status":"open","ping_status":"open","sticky":false,"template":"","format":"standard","meta":{"site-sidebar-layout":"default","site-content-layout":"default","ast-global-header-display":"","ast-banner-title-visibility":"","ast-main-header-display":"","ast-hfb-above-header-display":"","ast-hfb-below-header-display":"","ast-hfb-mobile-header-display":"","site-post-title":"","ast-breadcrumbs-content":"","ast-featured-img":"","footer-sml-layout":"","theme-transparent-header-meta":"default","adv-header-id-meta":"","stick-header-meta":"","header-above-stick-meta":"","header-main-stick-meta":"","header-below-stick-meta":""},"categories":[758],"tags":[],"acf":[],"_links":{"self":[{"href":"https:\/\/www.cnbb.org.br\/cnbb-app\/wp\/v2\/posts\/934711"}],"collection":[{"href":"https:\/\/www.cnbb.org.br\/cnbb-app\/wp\/v2\/posts"}],"about":[{"href":"https:\/\/www.cnbb.org.br\/cnbb-app\/wp\/v2\/types\/post"}],"author":[{"embeddable":true,"href":"https:\/\/www.cnbb.org.br\/cnbb-app\/wp\/v2\/users\/23"}],"replies":[{"embeddable":true,"href":"https:\/\/www.cnbb.org.br\/cnbb-app\/wp\/v2\/comments?post=934711"}],"version-history":[{"count":1,"href":"https:\/\/www.cnbb.org.br\/cnbb-app\/wp\/v2\/posts\/934711\/revisions"}],"predecessor-version":[{"id":934715,"href":"https:\/\/www.cnbb.org.br\/cnbb-app\/wp\/v2\/posts\/934711\/revisions\/934715"}],"wp:attachment":[{"href":"https:\/\/www.cnbb.org.br\/cnbb-app\/wp\/v2\/media?parent=934711"}],"wp:term":[{"taxonomy":"category","embeddable":true,"href":"https:\/\/www.cnbb.org.br\/cnbb-app\/wp\/v2\/categories?post=934711"},{"taxonomy":"post_tag","embeddable":true,"href":"https:\/\/www.cnbb.org.br\/cnbb-app\/wp\/v2\/tags?post=934711"}],"curies":[{"name":"wp","href":"https:\/\/api.w.org\/{rel}","templated":true}]}}