{"id":934985,"date":"2022-12-14T15:44:33","date_gmt":"2022-12-14T18:44:33","guid":{"rendered":"https:\/\/www.cnbb.org.br\/?p=934985"},"modified":"2022-12-14T15:45:38","modified_gmt":"2022-12-14T18:45:38","slug":"a-mistica-natalina-da-manjedoura","status":"publish","type":"post","link":"https:\/\/www.cnbb.org.br\/a-mistica-natalina-da-manjedoura\/","title":{"rendered":"A m\u00edstica natalina da manjedoura\u00a0"},"content":{"rendered":"<p style=\"text-align: right;\"><strong>Dom Roberto Francisco Ferreria Paz\u00a0<\/strong><br \/>\n<strong>Bispo de Campos (RJ)<\/strong><\/p>\n<p style=\"text-align: justify;\"><span data-ccp-props=\"{&quot;201341983&quot;:0,&quot;335551550&quot;:6,&quot;335551620&quot;:6,&quot;335559739&quot;:160,&quot;335559740&quot;:259}\">\u00a0<\/span><\/p>\n<p style=\"text-align: justify;\"><span data-contrast=\"auto\">O Natal traz sempre o fasc\u00ednio da volta \u00e0s origens da nossa vida, tem o poder de recriar-nos e despertar a reserva de inoc\u00eancia e de ternura que permanece rec\u00f4ndita em nossos cora\u00e7\u00f5es. Possivelmente, o pres\u00e9pio que serviu de ref\u00fagio \u00e0 Sagrada Fam\u00edlia para ser o lugar do nascimento de Jesus, fosse uma caverna esculpida em rochedo, em grego <\/span><i><span data-contrast=\"auto\">katalyma<\/span><\/i><span data-contrast=\"auto\">, que significa albergue.\u00a0<\/span><span data-ccp-props=\"{&quot;201341983&quot;:0,&quot;335551550&quot;:6,&quot;335551620&quot;:6,&quot;335559739&quot;:160,&quot;335559740&quot;:259}\">\u00a0<\/span><\/p>\n<p style=\"text-align: justify;\"><span data-contrast=\"auto\">A manjedoura, como ber\u00e7o que acolheu o Menino Deus, passou por v\u00e1rias transforma\u00e7\u00f5es no imagin\u00e1rio simb\u00f3lico e cultural. No Oriente, temos a manjedoura em pedra, em forma de esquife, o beb\u00ea \u00e9 envolto como um defunto, indicando o t\u00famulo de Jesus que nasce de novo na ressurrei\u00e7\u00e3o. H\u00e1, em v\u00e1rias Igrejas, a solu\u00e7\u00e3o lit\u00fargica de manjedouras inseridas no altar, apontando ao simbolismo eucar\u00edstico e ao significado de Bel\u00e9m como Casa do P\u00e3o.\u00a0<\/span><span data-ccp-props=\"{&quot;201341983&quot;:0,&quot;335551550&quot;:6,&quot;335551620&quot;:6,&quot;335559739&quot;:160,&quot;335559740&quot;:259}\">\u00a0<\/span><\/p>\n<p style=\"text-align: justify;\"><span data-contrast=\"auto\">J\u00e1 na Idade M\u00e9dia, com o franciscanismo, se assume o realismo humanista do campon\u00eas e, assumindo plenamente o mist\u00e9rio da encarna\u00e7\u00e3o, a manjedoura revela a pobreza e a humildade mais expressivas, a solidariedade irmanada com os pobres, e as criaturas que cedem seu lugar de alimento ao Menino Jesus. Junto com esta devo\u00e7\u00e3o carinhosa, focalizando o pres\u00e9pio e a manjedoura, com um olhar de terna admira\u00e7\u00e3o, surgiu a espiritualidade do \u201cembalar\u201d o Menino Jesus, bastante difundido em mosteiros e conventos femininos.\u00a0<\/span><span data-ccp-props=\"{&quot;201341983&quot;:0,&quot;335551550&quot;:6,&quot;335551620&quot;:6,&quot;335559739&quot;:160,&quot;335559740&quot;:259}\">\u00a0<\/span><\/p>\n<p style=\"text-align: justify;\"><span data-contrast=\"auto\">Balan\u00e7ar o menino fazia parte de um ritual que transparecia a m\u00edstica amorosa de adorar a crian\u00e7a divina. Surgiram nesse cen\u00e1rio do embalo e do abra\u00e7o afetuoso ao beb\u00ea divino, representado por uma imagem, as famosas can\u00e7\u00f5es de ninar que foram cantadas junto \u00e0s outras m\u00fasicas natalinas, com o Padre apresentando e embalando o Menino Jesus. As pastorais de Handel, Bach, Corelli, Manfredini, incorporam o ritmo do ninar despertando emo\u00e7\u00f5es id\u00edlicas e sentimentos de lar e prote\u00e7\u00e3o.\u00a0<\/span><span data-ccp-props=\"{&quot;201341983&quot;:0,&quot;335551550&quot;:6,&quot;335551620&quot;:6,&quot;335559739&quot;:160,&quot;335559740&quot;:259}\">\u00a0<\/span><\/p>\n<p style=\"text-align: justify;\"><span data-contrast=\"auto\">Talvez achemos estes costumes defasados e ing\u00eanuos, mas ser\u00e1 que n\u00e3o precisamos de humanizar-nos mais e sermos capazes de reviver a crian\u00e7a interior que anseia por acolhimento, compreens\u00e3o e ser amada gratuitamente? Quem sabe seria importante n\u00e3o s\u00f3 ter um olhar mais delicado para a manjedoura, mas transformar-nos em manjedouras para o Menino Jesus e tantos irm\u00e3os e irm\u00e3s que gritam por um pouco de carinho, aten\u00e7\u00e3o, e trato mais afetuoso? Por um Natal que nos irmane na ternura e na inoc\u00eancia, no perd\u00e3o e acolhimento, para que Jesus possa nascer uma vez mais no nosso cora\u00e7\u00e3o. Deus seja louvado!<\/span><span data-ccp-props=\"{&quot;201341983&quot;:0,&quot;335551550&quot;:6,&quot;335551620&quot;:6,&quot;335559739&quot;:160,&quot;335559740&quot;:259}\">\u00a0<\/span><\/p>\n<p><span data-ccp-props=\"{&quot;201341983&quot;:0,&quot;335551550&quot;:6,&quot;335551620&quot;:6,&quot;335559739&quot;:0,&quot;335559740&quot;:259}\">\u00a0<\/span><\/p>\n","protected":false},"excerpt":{"rendered":"<p>Dom Roberto Francisco Ferreria Paz\u00a0 Bispo de Campos (RJ) \u00a0 O Natal traz sempre o fasc\u00ednio da volta \u00e0s origens da nossa vida, tem o poder de recriar-nos e despertar a reserva de inoc\u00eancia e de ternura que permanece rec\u00f4ndita em nossos cora\u00e7\u00f5es. Possivelmente, o pres\u00e9pio que serviu de ref\u00fagio \u00e0 Sagrada Fam\u00edlia para ser &hellip;<\/p>\n<p class=\"read-more\"> <a class=\"\" href=\"https:\/\/www.cnbb.org.br\/a-mistica-natalina-da-manjedoura\/\"> <span class=\"screen-reader-text\">A m\u00edstica natalina da manjedoura\u00a0<\/span> Leia mais &raquo;<\/a><\/p>\n","protected":false},"author":23,"featured_media":0,"comment_status":"open","ping_status":"open","sticky":false,"template":"","format":"standard","meta":{"site-sidebar-layout":"default","site-content-layout":"default","ast-global-header-display":"","ast-banner-title-visibility":"","ast-main-header-display":"","ast-hfb-above-header-display":"","ast-hfb-below-header-display":"","ast-hfb-mobile-header-display":"","site-post-title":"","ast-breadcrumbs-content":"","ast-featured-img":"","footer-sml-layout":"","theme-transparent-header-meta":"default","adv-header-id-meta":"","stick-header-meta":"","header-above-stick-meta":"","header-main-stick-meta":"","header-below-stick-meta":""},"categories":[758,1837],"tags":[],"acf":[],"_links":{"self":[{"href":"https:\/\/www.cnbb.org.br\/cnbb-app\/wp\/v2\/posts\/934985"}],"collection":[{"href":"https:\/\/www.cnbb.org.br\/cnbb-app\/wp\/v2\/posts"}],"about":[{"href":"https:\/\/www.cnbb.org.br\/cnbb-app\/wp\/v2\/types\/post"}],"author":[{"embeddable":true,"href":"https:\/\/www.cnbb.org.br\/cnbb-app\/wp\/v2\/users\/23"}],"replies":[{"embeddable":true,"href":"https:\/\/www.cnbb.org.br\/cnbb-app\/wp\/v2\/comments?post=934985"}],"version-history":[{"count":1,"href":"https:\/\/www.cnbb.org.br\/cnbb-app\/wp\/v2\/posts\/934985\/revisions"}],"predecessor-version":[{"id":934986,"href":"https:\/\/www.cnbb.org.br\/cnbb-app\/wp\/v2\/posts\/934985\/revisions\/934986"}],"wp:attachment":[{"href":"https:\/\/www.cnbb.org.br\/cnbb-app\/wp\/v2\/media?parent=934985"}],"wp:term":[{"taxonomy":"category","embeddable":true,"href":"https:\/\/www.cnbb.org.br\/cnbb-app\/wp\/v2\/categories?post=934985"},{"taxonomy":"post_tag","embeddable":true,"href":"https:\/\/www.cnbb.org.br\/cnbb-app\/wp\/v2\/tags?post=934985"}],"curies":[{"name":"wp","href":"https:\/\/api.w.org\/{rel}","templated":true}]}}