{"id":935286,"date":"2022-12-21T11:51:12","date_gmt":"2022-12-21T14:51:12","guid":{"rendered":"https:\/\/www.cnbb.org.br\/?p=935286"},"modified":"2022-12-21T15:03:29","modified_gmt":"2022-12-21T18:03:29","slug":"meu-coracao-e-belem-vem-senhor-jesus","status":"publish","type":"post","link":"https:\/\/www.cnbb.org.br\/meu-coracao-e-belem-vem-senhor-jesus\/","title":{"rendered":"Meu cora\u00e7\u00e3o \u00e9 Bel\u00e9m. Vem Senhor Jesus!"},"content":{"rendered":"<div dir=\"auto\" style=\"text-align: justify;\">\n<div dir=\"auto\" style=\"text-align: right;\"><strong>Dom Carlos Jos\u00e9<\/strong><\/div>\n<div dir=\"auto\" style=\"text-align: right;\"><strong>Bispo de Apucarana (PR)<\/strong><\/div>\n<div dir=\"auto\"><\/div>\n<\/div>\n<div dir=\"auto\"><\/div>\n<div dir=\"auto\" style=\"text-align: justify;\">\u00a0\u201cO povo que andava nas trevas viu uma grande Luz; para os que habitavam nas sombras da morte, uma luz resplandeceu. \u201d\u00a0 (Is 9,1)<\/div>\n<div dir=\"auto\" style=\"text-align: justify;\"><\/div>\n<div dir=\"auto\" style=\"text-align: justify;\">Irm\u00e3os e irm\u00e3s em Cristo, Jesus est\u00e1 batendo \u00e0 porta, continuamente. Tenho lugar para Ele? Estamos novamente prestes a celebrar o Santo Natal, \u00e9poca prop\u00edcia para renovarmos a nossa f\u00e9 e, numa atitude de humildade e amor, escancarar todo o nosso ser para que Jesus entre e seja Luz em nossa vida, em nossa fam\u00edlia e em nosso mundo! Vivenciar o Natal com a alegria de quem acredita verdadeiramente que tudo se renova em Cristo e com Cristo.<\/div>\n<div dir=\"auto\" style=\"text-align: justify;\"><\/div>\n<div dir=\"auto\" style=\"text-align: justify;\">Recome\u00e7ar sempre \u00e9 poss\u00edvel, dar o primeiro passo para a novidade, a Boa Nova de Jesus que deseja nascer em cada fam\u00edlia, em cada cora\u00e7\u00e3o que, por um motivo ou outro se encontra vazio de esperan\u00e7a, empobrecido pelas circunst\u00e2ncias ou desejoso de recome\u00e7os. Jesus sempre \u00c9 e ser\u00e1 a Boa Not\u00edcia que reaviva o desejo de levantar os olhos para vislumbrar o futuro onde o Reino da Paz ser\u00e1 instaurado. Para que o Natal n\u00e3o seja apenas um feriado ou uma data no calend\u00e1rio, \u00e9 necess\u00e1rio que ele aconte\u00e7a dentro de n\u00f3s, como aconteceu com os pastores e os magos que, ao encontrarem o Menino, deixaram-se transformar por Ele. Lembrarmos do primeiro Natal e dos acontecimentos o envolveram, servir\u00e1 para que pensemos em como aproveitar essa celebra\u00e7\u00e3o da maneira mais crist\u00e3 poss\u00edvel.<\/div>\n<div dir=\"auto\" style=\"text-align: justify;\"><\/div>\n<div dir=\"auto\" style=\"text-align: justify;\">L\u00e1, na long\u00ednqua Bel\u00e9m, a Sagrada Fam\u00edlia n\u00e3o encontrou hospedagem, e Jesus nasceu numa cocheira, num est\u00e1bulo rodeado de animais, sob a luz das estrelas, em meio ao frio da madrugada. L\u00e1, em Bel\u00e9m, sua Luz iluminou as trevas, mas muitos O ignoraram, pois n\u00e3o tinham nem tempo nem lugar receb\u00ea-Lo. Tudo e todos estavam mais ocupados com seus pr\u00f3prios afazeres e problemas que n\u00e3o se deram conta da gra\u00e7a que chegava, e a Gra\u00e7a ficou do lado de fora. Os poderosos sabiam que o Messias viria e O temiam, n\u00e3o por causa de sua Divindade, mas por receio de perderem seus poderes e riquezas.<\/div>\n<div dir=\"auto\" style=\"text-align: justify;\"><\/div>\n<div dir=\"auto\" style=\"text-align: justify;\">Como um grande contraste, o Rei dos Reis nasceu em extrema pobreza, sendo visitado e reconhecido\u00a0 \u00a0pelos humildes pastores que O adoraram. Tamb\u00e9m os Reis Magos, peregrinos de outras terras foram transformados ao se encontrarem com o Messias rec\u00e9m-nascido, oferendo a Ele, o que tinham de melhor em sua bagagem. J\u00e1 no primeiro Natal, Jesus nos revela que nasceu para todos, sem distin\u00e7\u00e3o de classes ou ra\u00e7as.\u00a0 Se, naquele tempo, em que a promessa da vinda do Messias, anunciada por tantos profetas, passada de gera\u00e7\u00e3o em gera\u00e7\u00e3o e esperada por tantos s\u00e9culos quando aconteceu, passou despercebida por tantos, imaginemos agora, depois de mais de 2000 mil anos de seu nascimento, com tantos feitos, registros e provas desse grande feito, tantos an\u00fancios e propagandas sobre o Natal, quando temos tempo e lugar para acolh\u00ea-Lo, ainda muitos permitem que esta data se desvincule de sua verdadeira ess\u00eancia que \u00e9 Cristo em meio a n\u00f3s! Ah, se alcan\u00e7\u00e1ssemos a grandeza desse fato: a Encarna\u00e7\u00e3o do Verbo, a Palavra que se faz Carne e habita em meio a n\u00f3s, Deus que assume nossa humanidade e caminha conosco, certamente essa verdade mudaria nossa vida de forma inenarr\u00e1vel e espetacular! Esse acontecimento \u00e9 o marco divisor da hist\u00f3ria da humanidade!<\/div>\n<div dir=\"auto\" style=\"text-align: justify;\"><\/div>\n<div dir=\"auto\" style=\"text-align: justify;\">Temos o tempo da humanidade contado em Antes de Cristo (A.C.) e Depois de Cristo (D.C), revelando os acontecimentos anteriores e posteriores \u00e0 encarna\u00e7\u00e3o do Verbo Divino. Isso deveria nos bastar para abrir o cora\u00e7\u00e3o para Cristo viver de fato em n\u00f3s. Somos um povo infinitamente aben\u00e7oado, temos os ensinamentos da Sagrada Escritura ao alcance das m\u00e3os, dos ouvidos e dos olhos, pois, \u201cA gra\u00e7a de Deus se manifestou trazendo a salva\u00e7\u00e3o para todos os homens. \u201d\u00a0 \u00a0(2Tit 11,14).<\/div>\n<div dir=\"auto\" style=\"text-align: justify;\"><\/div>\n<div dir=\"auto\" style=\"text-align: justify;\">Essa Gra\u00e7a \u00e9 Jesus que caminha conosco. Jesus, a Palavra que j\u00e1 existia antes de tudo e, ao Encarnar-se, santifica o humano com sua presen\u00e7a.\u00a0 \u201cO Verbo era a verdadeira Luz que, vindo ao mundo, ilumina todo homem. Veio para o que era seu, mas os seus n\u00e3o o receberam. Mas a todos aqueles que o receberam, aos que creem no seu nome, deu-lhes o poder de se tornarem filhos de Deus, os quais n\u00e3o nasceram do sangue, nem da vontade da carne, nem da vontade do homem, mas sim de Deus. \u201d (Jo 1, 9-13) Ao nascer, Jesus sela a promessa de Paz, n\u00e3o a paz que o mundo d\u00e1, mas a verdadeira paz que vem do Alto, que brota do Cora\u00e7\u00e3o do Pai e se d\u00e1 gratuitamente a quem Nele cr\u00ea. Cristo, o Filho de Deus, ao Encarnar-se, deu-nos a dignidade de sermos seus irm\u00e3os, n\u00e3o de sangue, mas de f\u00e9, pois, banhados nas \u00e1guas do Batismo, recebemos a mesma\u00a0 Luz que O fecundou no ventre de Maria e dissipa qualquer treva.<\/div>\n<div dir=\"auto\" style=\"text-align: justify;\"><\/div>\n<div dir=\"auto\" style=\"text-align: justify;\">Deixemo-nos iluminar por essa Luz que nunca se apaga, e, uma vez iluminados, ao desejarmos FELIZ NATAL, lembremos que a manjedoura foi o come\u00e7o. Hoje, Jesus habita o nosso cora\u00e7\u00e3o, ent\u00e3o, juntemo-nos aos Anjos e declaremos jubilosamente nosso louvor \u201cGl\u00f3ria a Deus no mais alto dos c\u00e9us e na terra paz aos homens de boa vontade\u201d, pois a t\u00e3o sonhada paz vir\u00e1, o Reino de Deus se instalar\u00e1 eternamente em meio a n\u00f3s, filhos e filhas amados do Pai, redimidos em Cristo, guiados pelo Esp\u00edrito Santo e aben\u00e7oados pela Virgem Maria e S\u00e3o Jos\u00e9.<\/div>\n<div dir=\"auto\" style=\"text-align: justify;\"><\/div>\n<div dir=\"auto\" style=\"text-align: justify;\">\u201cEu vos trago a boa nova de uma grande alegria: \u00e9 que hoje nasceu o Salvador, o Cristo, o Senhor! \u201d. (Lc 2, 10-11)<\/div>\n<div dir=\"auto\" style=\"text-align: justify;\">Aben\u00e7oado e Santo Natal!<\/div>\n<div dir=\"auto\"><\/div>\n","protected":false},"excerpt":{"rendered":"<p>Dom Carlos Jos\u00e9 Bispo de Apucarana (PR) \u00a0\u201cO povo que andava nas trevas viu uma grande Luz; para os que habitavam nas sombras da morte, uma luz resplandeceu. \u201d\u00a0 (Is 9,1) Irm\u00e3os e irm\u00e3s em Cristo, Jesus est\u00e1 batendo \u00e0 porta, continuamente. Tenho lugar para Ele? Estamos novamente prestes a celebrar o Santo Natal, \u00e9poca &hellip;<\/p>\n<p class=\"read-more\"> <a class=\"\" href=\"https:\/\/www.cnbb.org.br\/meu-coracao-e-belem-vem-senhor-jesus\/\"> <span class=\"screen-reader-text\">Meu cora\u00e7\u00e3o \u00e9 Bel\u00e9m. Vem Senhor Jesus!<\/span> Leia mais &raquo;<\/a><\/p>\n","protected":false},"author":101,"featured_media":0,"comment_status":"open","ping_status":"open","sticky":false,"template":"","format":"standard","meta":{"site-sidebar-layout":"default","site-content-layout":"default","ast-global-header-display":"","ast-banner-title-visibility":"","ast-main-header-display":"","ast-hfb-above-header-display":"","ast-hfb-below-header-display":"","ast-hfb-mobile-header-display":"","site-post-title":"","ast-breadcrumbs-content":"","ast-featured-img":"","footer-sml-layout":"","theme-transparent-header-meta":"default","adv-header-id-meta":"","stick-header-meta":"","header-above-stick-meta":"","header-main-stick-meta":"","header-below-stick-meta":""},"categories":[758],"tags":[],"acf":[],"_links":{"self":[{"href":"https:\/\/www.cnbb.org.br\/cnbb-app\/wp\/v2\/posts\/935286"}],"collection":[{"href":"https:\/\/www.cnbb.org.br\/cnbb-app\/wp\/v2\/posts"}],"about":[{"href":"https:\/\/www.cnbb.org.br\/cnbb-app\/wp\/v2\/types\/post"}],"author":[{"embeddable":true,"href":"https:\/\/www.cnbb.org.br\/cnbb-app\/wp\/v2\/users\/101"}],"replies":[{"embeddable":true,"href":"https:\/\/www.cnbb.org.br\/cnbb-app\/wp\/v2\/comments?post=935286"}],"version-history":[{"count":2,"href":"https:\/\/www.cnbb.org.br\/cnbb-app\/wp\/v2\/posts\/935286\/revisions"}],"predecessor-version":[{"id":935288,"href":"https:\/\/www.cnbb.org.br\/cnbb-app\/wp\/v2\/posts\/935286\/revisions\/935288"}],"wp:attachment":[{"href":"https:\/\/www.cnbb.org.br\/cnbb-app\/wp\/v2\/media?parent=935286"}],"wp:term":[{"taxonomy":"category","embeddable":true,"href":"https:\/\/www.cnbb.org.br\/cnbb-app\/wp\/v2\/categories?post=935286"},{"taxonomy":"post_tag","embeddable":true,"href":"https:\/\/www.cnbb.org.br\/cnbb-app\/wp\/v2\/tags?post=935286"}],"curies":[{"name":"wp","href":"https:\/\/api.w.org\/{rel}","templated":true}]}}