{"id":935359,"date":"2022-12-22T10:49:51","date_gmt":"2022-12-22T13:49:51","guid":{"rendered":"https:\/\/www.cnbb.org.br\/?p=935359"},"modified":"2022-12-22T10:50:23","modified_gmt":"2022-12-22T13:50:23","slug":"um-conto-de-natal-sobre-deus-que-vem-ao-mundo","status":"publish","type":"post","link":"https:\/\/www.cnbb.org.br\/um-conto-de-natal-sobre-deus-que-vem-ao-mundo\/","title":{"rendered":"Um conto de Natal sobre Deus que vem ao mundo\u00a0"},"content":{"rendered":"<p style=\"text-align: right;\"><strong>Dom Lindomar Rocha Mota<br \/>\nBispo de S\u00e3o Lu\u00eds de Montes Belos (GO)\u00a0<\/strong><\/p>\n<p style=\"text-align: justify;\"><span data-ccp-props=\"{&quot;335551550&quot;:3,&quot;335551620&quot;:3}\">\u00a0<\/span><\/p>\n<p style=\"text-align: justify;\"><span data-contrast=\"auto\">Vag\u00e1vamos pelo mundo perdidos e sem pastor. As luzes que fumegavam estavam longe ou eram fracas; insuficientes para nos mostrar um caminho!<\/span><span data-ccp-props=\"{&quot;335551550&quot;:6,&quot;335551620&quot;:6}\">\u00a0<\/span><\/p>\n<p style=\"text-align: justify;\"><span data-contrast=\"auto\">Gritos de desesperan\u00e7a e dor enchiam cora\u00e7\u00f5es e cidades. Os pequenos custavam a caminhar na escurid\u00e3o da noite.<\/span><span data-ccp-props=\"{&quot;335551550&quot;:6,&quot;335551620&quot;:6}\">\u00a0<\/span><\/p>\n<p style=\"text-align: justify;\"><span data-contrast=\"auto\">At\u00e9 a religi\u00e3o havia se escurecido no mundo. Leis absurdas eram forjadas por toda parte. Mantidas sob candelabros luminosos para oprimir os j\u00e1 fragilizados e encurvados sob o peso da pr\u00f3pria exist\u00eancia. \u00c9ramos com cani\u00e7os rachados e pavios apenas fumegando.<\/span><span data-ccp-props=\"{&quot;335551550&quot;:6,&quot;335551620&quot;:6}\">\u00a0<\/span><\/p>\n<p style=\"text-align: justify;\"><span data-contrast=\"auto\">Havia uma profecia, referindo-se a um salvador que n\u00e3o quebraria o cani\u00e7o rachado nem apagaria o pavio j\u00e1 fraco de chamas (Is 42,3). Era uma profecia sobre Deus que vem ao mundo. Ele n\u00e3o gritaria nem levantaria a voz, mas sem amolecer e sem oprimir traria justi\u00e7a \u00e0 terra. Essa \u00e9 a profecia, cujo cumprimento celebramos todos os anos.<\/span><span data-ccp-props=\"{&quot;335551550&quot;:6,&quot;335551620&quot;:6}\">\u00a0<\/span><\/p>\n<p style=\"text-align: justify;\"><span data-contrast=\"auto\">A profecia virou hist\u00f3ria h\u00e1 dois mil e vinte tr\u00eas anos e habitou entre n\u00f3s.<\/span><span data-ccp-props=\"{&quot;335551550&quot;:6,&quot;335551620&quot;:6}\">\u00a0<\/span><\/p>\n<p style=\"text-align: justify;\"><span data-contrast=\"auto\">Sua luz foi vista primeiro por pastores que trabalhavam durante a noite (Lc 2,8). Trabalho duro dos que trocam a normalidade da vida pelo p\u00e3o que sustenta a vida. Os primeiros de n\u00f3s a receberem a not\u00edcia eram buc\u00f3licos e viviam no ermo. Cuidando das ovelhas e vagueando. A eles o encorajamento inicial: \u201cn\u00e3o tenhais medo\u201d! Eu vos anuncio uma grande alegria (Lc 2,10).<\/span><span data-ccp-props=\"{&quot;335551550&quot;:6,&quot;335551620&quot;:6}\">\u00a0<\/span><\/p>\n<p style=\"text-align: justify;\"><span data-contrast=\"auto\">Assim, foi dada a primeira not\u00edcia que Deus j\u00e1 estava em nosso meio. Coragem e alegria enchem a terra. O mundo sente que pode finalmente se transformar. L\u00e1 no ermo soubemos do nascimento do Salvador.<\/span><span data-ccp-props=\"{&quot;335551550&quot;:6,&quot;335551620&quot;:6}\">\u00a0<\/span><\/p>\n<p style=\"text-align: justify;\"><span data-contrast=\"auto\">A eles, pastores, pobres e trabalhadores foi anunciada a boa not\u00edcia. A eles, e a todo o povo, como soubemos em seguida. Por isso damos Gloria no mais alto dos c\u00e9us.<\/span><span data-ccp-props=\"{&quot;335551550&quot;:6,&quot;335551620&quot;:6}\">\u00a0<\/span><\/p>\n<p style=\"text-align: justify;\"><span data-contrast=\"auto\">Coragem e alegria s\u00e3o bens que depois de encontrados n\u00e3o se pode mais viver sem eles. O milagre do nascimento foi anunciado por anjos, mas depois de ouvi-los, os pastores e tamb\u00e9m n\u00f3s, sentimos no cora\u00e7\u00e3o: \u201cvamos a Bel\u00e9m, para ver o que aconteceu l\u00e1\u201d, e fomos!<\/span><span data-ccp-props=\"{&quot;335551550&quot;:6,&quot;335551620&quot;:6}\">\u00a0<\/span><\/p>\n<p style=\"text-align: justify;\"><span data-contrast=\"auto\">Encontramos um menino deitado, seu pai Jos\u00e9 e sua m\u00e3e Maria lhe ladeava. O milagre de todo nascimento gera como\u00e7\u00e3o e esperan\u00e7a no futuro humano, mas aquele era diferente. Era a realiza\u00e7\u00e3o da maior esperan\u00e7a de todas, a esperan\u00e7a de um dia ver Deus face a face.<\/span><span data-ccp-props=\"{&quot;335551550&quot;:6,&quot;335551620&quot;:6}\">\u00a0<\/span><\/p>\n<p style=\"text-align: justify;\"><span data-contrast=\"auto\">No menino deitado num ber\u00e7o de feno o milagre arrancado das p\u00e1ginas profundas da Sagrada Escritura, coevo desde sempre, nos consolou com a sua presen\u00e7a, e n\u00f3s nunca mais ficamos solit\u00e1rios.<\/span><span data-ccp-props=\"{&quot;335551550&quot;:6,&quot;335551620&quot;:6}\">\u00a0<\/span><\/p>\n<p style=\"text-align: justify;\"><span data-contrast=\"auto\">Desde aquele dia, dia que encontramos a Luz, que as trevas deixaram de nos assustar. Temos coragem para enfrentar todo tipo de coisa. As batalhas mais dif\u00edceis, coisas presentes e futuras, a vida e a morte entram em nosso horizonte de enfrentamento e n\u00e3o nos aterrorizamos mais. Tudo se apequenou porque soubemos que Ele estava entre n\u00f3s!\u00a0<\/span><span data-ccp-props=\"{&quot;335551550&quot;:6,&quot;335551620&quot;:6}\">\u00a0<\/span><\/p>\n<p style=\"text-align: justify;\"><span data-contrast=\"auto\">O dia do seu nascimento, nos contaram mais tarde, foi iluminado por uma estrela especial que apareceu no c\u00e9u. O seu brilho ladrilhou o caminho e aplainou as veredas para todos os bons de cora\u00e7\u00f5es.<\/span><span data-ccp-props=\"{&quot;335551550&quot;:6,&quot;335551620&quot;:6}\">\u00a0<\/span><\/p>\n<p style=\"text-align: justify;\"><span data-contrast=\"auto\">Quem teve aud\u00e1cia de se guiar por ela n\u00e3o pode mais duvidar da esperan\u00e7a. De in\u00edcio era s\u00f3 um rec\u00e9m nascido deitado num ber\u00e7o de feno, mas iluminado pelo brilho da estrela que guiou alguns de nossos irm\u00e3os at\u00e9 l\u00e1, ficamos sabendo que era o pr\u00f3prio Deus despojado de si, bem ali, como um de n\u00f3s. \u00c9 Natal!<\/span><span data-ccp-props=\"{&quot;335551550&quot;:6,&quot;335551620&quot;:6}\">\u00a0<\/span><\/p>\n","protected":false},"excerpt":{"rendered":"<p>Dom Lindomar Rocha Mota Bispo de S\u00e3o Lu\u00eds de Montes Belos (GO)\u00a0 \u00a0 Vag\u00e1vamos pelo mundo perdidos e sem pastor. As luzes que fumegavam estavam longe ou eram fracas; insuficientes para nos mostrar um caminho!\u00a0 Gritos de desesperan\u00e7a e dor enchiam cora\u00e7\u00f5es e cidades. Os pequenos custavam a caminhar na escurid\u00e3o da noite.\u00a0 At\u00e9 a &hellip;<\/p>\n<p class=\"read-more\"> <a class=\"\" href=\"https:\/\/www.cnbb.org.br\/um-conto-de-natal-sobre-deus-que-vem-ao-mundo\/\"> <span class=\"screen-reader-text\">Um conto de Natal sobre Deus que vem ao mundo\u00a0<\/span> Leia mais &raquo;<\/a><\/p>\n","protected":false},"author":112,"featured_media":0,"comment_status":"open","ping_status":"open","sticky":false,"template":"","format":"standard","meta":{"site-sidebar-layout":"default","site-content-layout":"default","ast-global-header-display":"","ast-banner-title-visibility":"","ast-main-header-display":"","ast-hfb-above-header-display":"","ast-hfb-below-header-display":"","ast-hfb-mobile-header-display":"","site-post-title":"","ast-breadcrumbs-content":"","ast-featured-img":"","footer-sml-layout":"","theme-transparent-header-meta":"default","adv-header-id-meta":"","stick-header-meta":"","header-above-stick-meta":"","header-main-stick-meta":"","header-below-stick-meta":""},"categories":[758],"tags":[],"acf":[],"_links":{"self":[{"href":"https:\/\/www.cnbb.org.br\/cnbb-app\/wp\/v2\/posts\/935359"}],"collection":[{"href":"https:\/\/www.cnbb.org.br\/cnbb-app\/wp\/v2\/posts"}],"about":[{"href":"https:\/\/www.cnbb.org.br\/cnbb-app\/wp\/v2\/types\/post"}],"author":[{"embeddable":true,"href":"https:\/\/www.cnbb.org.br\/cnbb-app\/wp\/v2\/users\/112"}],"replies":[{"embeddable":true,"href":"https:\/\/www.cnbb.org.br\/cnbb-app\/wp\/v2\/comments?post=935359"}],"version-history":[{"count":1,"href":"https:\/\/www.cnbb.org.br\/cnbb-app\/wp\/v2\/posts\/935359\/revisions"}],"predecessor-version":[{"id":935360,"href":"https:\/\/www.cnbb.org.br\/cnbb-app\/wp\/v2\/posts\/935359\/revisions\/935360"}],"wp:attachment":[{"href":"https:\/\/www.cnbb.org.br\/cnbb-app\/wp\/v2\/media?parent=935359"}],"wp:term":[{"taxonomy":"category","embeddable":true,"href":"https:\/\/www.cnbb.org.br\/cnbb-app\/wp\/v2\/categories?post=935359"},{"taxonomy":"post_tag","embeddable":true,"href":"https:\/\/www.cnbb.org.br\/cnbb-app\/wp\/v2\/tags?post=935359"}],"curies":[{"name":"wp","href":"https:\/\/api.w.org\/{rel}","templated":true}]}}