{"id":935432,"date":"2022-12-22T15:15:55","date_gmt":"2022-12-22T18:15:55","guid":{"rendered":"https:\/\/www.cnbb.org.br\/?p=935432"},"modified":"2022-12-22T15:16:15","modified_gmt":"2022-12-22T18:16:15","slug":"e-natal-6","status":"publish","type":"post","link":"https:\/\/www.cnbb.org.br\/e-natal-6\/","title":{"rendered":"\u00c9 Natal!\u00a0"},"content":{"rendered":"<p style=\"text-align: right;\"><strong>Dom Rodolfo Weber<\/strong><br \/>\n<strong>Arcebispo de Passo Fundo (RS)<\/strong><\/p>\n<p>&nbsp;<\/p>\n<p style=\"text-align: justify;\"><span data-contrast=\"auto\">\u201cN\u00e3o tenhais medo! Eu vos anuncio uma grande alegria, que o ser\u00e1 para todo o povo: Hoje, na cidade de Davi, nasceu para v\u00f3s um Salvador, que \u00e9 o Cristo Senhor. Isto vos servir\u00e1 de sinal: Encontrareis um rec\u00e9m-nascido envolvido em faixas e deitado numa manjedoura\u201d (Lucas 2, 1-14). Segundo os textos b\u00edblicos, \u00e9 o primeiro an\u00fancio oficial dado ao mundo do nascimento do Salvador Jesus Cristo. A Igreja, atrav\u00e9s da solene liturgia do Natal, anuncia para o mundo que \u201choje nasceu o Salvador\u201d. A Igreja reafirma com profunda convic\u00e7\u00e3o a verdade do Natal de Cristo. Este \u00e9 o fato hist\u00f3rico que se faz mem\u00f3ria. Deste acontecimento brota o dever da evangeliza\u00e7\u00e3o que \u00e9 precisamente comunicar ao mundo a \u201cboa nova\u201d, o Evangelho.\u00a0<\/span><span data-ccp-props=\"{&quot;201341983&quot;:0,&quot;335551550&quot;:6,&quot;335551620&quot;:6,&quot;335559739&quot;:120,&quot;335559740&quot;:259}\">\u00a0<\/span><\/p>\n<p style=\"text-align: justify;\"><span data-contrast=\"auto\">No Mist\u00e9rio do Natal vemos Deus. Ele veio entregar-se em nossas m\u00e3os, viver a condi\u00e7\u00e3o humana. Santo Irineu (130 + 28\/06\/202) no tratado <\/span><i><span data-contrast=\"auto\">Contra as heresias <\/span><\/i><span data-contrast=\"auto\">escreve: \u201cO Verbo de Deus p\u00f4s a sua morada no meio dos homens e fez-se Filho do homem, para habituar o homem sentir Deus, e para habituar Deus a fazer a sua morada no homem, segundo a vontade do Pai. Por isso, Deus concedeu-nos como \u2018sinal\u2019 da nossa salva\u00e7\u00e3o Aquele que, nascendo da Virgem, \u00e9 o Emanuel\u201d. O ensinamento de Santo Irineu indica que temos que nos habituar a sentir Deus nos acontecimentos cotidianos. Normalmente, Deus est\u00e1 distante da nossa vida, das nossas ideias, do nosso agir. Em Jesus Cristo aproximou-se de n\u00f3s e temos a oportunidade de estar com Deus.<\/span><span data-ccp-props=\"{&quot;201341983&quot;:0,&quot;335551550&quot;:6,&quot;335551620&quot;:6,&quot;335559731&quot;:708,&quot;335559739&quot;:120,&quot;335559740&quot;:259}\">\u00a0<\/span><\/p>\n<p style=\"text-align: justify;\"><span data-contrast=\"auto\">Instigante e ousada \u00e9 a reflex\u00e3o do santo dizendo que o Natal tamb\u00e9m objetiva \u201chabituar Deus a fazer sua morada no homem\u201d. O Natal concretiza a promessa da vinda do Salvador participar da condi\u00e7\u00e3o humana a tal ponto de se habituar \u00e0 fragilidade e pobreza humana. Por isso, a vinda do Senhor tem por finalidade nos ensinar a ver e a amar os acontecimentos, o mundo e tudo nos circunda. O mundo \u00e9 o lugar para viver em plenitude, em paz e em fraternidade. O mundo precisa ser visto com os olhos do pr\u00f3prio Deus e ser transformado a partir da sua bondade e miseric\u00f3rdia.<\/span><span data-ccp-props=\"{&quot;201341983&quot;:0,&quot;335551550&quot;:6,&quot;335551620&quot;:6,&quot;335559731&quot;:708,&quot;335559739&quot;:120,&quot;335559740&quot;:259}\">\u00a0<\/span><\/p>\n<p style=\"text-align: justify;\"><span data-contrast=\"auto\">O evangelista Lucas tamb\u00e9m registra. \u201cEnquanto estavam em Bel\u00e9m, completaram-se os dias para o parto, e Maria deu \u00e0 luz o seu filho primog\u00eanito. Ela o enfaixou e o colocou na manjedoura, pois n\u00e3o havia lugar para eles na hospedaria\u201d. O nascimento do Salvador \u00e9 descrito de forma muito simples e totalmente humana. Muito diferente do que se poderia imaginar, que o Salvador deveria vir de forma extraordin\u00e1ria, como mais tarde dizem a Jesus (Jo\u00e3o 7,27). Podemos imaginar o cuidado e o amor que moveu Maria naquela hora e naquele lugar improvisado para o parto. A atitude de Maria \u00e9 descrita com uma breve anota\u00e7\u00e3o \u201co enfaixou e o colocou na manjedoura\u201d. Toda ternura da m\u00e3e est\u00e1 expressa nestes simples cuidados.\u00a0<\/span><span data-ccp-props=\"{&quot;201341983&quot;:0,&quot;335551550&quot;:6,&quot;335551620&quot;:6,&quot;335559731&quot;:708,&quot;335559739&quot;:120,&quot;335559740&quot;:259}\">\u00a0<\/span><\/p>\n<p style=\"text-align: justify;\"><span data-contrast=\"auto\">O nascimento do Salvador aconteceu naquele lugar \u201cpois n\u00e3o havia lugar para eles na hospedaria\u201d. In\u00fameros s\u00e3o os sonhos projetados para o pr\u00f3ximo ano, desejos de paz, luz, sa\u00fade, esperan\u00e7a, entre outros, s\u00e3o expressos. Tudo isto revela que no fundo se deseja a presen\u00e7a de Deus e a sua proximidade. Por outro lado, quando chega o momento de Deus entrar na vida das pessoas elas est\u00e3o t\u00e3o ocupadas consigo mesmas e n\u00e3o tem lugar para Ele se hospedar na casa delas.\u00a0<\/span><span data-ccp-props=\"{&quot;201341983&quot;:0,&quot;335551550&quot;:6,&quot;335551620&quot;:6,&quot;335559731&quot;:708,&quot;335559739&quot;:120,&quot;335559740&quot;:259}\">\u00a0<\/span><\/p>\n<p style=\"text-align: justify;\"><span data-contrast=\"auto\">Natal \u00e9 tempo de acolher o Menino Jesus, o Salvador, que veio, vem e vir\u00e1 como fez Maria e Jos\u00e9, como fizeram os pastores que estavam vigiando os seus rebanhos naquela noite, os magos que partiram do oriente para Bel\u00e9m para oferecerem seus presentes e adorarem o Pr\u00edncipe da Paz.<\/span><span data-ccp-props=\"{&quot;201341983&quot;:0,&quot;335551550&quot;:6,&quot;335551620&quot;:6,&quot;335559731&quot;:708,&quot;335559739&quot;:120,&quot;335559740&quot;:259}\">\u00a0<\/span><\/p>\n<p style=\"text-align: justify;\"><span data-contrast=\"auto\">Feliz e aben\u00e7oado Natal de 2022!<\/span><span data-ccp-props=\"{&quot;201341983&quot;:0,&quot;335551550&quot;:6,&quot;335551620&quot;:6,&quot;335559739&quot;:120,&quot;335559740&quot;:259}\">\u00a0<\/span><\/p>\n","protected":false},"excerpt":{"rendered":"<p>Dom Rodolfo Weber Arcebispo de Passo Fundo (RS) &nbsp; \u201cN\u00e3o tenhais medo! Eu vos anuncio uma grande alegria, que o ser\u00e1 para todo o povo: Hoje, na cidade de Davi, nasceu para v\u00f3s um Salvador, que \u00e9 o Cristo Senhor. Isto vos servir\u00e1 de sinal: Encontrareis um rec\u00e9m-nascido envolvido em faixas e deitado numa manjedoura\u201d &hellip;<\/p>\n<p class=\"read-more\"> <a class=\"\" href=\"https:\/\/www.cnbb.org.br\/e-natal-6\/\"> <span class=\"screen-reader-text\">\u00c9 Natal!\u00a0<\/span> Leia mais &raquo;<\/a><\/p>\n","protected":false},"author":27,"featured_media":0,"comment_status":"open","ping_status":"open","sticky":false,"template":"","format":"standard","meta":{"site-sidebar-layout":"default","site-content-layout":"default","ast-global-header-display":"","ast-banner-title-visibility":"","ast-main-header-display":"","ast-hfb-above-header-display":"","ast-hfb-below-header-display":"","ast-hfb-mobile-header-display":"","site-post-title":"","ast-breadcrumbs-content":"","ast-featured-img":"","footer-sml-layout":"","theme-transparent-header-meta":"default","adv-header-id-meta":"","stick-header-meta":"","header-above-stick-meta":"","header-main-stick-meta":"","header-below-stick-meta":""},"categories":[758],"tags":[],"acf":[],"_links":{"self":[{"href":"https:\/\/www.cnbb.org.br\/cnbb-app\/wp\/v2\/posts\/935432"}],"collection":[{"href":"https:\/\/www.cnbb.org.br\/cnbb-app\/wp\/v2\/posts"}],"about":[{"href":"https:\/\/www.cnbb.org.br\/cnbb-app\/wp\/v2\/types\/post"}],"author":[{"embeddable":true,"href":"https:\/\/www.cnbb.org.br\/cnbb-app\/wp\/v2\/users\/27"}],"replies":[{"embeddable":true,"href":"https:\/\/www.cnbb.org.br\/cnbb-app\/wp\/v2\/comments?post=935432"}],"version-history":[{"count":1,"href":"https:\/\/www.cnbb.org.br\/cnbb-app\/wp\/v2\/posts\/935432\/revisions"}],"predecessor-version":[{"id":935434,"href":"https:\/\/www.cnbb.org.br\/cnbb-app\/wp\/v2\/posts\/935432\/revisions\/935434"}],"wp:attachment":[{"href":"https:\/\/www.cnbb.org.br\/cnbb-app\/wp\/v2\/media?parent=935432"}],"wp:term":[{"taxonomy":"category","embeddable":true,"href":"https:\/\/www.cnbb.org.br\/cnbb-app\/wp\/v2\/categories?post=935432"},{"taxonomy":"post_tag","embeddable":true,"href":"https:\/\/www.cnbb.org.br\/cnbb-app\/wp\/v2\/tags?post=935432"}],"curies":[{"name":"wp","href":"https:\/\/api.w.org\/{rel}","templated":true}]}}