{"id":9358,"date":"2010-04-30T00:00:00","date_gmt":"2010-04-30T03:00:00","guid":{"rendered":"https:\/\/www.cnbb.org.br\/missao-continental-e-tema-de-reflexao-de-dioceses-de-minas-gerais\/"},"modified":"2020-03-11T20:04:32","modified_gmt":"2020-03-11T23:04:32","slug":"missao-continental-e-tema-de-reflexao-de-dioceses-de-minas-gerais","status":"publish","type":"post","link":"https:\/\/www.cnbb.org.br\/missao-continental-e-tema-de-reflexao-de-dioceses-de-minas-gerais\/","title":{"rendered":"Dioceses de Minas Gerais se re\u00fanem para refletir a Miss\u00e3o Continental"},"content":{"rendered":"<p style=\"text-align: justify\">Com o tema \u201cMiss\u00e3o Continental\u201d, as dioceses mineiras de Itabira, Coronel Fabriciano, Caratinga, Governador Valadares, juntamente com a arquidiocese de Mariana (MG), que comp\u00f5em a Prov\u00edncia Eclesi\u00e1stica de Mariana, realizaram, na \u00faltima quarta-feira, 28, a 1\u00aa Reuni\u00e3o no ano que contou com a presen\u00e7a do assessor da Dimens\u00e3o Mission\u00e1ria da Confer\u00eancia Nacional dos Bispos do Brasil (CNBB) e Secret\u00e1rio Executivo do Conselho Mission\u00e1rio Nacional (Comina), padre Jos\u00e9 Altevir da Silva.<\/p>\n<p><!--more--><\/p>\n<p style=\"text-align: justify\">Realizada em Jo\u00e3o Monlevade (diocese de Itabira), o encontro teve como demais participantes representantes leigos, padres e coordenadores de pastoral, al\u00e9m da presen\u00e7a dos bispos de Itabira \u2013 Coronel Fabriciano, dom Odilon Guimar\u00e3es Moreira, e da diocese de Caratinga, dom H\u00e9lio Gon\u00e7alves Heleno. Por motivo de sa\u00fade, dom Werner Siebenbrock, bispo de Governador Valadares, n\u00e3o p\u00f4de comparecer, assim como o arcebispo metropolitano de Mariana, dom Geraldo Lyrio Rocha, que estava em viagem.<\/p>\n<p style=\"text-align: justify\"><img decoding=\"async\" loading=\"lazy\" class=\" alignright size-full wp-image-3951\" style=\"float: right\" src=\"https:\/\/www.cnbb.org.br\/wp-content\/uploads\/2020\/03\/img4a5e03cdea8d7.jpg\" width=\"345\" height=\"207\" \/>O assessor da CNBB apontou algumas pistas do plano da Miss\u00e3o Continental trazendo referencias citadas no Documento de Aparecida. Para padre Altevir, um dos grandes desafios para a miss\u00e3o no Brasil est\u00e1, sobretudo, na grande dimens\u00e3o geogr\u00e1fica do pa\u00eds. \u201cHoje eu percebo que a falta de articula\u00e7\u00e3o, diante da dimens\u00e3o enorme do Brasil, \u00e9 um dos maiores desafios que temos para a Miss\u00e3o Continental\u201d.<\/p>\n<p style=\"text-align: justify\">Por outro lado, como resposta positiva \u00e0 luz de Aparecida, segundo padre Altevir, a resposta vem como positiva a partir da elabora\u00e7\u00e3o dos planos diocesanos que encontra respaldo para a miss\u00e3o continental. \u201cCom isso, a organiza\u00e7\u00e3o nacional ser\u00e1 muito mais f\u00e1cil e, em pouco tempo, n\u00f3s estaremos pensando e olhando para um mesmo horizonte. Desta forma, este desafio da Miss\u00e3o Continental aos poucos vai desaparecendo e se transformando em for\u00e7as vivas mission\u00e1rias para a Igreja no Brasil\u201d, destacou.<\/p>\n<p style=\"text-align: justify\">Diversas foram as experi\u00eancias divididas entre as dioceses ao longo do dia. E, a partir de trabalhos em grupos, seus representantes assumiram alguns compromissos que ser\u00e3o trabalhados em n\u00edvel diocesano e na pr\u00f3pria Prov\u00edncia. Entre eles est\u00e1 \u00e0 proposta de trabalhar a Miss\u00e3o Continental via Roteiros de Reflex\u00e3o, a realiza\u00e7\u00e3o de um Congresso Mission\u00e1rio (Prov\u00edncia) e promover um interc\u00e2mbio entre as dioceses.<\/p>\n<p style=\"text-align: justify\">Visando a realiza\u00e7\u00e3o do Congresso Mission\u00e1rio para o pr\u00f3ximo ano, foi formada uma equipe de organiza\u00e7\u00e3o que \u00e9 composta pelo coordenador da Dimens\u00e3o Mission\u00e1ria da arquidiocese de Mariana, padre Oldair de Paulo Mateus; pelo padre Gilberto, da diocese de Governador Valadares; a leiga Cida Alves e o padre Jos\u00e9 Geraldo, de Itabira \u2013 Coronel Fabriciano e pela irm\u00e3 Cleuza, da diocese de Caratinga.<\/p>\n<p style=\"text-align: justify\">A pr\u00f3xima reuni\u00e3o da Prov\u00edncia Eclesi\u00e1stica de Mariana ficou agendada para o dia 29 de setembro, e ser\u00e1 realizada em Caratinga sob o tema \u201cA\u00e7\u00e3o Social \u00e0 luz da Caritas in Veritate\u201d.<\/p>\n","protected":false},"excerpt":{"rendered":"<p>Com o tema \u201cMiss\u00e3o Continental\u201d, as dioceses mineiras de Itabira, Coronel Fabriciano, Caratinga, Governador Valadares, juntamente com a arquidiocese de Mariana (MG), que comp\u00f5em a Prov\u00edncia Eclesi\u00e1stica de Mariana, realizaram, na \u00faltima quarta-feira, 28, a 1\u00aa Reuni\u00e3o no ano que contou com a presen\u00e7a do assessor da Dimens\u00e3o Mission\u00e1ria da Confer\u00eancia Nacional dos Bispos do &hellip;<\/p>\n<p class=\"read-more\"> <a class=\"\" href=\"https:\/\/www.cnbb.org.br\/missao-continental-e-tema-de-reflexao-de-dioceses-de-minas-gerais\/\"> <span class=\"screen-reader-text\">Dioceses de Minas Gerais se re\u00fanem para refletir a Miss\u00e3o Continental<\/span> Leia mais &raquo;<\/a><\/p>\n","protected":false},"author":83,"featured_media":9359,"comment_status":"open","ping_status":"open","sticky":false,"template":"","format":"standard","meta":{"site-sidebar-layout":"default","site-content-layout":"default","ast-global-header-display":"","ast-banner-title-visibility":"","ast-main-header-display":"","ast-hfb-above-header-display":"","ast-hfb-below-header-display":"","ast-hfb-mobile-header-display":"","site-post-title":"","ast-breadcrumbs-content":"","ast-featured-img":"","footer-sml-layout":"","theme-transparent-header-meta":"","adv-header-id-meta":"","stick-header-meta":"","header-above-stick-meta":"","header-main-stick-meta":"","header-below-stick-meta":""},"categories":[854,878],"tags":[],"acf":[],"_links":{"self":[{"href":"https:\/\/www.cnbb.org.br\/cnbb-app\/wp\/v2\/posts\/9358"}],"collection":[{"href":"https:\/\/www.cnbb.org.br\/cnbb-app\/wp\/v2\/posts"}],"about":[{"href":"https:\/\/www.cnbb.org.br\/cnbb-app\/wp\/v2\/types\/post"}],"author":[{"embeddable":true,"href":"https:\/\/www.cnbb.org.br\/cnbb-app\/wp\/v2\/users\/83"}],"replies":[{"embeddable":true,"href":"https:\/\/www.cnbb.org.br\/cnbb-app\/wp\/v2\/comments?post=9358"}],"version-history":[{"count":0,"href":"https:\/\/www.cnbb.org.br\/cnbb-app\/wp\/v2\/posts\/9358\/revisions"}],"wp:featuredmedia":[{"embeddable":true,"href":"https:\/\/www.cnbb.org.br\/cnbb-app\/wp\/v2\/media\/9359"}],"wp:attachment":[{"href":"https:\/\/www.cnbb.org.br\/cnbb-app\/wp\/v2\/media?parent=9358"}],"wp:term":[{"taxonomy":"category","embeddable":true,"href":"https:\/\/www.cnbb.org.br\/cnbb-app\/wp\/v2\/categories?post=9358"},{"taxonomy":"post_tag","embeddable":true,"href":"https:\/\/www.cnbb.org.br\/cnbb-app\/wp\/v2\/tags?post=9358"}],"curies":[{"name":"wp","href":"https:\/\/api.w.org\/{rel}","templated":true}]}}