{"id":935937,"date":"2023-01-02T15:00:14","date_gmt":"2023-01-02T18:00:14","guid":{"rendered":"https:\/\/www.cnbb.org.br\/?p=935937"},"modified":"2023-01-05T09:37:12","modified_gmt":"2023-01-05T12:37:12","slug":"subsidio-sobre-a-fraternidade-e-a-fome-na-amazonia-sera-apresentado-em-quinta-live-sobre-a-cf-2023","status":"publish","type":"post","link":"https:\/\/www.cnbb.org.br\/subsidio-sobre-a-fraternidade-e-a-fome-na-amazonia-sera-apresentado-em-quinta-live-sobre-a-cf-2023\/","title":{"rendered":"Subs\u00eddio sobre a \u201cfraternidade e a fome na Amaz\u00f4nia\u201d ser\u00e1 apresentado em quinta live sobre a CF 2023, dia 4\/1, \u00e0s 17h"},"content":{"rendered":"<p style=\"text-align: justify;\">Na quarta-feira, 4 de janeiro, das 17h \u00e0s 17h30, acontece a quinta live da s\u00e9rie \u201cLives#CF2023\u201d, que divulga os subs\u00eddios espec\u00edficos da Campanha da Fraternidade de 2023, com os organizadores e autores das publica\u00e7\u00f5es. Esta edi\u00e7\u00e3o ser\u00e1 sobre o subs\u00eddio &#8220;Fraternidade e Fome na Amaz\u00f4nia&#8221;. A iniciativa poder\u00e1 ser acompanhada nas <a href=\"https:\/\/www.youtube.com\/c\/CNBBNacional\" target=\"_blank\" rel=\"noopener\">redes sociais da CNBB<\/a>\u00a0e da\u00a0<a href=\"https:\/\/www.youtube.com\/channel\/UCUnulF06X8AyrEgE04OkIOA\" target=\"_blank\" rel=\"noopener\">Edi\u00e7\u00f5es CNBB<\/a>.<\/p>\n<p style=\"text-align: justify;\">Com media\u00e7\u00e3o do assessor do Setor de Campanhas da CNBB, padre Jean Poul, para essa etapa foi convidado o membro do N\u00facleo de Forma\u00e7\u00e3o da Rede Eclesial Pan-Amaz\u00f4nica, Humberto Silvano Herrera Contreras, para tratar sobre o assunto.<\/p>\n<p style=\"text-align: justify;\"><a href=\"https:\/\/www.edicoescnbb.com.br\/cf-2023-fraternidade-e-fome-na-amazonia\" target=\"_blank\" rel=\"noopener\">&#8220;Fraternidade e Fome na Amaz\u00f4nia&#8221;<\/a> \u00e9 organizado em cinco encontros para apoiar os processos\/testemunhos de ver, iluminar e agir desde-com a realidade da fome e da solidariedade alimentar na Amaz\u00f4nia e de seus povos. Cada encontro \u00e9 organizado em tr\u00eas partes, que poder\u00e3o ser realizadas a partir de diferentes metodologias a serem escolhidas pelas pessoas que ir\u00e3o mediar os encontros.<\/p>\n<div class=\"ast-oembed-container\" style=\"height: 100%;\"><iframe loading=\"lazy\" title=\"Lives #CF2023: Subs\u00eddio Fraternidade e Fome na Amaz\u00f4nia\" width=\"500\" height=\"281\" src=\"https:\/\/www.youtube.com\/embed\/Qb5zcKyVi3w?feature=oembed\" frameborder=\"0\" allow=\"accelerometer; autoplay; clipboard-write; encrypted-media; gyroscope; picture-in-picture; web-share\" allowfullscreen><\/iframe><\/div>\n<h3><strong>Lives#CF2023<\/strong><\/h3>\n<p style=\"text-align: justify;\">De acordo com padre Jean Poul, o objetivo das lives \u00e9 tornar os subs\u00eddios da Campanha da Fraternidade mais conhecidos e oferecer dicas \u00e0s comunidades de como utiliz\u00e1-los.<\/p>\n<blockquote><p>\u201cO texto-base \u00e9 o principal subs\u00eddio da CF, mas a partir dele esses outros subs\u00eddios s\u00e3o produzidos de acordo com diversas realidades para facilitar\u00a0 a aplica\u00e7\u00e3o e a reflex\u00e3o da CF; por isso, n\u00f3s esperamos que eles sejam o mais parecidos e mais utilizados nas diversas realidades das nossas comunidades\u201d, salienta o padre Jean Poul.<\/p><\/blockquote>\n<p style=\"text-align: justify;\">Al\u00e9m de tornar as publica\u00e7\u00f5es da CF 2023 conhecidas, o Setor de Campanhas da CNBB busca, por meio das lives, apresentar sugest\u00f5es para se trabalhar o tema da CF 2023 nos ambientes escolares, com a juventude, na catequese e c\u00edrculos b\u00edblicos e nas fam\u00edlias.\u00a0As lives tamb\u00e9m apresentar\u00e3o as propostas de retiro popular, de celebra\u00e7\u00f5es ecum\u00eanicas, da miseric\u00f3rdia e de Vig\u00edlia Eucar\u00edstica e a Via Sacra, entre outros.<\/p>\n<h3><strong>Assista as \u00faltimas edi\u00e7\u00f5es<\/strong><\/h3>\n<p style=\"text-align: justify;\">No site da\u00a0<a href=\"https:\/\/www.edicoescnbb.com.br\/\" target=\"_blank\" rel=\"noopener\">Edi\u00e7\u00f5es CNBB<\/a> \u00e9 poss\u00edvel adquirir as publica\u00e7\u00f5es.<\/p>\n<p>Assista as \u00faltimas edi\u00e7\u00f5es das lives:<\/p>\n<p><strong><a href=\"https:\/\/www.youtube.com\/watch?v=dOjZ84tBlKE\" data-rel=\"lightbox-video-0\" target=\"_blank\" rel=\"noopener\">Subs\u00eddio Jovens na CF<\/a><\/strong><\/p>\n<p><strong><a href=\"https:\/\/www.youtube.com\/watch?v=tR8WbzFS2Pw\" data-rel=\"lightbox-video-1\" target=\"_blank\" rel=\"noopener\">Subs\u00eddio para Vig\u00edlia Eucar\u00edstica <\/a><\/strong><\/p>\n<p><strong><a href=\"https:\/\/www.youtube.com\/watch?v=SMHEk1dS0YI&amp;t=382s\" data-rel=\"lightbox-video-2\" target=\"_blank\" rel=\"noopener\">Subs\u00eddio CF na escola<\/a><\/strong><\/p>\n<p><a href=\"https:\/\/www.youtube.com\/watch?v=s5KigHc062Y\" data-rel=\"lightbox-video-3\" target=\"_blank\" rel=\"noopener\"><strong>Subs\u00eddios para a Catequese e os C\u00edrculos B\u00edblicos<\/strong><\/a><\/p>\n","protected":false},"excerpt":{"rendered":"<p>Nesta quarta-feira, 4 de janeiro, das 17h \u00e0s 17h30, acontece a quinta live da s\u00e9rie \u201cLives#CF2023\u201d, que divulga os subs\u00eddios espec\u00edficos da Campanha da Fraternidade de 2023, com os organizadores e autores das publica\u00e7\u00f5es. Esta edi\u00e7\u00e3o ser\u00e1 sobre &#8220;Fraternidade e Fome na Amaz\u00f4nia&#8221;. A iniciativa poder\u00e1 ser acompanhada nas redes sociais da CNBB\u00a0e da\u00a0Edi\u00e7\u00f5es CNBB<\/p>\n","protected":false},"author":141,"featured_media":935951,"comment_status":"open","ping_status":"open","sticky":false,"template":"","format":"standard","meta":{"site-sidebar-layout":"default","site-content-layout":"default","ast-global-header-display":"","ast-banner-title-visibility":"","ast-main-header-display":"","ast-hfb-above-header-display":"","ast-hfb-below-header-display":"","ast-hfb-mobile-header-display":"","site-post-title":"","ast-breadcrumbs-content":"","ast-featured-img":"","footer-sml-layout":"","theme-transparent-header-meta":"default","adv-header-id-meta":"","stick-header-meta":"","header-above-stick-meta":"","header-main-stick-meta":"","header-below-stick-meta":""},"categories":[50,760],"tags":[1900,4149,2687,2650],"acf":[],"_links":{"self":[{"href":"https:\/\/www.cnbb.org.br\/cnbb-app\/wp\/v2\/posts\/935937"}],"collection":[{"href":"https:\/\/www.cnbb.org.br\/cnbb-app\/wp\/v2\/posts"}],"about":[{"href":"https:\/\/www.cnbb.org.br\/cnbb-app\/wp\/v2\/types\/post"}],"author":[{"embeddable":true,"href":"https:\/\/www.cnbb.org.br\/cnbb-app\/wp\/v2\/users\/141"}],"replies":[{"embeddable":true,"href":"https:\/\/www.cnbb.org.br\/cnbb-app\/wp\/v2\/comments?post=935937"}],"version-history":[{"count":19,"href":"https:\/\/www.cnbb.org.br\/cnbb-app\/wp\/v2\/posts\/935937\/revisions"}],"predecessor-version":[{"id":936039,"href":"https:\/\/www.cnbb.org.br\/cnbb-app\/wp\/v2\/posts\/935937\/revisions\/936039"}],"wp:featuredmedia":[{"embeddable":true,"href":"https:\/\/www.cnbb.org.br\/cnbb-app\/wp\/v2\/media\/935951"}],"wp:attachment":[{"href":"https:\/\/www.cnbb.org.br\/cnbb-app\/wp\/v2\/media?parent=935937"}],"wp:term":[{"taxonomy":"category","embeddable":true,"href":"https:\/\/www.cnbb.org.br\/cnbb-app\/wp\/v2\/categories?post=935937"},{"taxonomy":"post_tag","embeddable":true,"href":"https:\/\/www.cnbb.org.br\/cnbb-app\/wp\/v2\/tags?post=935937"}],"curies":[{"name":"wp","href":"https:\/\/api.w.org\/{rel}","templated":true}]}}