{"id":935988,"date":"2023-01-04T08:00:50","date_gmt":"2023-01-04T11:00:50","guid":{"rendered":"https:\/\/www.cnbb.org.br\/?p=935988"},"modified":"2023-01-05T09:35:49","modified_gmt":"2023-01-05T12:35:49","slug":"papa-francisco-nomeia-dom-juarez-de-souza-da-silva-para-a-arquidiocese-de-teresina-pi","status":"publish","type":"post","link":"https:\/\/www.cnbb.org.br\/papa-francisco-nomeia-dom-juarez-de-souza-da-silva-para-a-arquidiocese-de-teresina-pi\/","title":{"rendered":"Papa Francisco nomeia dom Juarez de Souza da Silva para a arquidiocese de Teresina (PI)"},"content":{"rendered":"<p style=\"text-align: justify;\">O Papa Francisco, acolhendo o pedido de ren\u00fancia apresentado por dom Jacinto Furtado de Brito Sobrinho, nomeou, nesta quarta-feira, 4 de janeiro, dom Juarez de Souza da Silva, at\u00e9 ent\u00e3o bispo de Parna\u00edba (PI), como o oitavo arcebispo de Teresina (PI).<\/p>\n<h3>Trajet\u00f3ria de dom Juarez de Souza<\/h3>\n<p style=\"text-align: justify;\">Dom Juarez Sousa da Silva nasceu no interior do munic\u00edpio de Barras, hoje munic\u00edpio de Cabeceiras do Piau\u00ed (PI), no dia 30 de junho de 1961. \u00c9 o primog\u00eanito dos sete filhos do casal An\u00edsio Marques da Silva e Maria Jos\u00e9 Sousa da Silva.<\/p>\n<p style=\"text-align: justify;\">Cursou o ensino fundamental nas escolas Ol\u00edmpio e Gerv\u00e1sio Costa, em sua cidade natal, e o ensino m\u00e9dio, no Curso T\u00e9cnico Tradutor e Int\u00e9rprete no semin\u00e1rio da Assun\u00e7\u00e3o, em Jacarezinho (PR), fez bacharelado em Filosofia e Teologia no semin\u00e1rio Maior Sagrado Cora\u00e7\u00e3o de Jesus, em Teresina (PI), \u00e9 graduado em Filosofia pela Universidade Estadual do Cear\u00e1 (UECE), mestre em Hist\u00f3ria Eclesi\u00e1stica pela Pontif\u00edcia Universidade Gregoriana em Roma \u2013 It\u00e1lia.<\/p>\n<p style=\"text-align: justify;\">Foi ordenado di\u00e1cono no dia 10 de julho de 1993, na catedral de Santo Antonio, em Campo Maior (PI); Presb\u00edtero, em 19 de mar\u00e7o de 1994, na matriz Nossa Senhora da Concei\u00e7\u00e3o, em Barras (PI); Sagrou-se bispo, em 17 de maio de 2008, na catedral Nossa Senhora da Vit\u00f3ria, em Oeiras (PI), onde seu exerceu seu minist\u00e9rio episcopal, at\u00e9 ser transferido para a diocese de Parna\u00edba, como bispo coadjutor.<\/p>\n<p style=\"text-align: justify;\">No dia 6 de janeiro de 2016, a nunciatura apost\u00f3lica no Brasil, fez conhecer que o Papa Francisco nomeou dom Juarez Sousa da Silva como bispo coadjutor da diocese de Parna\u00edba (PI), transferindo-o da sede episcopal de Oeiras (PI).<\/p>\n<p style=\"text-align: justify;\">Ao ser nomeado coadjutor, dom Juarez passaria a ser o pr\u00f3ximo bispo diocesano de Parna\u00edba, fato ocorrido no dia 24 de agosto do mesmo ano, por ocasi\u00e3o da acolhida da ren\u00fancia de dom Alfredo Schaffler. O\u00a0 bispo assumiu como seu lema episcopal: <em>Ut vitam habeant<\/em>, \u201cPara que tenham vida\u201d (Jo 10,10), que expressa a finalidade de sua miss\u00e3o.<\/p>\n<p style=\"text-align: justify;\">Exerceu as seguintes fun\u00e7\u00f5es anteriores ao episcopado: administrador da par\u00f3quia de S\u00e3o Jos\u00e9, em Alto (PI), de 1994 a 1996; vice-reitor e administrador do semin\u00e1rio maior Sagrado Cora\u00e7\u00e3o de Jesus, de 1996 a 1998; Diretor do Instituto Cat\u00f3lico de Estudos Superiores do Piau\u00ed (ICESPI), de 2002 a 2008; Professor de Hist\u00f3ria da Igreja e Patr\u00edstica, de 1998 e de 2002 a 2007.<\/p>\n<p style=\"text-align: justify;\">Foi membro da Comiss\u00e3o Episcopal para os Minist\u00e9rios Ordenados e a Vida Consagrada da Confer\u00eancia Nacional dos Bispos do Brasil (CNBB), bispo referencial da Comiss\u00e3o Nacional de Presb\u00edteros, no per\u00edodo de 2016 a 2019.\u00a0Atualmente, al\u00e9m de bispo diocesano de Parna\u00edba, dom Juarez \u00e9 presidente do regional Nordeste 4 da CNBB e bispo referencial da Catequese no regional.<\/p>\n<h3>Trajet\u00f3ria de dom Jacinto Furtado<\/h3>\n<p style=\"text-align: justify;\">Natural de Bacabal, no Maranh\u00e3o, Jacinto Furtado de Brito Sobrinho est\u00e1 \u00e0 frente da Igreja de Teresina desde 2012, ap\u00f3s ser indicado pelo Papa Bento XVI para ocupar a vaga do cardeal S\u00e9rgio da Rocha, \u00e0 \u00e9poca transferido para Bras\u00edlia.<\/p>\n<p style=\"text-align: justify;\">Foi ordenado padre em 1972 e possui forma\u00e7\u00e3o em Psicopedagogia. Como bispo, nomeado pelo Papa Jo\u00e3o Paulo II, em 1998, atuou no munic\u00edpio de Crate\u00fas, no Cear\u00e1.\u00a0Dom Jacinto \u00e9 o s\u00e9timo arcebispo metropolitano de Teresina.<\/p>\n<p style=\"text-align: justify;\"><img decoding=\"async\" loading=\"lazy\" class=\" wp-image-936017 alignleft\" src=\"https:\/\/www.cnbb.org.br\/wp-content\/uploads\/2023\/01\/Feed_2.png\" alt=\"\" width=\"271\" height=\"271\" srcset=\"https:\/\/www.cnbb.org.br\/wp-content\/uploads\/2023\/01\/Feed_2.png 1081w, https:\/\/www.cnbb.org.br\/wp-content\/uploads\/2023\/01\/Feed_2-300x300.png 300w, https:\/\/www.cnbb.org.br\/wp-content\/uploads\/2023\/01\/Feed_2-1024x1024.png 1024w, https:\/\/www.cnbb.org.br\/wp-content\/uploads\/2023\/01\/Feed_2-150x150.png 150w, https:\/\/www.cnbb.org.br\/wp-content\/uploads\/2023\/01\/Feed_2-768x768.png 768w, https:\/\/www.cnbb.org.br\/wp-content\/uploads\/2023\/01\/Feed_2-800x800.png 800w, https:\/\/www.cnbb.org.br\/wp-content\/uploads\/2023\/01\/Feed_2-500x500.png 500w\" sizes=\"(max-width: 271px) 100vw, 271px\" \/>Dom Jacinto Furtado de Brito Sobrinho nasceu em Bacabal (MA) no dia 16 de junho de 1947. Realizou seus primeiros anos de estudos no Grupo Escolar Osvaldo Aranha (1\u00aa a 4\u00aa s\u00e9ries) e no Col\u00e9gio Nossa Senhora dos Anjos (5\u00aa a 8\u00aa s\u00e9ries), em Bacabal. Fez estudos secund\u00e1rios no semin\u00e1rio Santo Ant\u00f4nio, em Campina Grande. Estudou Filosofia no semin\u00e1rio provincial de Fortaleza e no semin\u00e1rio regional do Nordeste, em Recife. Cursou Teologia no semin\u00e1rio regional do Nordeste, em Recife. Possui forma\u00e7\u00e3o em psicopedagogia.<\/p>\n<p style=\"text-align: justify;\">Jacinto Brito foi ordenado padre no dia 15 de janeiro de 1972, em Bacabal. Foi p\u00e1roco na par\u00f3quia de S\u00e3o Benedito em Pedreiras, no per\u00edodo de 1972 a 1994. Foi membro do Conselho Pastoral Diocesano (1972-1980); membro da Comiss\u00e3o Nacional do Clero (1980-1983); membro do Col\u00e9gio de Consultores da Diocese (1984-1994); Vig\u00e1rio geral da diocese (1990-1995). Foi reitor do Semin\u00e1rio Interdiocesano de Santo Ant\u00f4nio, em S\u00e3o Lu\u00eds (1995-1998), onde tamb\u00e9m ensinou a disciplina pr\u00e1tica sacramental.<\/p>\n<p style=\"text-align: justify;\">Foi nomeado bispo de Crate\u00fas pelo Papa Jo\u00e3o Paulo II, em 18 de fevereiro de 1998. Recebeu a ordena\u00e7\u00e3o episcopal no dia 24 de maio de 1998, em Crate\u00fas, das m\u00e3os de dom Ant\u00f4nio Batista Fragoso, de dom Paulo Eduardo Andrade Ponte e de dom Pasc\u00e1sio Rettler. No dia 22 de fevereiro de 2012, o Papa Bento XVI o nomeou arcebispo de Teresina. Como 2\u00ba bispo diocesano de Crate\u00fas, sucedeu a dom Ant\u00f4nio Batista Fragoso. \u00c9 o 7\u00ba arcebispo de Teresina, sucedendo a dom S\u00e9rgio da Rocha.<\/p>\n<h3><strong>Sauda\u00e7\u00e3o e agradecimento\u00a0<\/strong><\/h3>\n<p style=\"text-align: justify;\">A presid\u00eancia da Confer\u00eancia Nacional dos Bispos do Brasil (CNBB) divulgou nota de sauda\u00e7\u00e3o ao novo arcebispo de Teresina (PI), dom Juarez de Souza da Silva, e um agradecimento ao dom Jacinto Furtado de Brito Sobrinho, agora em\u00e9rito.<\/p>\n<p style=\"text-align: center;\"><strong>Sauda\u00e7\u00e3o a dom Juarez de Souza da Silva<\/strong><\/p>\n<blockquote><p><span style=\"color: #000000;\"><em>Estimado dom Juarez,\u00a0<\/em><\/span><\/p>\n<p style=\"text-align: justify;\"><span style=\"color: #000000;\"><em>Recebemos com muita alegria a not\u00edcia de sua nomea\u00e7\u00e3o, feita pelo Papa Francisco, como arcebispo de Teresina (PI). Estamos certos de que sua voca\u00e7\u00e3o e esp\u00edrito mission\u00e1rio ser\u00e3o essenciais ao longo desse novo momento de seu minist\u00e9rio. <\/em><\/span><\/p>\n<p style=\"text-align: justify;\"><span style=\"color: #000000;\"><em>No tempo em que celebramos as ex\u00e9quias do Papa Em\u00e9rito Bento XVI, destacamos um trecho da sua mensagem por ocasi\u00e3o do Dia Mundial das Miss\u00f5es, em 2011, para anim\u00e1-lo neste novo momento de seu minist\u00e9rio:<\/em><\/span><\/p>\n<p style=\"text-align: justify;\">&#8220;A miss\u00e3o <a style=\"font-size: 16px; background-color: #ffffff; color: #000000;\" href=\"http:\/\/www.vatican.va\/holy_father\/benedict_xvi\/messages\/missions\/documents\/hf_ben-xvi_mes_20110106_world-mission-day-2011_po.html\" target=\"_blank\" rel=\"noopener\">universal envolve todos, tudo e sempre. O Evangelho n\u00e3o \u00e9 um bem exclusivo de quem o recebeu, mas \u00e9 um dom a partilhar, uma boa not\u00edcia a comunicar. E este dom-empenho est\u00e1 confiado n\u00e3o s\u00f3 a algumas pessoas, mas a todos os batizados&#8221;.<\/a><\/p>\n<p style=\"text-align: justify;\"><span style=\"font-size: 17.6px; color: #000000;\">Assim como lembra-nos Jesus \u2013 se perseverarmos \u2013 nada temos a temer, at\u00e9 das vicissitudes tristes e dif\u00edceis da vida, nem sequer do mal que vemos \u00e0 nossa volta, pois continuamos enraizados no bem.<\/span><\/p>\n<p><span style=\"color: #000000;\"><span style=\"font-size: 17.6px;\">Que Nossa Senhora Aparecida, serva perseverante na ora\u00e7\u00e3o (cf. <\/span><i style=\"font-weight: inherit;\">At<\/i><span style=\"font-size: 17.6px;\"> 1, 12), o fortale\u00e7a na sua miss\u00e3o.\u00a0<\/span><\/span><\/p>\n<p>Em Cristo,<\/p>\n<p><strong style=\"font-size: 17.6px;\">Dom Walmor Oliveira de Azevedo<br \/>\n<\/strong><span style=\"font-size: 17.6px;\">Arcebispo de Belo Horizonte (MG)<br \/>\n<\/span><span style=\"font-size: 17.6px;\">Presidente da CNBB<\/span><\/p>\n<p><strong style=\"font-size: 17.6px;\">Dom Jaime Spengler<br \/>\n<\/strong><span style=\"font-size: 17.6px;\">Arcebispo de Porto Alegre (RS)<br \/>\n<\/span><span style=\"font-size: 17.6px;\">Primeiro Vice-Presidente da CNBB<\/span><\/p>\n<p><strong style=\"font-size: 17.6px;\">Dom M\u00e1rio Ant\u00f4nio da Silva<br \/>\n<\/strong><span style=\"font-size: 17.6px;\">Arcebispo de Cuiab\u00e1 (MT)<br \/>\n<\/span><span style=\"font-size: 17.6px;\">Segundo Vice-Presidente da CNBB<\/span><\/p>\n<p><strong style=\"font-size: 17.6px;\">Dom Joel Portella Amado<br \/>\n<\/strong><span style=\"font-size: 17.6px;\">Bispo auxiliar da arquidiocese de S\u00e3o Sebasti\u00e3o do Rio de Janeiro (RJ)<br \/>\n<\/span><span style=\"font-size: 17.6px;\">Secret\u00e1rio-geral da CNBB<\/span><\/p><\/blockquote>\n<p style=\"text-align: center;\"><strong>Agradecimento a dom Jacinto Furtado de Brito Sobrinho<\/strong><\/p>\n<blockquote><p>Estimado dom Jacinto,<\/p>\n<p style=\"text-align: justify;\">A presid\u00eancia da CNBB tomou conhecimento, nesta quarta-feira, 4 de janeiro, da decis\u00e3o do Papa Francisco em acolher o seu pedido de ren\u00fancia, de acordo com o c\u00e2non 401\u00a71\u00ba do C\u00f3digo de Direito Can\u00f4nico.<\/p>\n<p style=\"text-align: justify;\">Gostar\u00edamos de lhe expressar imensa gratid\u00e3o por sua vida e servi\u00e7o junto \u00e0s igrejas particulares de Crate\u00fas (CE) e Teresina (PI) e por seu dedicado empenho na vida mission\u00e1ria, em especial na regi\u00e3o Nordeste.<\/p>\n<p style=\"text-align: justify;\">Que a gra\u00e7a de Deus lhe permita continuar, na emeritude, sendo presen\u00e7a solid\u00e1ria e amorosa no meio do povo de Deus e, especialmente, dos que mais precisam.<\/p>\n<p>Com preces,<\/p>\n<p><strong>Dom Walmor Oliveira de Azevedo<\/strong><br \/>\n<span data-contrast=\"auto\">Arcebispo de Belo Horizonte (MG)<\/span><br \/>\n<span data-contrast=\"auto\">Presidente da CNBB<\/span><span data-ccp-props=\"{&quot;134233117&quot;:true,&quot;134233118&quot;:true,&quot;201341983&quot;:0,&quot;335559739&quot;:160,&quot;335559740&quot;:240}\">\u00a0<\/span><\/p>\n<p><strong>Dom Jaime Spengler<\/strong><br \/>\n<span data-contrast=\"auto\">Arcebispo de Porto Alegre (RS)<\/span><br \/>\n<span data-contrast=\"auto\">Primeiro Vice-Presidente da CNBB<\/span><span data-ccp-props=\"{&quot;134233117&quot;:true,&quot;134233118&quot;:true,&quot;201341983&quot;:0,&quot;335559739&quot;:160,&quot;335559740&quot;:240}\">\u00a0<\/span><\/p>\n<p><strong>Dom M\u00e1rio Ant\u00f4nio da Silva<\/strong><br \/>\n<span data-contrast=\"auto\">Arcebispo de Cuiab\u00e1 (MT)<\/span><br \/>\n<span data-contrast=\"auto\">Segundo Vice-Presidente da CNBB<\/span><span data-ccp-props=\"{&quot;134233117&quot;:true,&quot;134233118&quot;:true,&quot;201341983&quot;:0,&quot;335559739&quot;:160,&quot;335559740&quot;:240}\">\u00a0<\/span><\/p>\n<p><strong>Dom Joel Portella Amado<\/strong><br \/>\n<span data-contrast=\"auto\">Bispo auxiliar da arquidiocese de S\u00e3o Sebasti\u00e3o do Rio de Janeiro (RJ)<\/span><br \/>\n<span data-contrast=\"auto\">Secret\u00e1rio-geral da CNBB<\/span><\/p><\/blockquote>\n<p>&nbsp;<\/p>\n","protected":false},"excerpt":{"rendered":"<p>O Papa Francisco, acolhendo o pedido de ren\u00fancia apresentado por dom Jacinto Furtado de Brito Sobrinho, nomeou, nesta quarta-feira, 4 de janeiro, dom Juarez de Souza da Silva, at\u00e9 ent\u00e3o bispo de Parna\u00edba (PI), como o oitavo arcebispo de Teresina (PI)<\/p>\n","protected":false},"author":142,"featured_media":936010,"comment_status":"open","ping_status":"open","sticky":false,"template":"","format":"standard","meta":{"site-sidebar-layout":"default","site-content-layout":"default","ast-global-header-display":"","ast-banner-title-visibility":"","ast-main-header-display":"","ast-hfb-above-header-display":"","ast-hfb-below-header-display":"","ast-hfb-mobile-header-display":"","site-post-title":"","ast-breadcrumbs-content":"","ast-featured-img":"","footer-sml-layout":"","theme-transparent-header-meta":"default","adv-header-id-meta":"","stick-header-meta":"","header-above-stick-meta":"","header-main-stick-meta":"","header-below-stick-meta":""},"categories":[50,872],"tags":[4845,4846],"acf":[],"_links":{"self":[{"href":"https:\/\/www.cnbb.org.br\/cnbb-app\/wp\/v2\/posts\/935988"}],"collection":[{"href":"https:\/\/www.cnbb.org.br\/cnbb-app\/wp\/v2\/posts"}],"about":[{"href":"https:\/\/www.cnbb.org.br\/cnbb-app\/wp\/v2\/types\/post"}],"author":[{"embeddable":true,"href":"https:\/\/www.cnbb.org.br\/cnbb-app\/wp\/v2\/users\/142"}],"replies":[{"embeddable":true,"href":"https:\/\/www.cnbb.org.br\/cnbb-app\/wp\/v2\/comments?post=935988"}],"version-history":[{"count":13,"href":"https:\/\/www.cnbb.org.br\/cnbb-app\/wp\/v2\/posts\/935988\/revisions"}],"predecessor-version":[{"id":936118,"href":"https:\/\/www.cnbb.org.br\/cnbb-app\/wp\/v2\/posts\/935988\/revisions\/936118"}],"wp:featuredmedia":[{"embeddable":true,"href":"https:\/\/www.cnbb.org.br\/cnbb-app\/wp\/v2\/media\/936010"}],"wp:attachment":[{"href":"https:\/\/www.cnbb.org.br\/cnbb-app\/wp\/v2\/media?parent=935988"}],"wp:term":[{"taxonomy":"category","embeddable":true,"href":"https:\/\/www.cnbb.org.br\/cnbb-app\/wp\/v2\/categories?post=935988"},{"taxonomy":"post_tag","embeddable":true,"href":"https:\/\/www.cnbb.org.br\/cnbb-app\/wp\/v2\/tags?post=935988"}],"curies":[{"name":"wp","href":"https:\/\/api.w.org\/{rel}","templated":true}]}}