{"id":935992,"date":"2023-01-03T11:49:23","date_gmt":"2023-01-03T14:49:23","guid":{"rendered":"https:\/\/www.cnbb.org.br\/?p=935992"},"modified":"2023-01-03T11:51:38","modified_gmt":"2023-01-03T14:51:38","slug":"licoes-das-coisas-novas-e-velhas","status":"publish","type":"post","link":"https:\/\/www.cnbb.org.br\/licoes-das-coisas-novas-e-velhas\/","title":{"rendered":"Li\u00e7\u00f5es das coisas novas e velhas\u00a0"},"content":{"rendered":"<p style=\"text-align: right;\"><strong>Dom Genival Saraiva<br \/>\nBispo em\u00e9rito de Palmares (PE)\u00a0<\/strong><\/p>\n<p style=\"text-align: justify;\"><span data-contrast=\"auto\">\u00a0<\/span><\/p>\n<p style=\"text-align: justify;\"><span data-contrast=\"auto\">Nesse in\u00edcio do ano 2023 da era crist\u00e3, \u00e9 muito normal as pessoas se posicionarem perante o fator tempo, vendo-o com as lentes do passado, long\u00ednquo ou pr\u00f3ximo, nele identificando fatos, situa\u00e7\u00f5es, viv\u00eancias que falam \u00e0 sua raz\u00e3o e ao seu cora\u00e7\u00e3o. Ao mesmo tempo, fazem a leitura do presente, com sentimentos agrad\u00e1veis, felizes ou desconfort\u00e1veis, sofridos. Esse cen\u00e1rio tem como refer\u00eancia, como centro de interesse \u201ccoisas novas e velhas\u201d que s\u00e3o sempre portadoras de li\u00e7\u00f5es para os indiv\u00edduos e para a coletividade. Valendo-se de par\u00e1bolas, Jesus usou essa express\u00e3o ao ensinar que \u201co disc\u00edpulo do Reino dos C\u00e9us \u00e9 como um pai de fam\u00edlia, que tira do seu tesouro coisas novas e velhas.\u201d (Mt 13,52) Assim, ao descobrir o sentido da sua vida e da sua voca\u00e7\u00e3o, o disc\u00edpulo de Jesus se reconhece como membro da fam\u00edlia humana, como cidad\u00e3o que vive a face terrestre de sua exist\u00eancia. Por n\u00e3o encontrar na terra o sentido pleno de sua vida, o ser humano busca a raz\u00e3o mais profunda de suas aspira\u00e7\u00f5es nas \u201ccoisas do alto\u201d, express\u00e3o usada por S\u00e3o Paulo na Carta aos Colossenses. (Cl 3,2)<\/span><span data-ccp-props=\"{&quot;201341983&quot;:0,&quot;335551550&quot;:6,&quot;335551620&quot;:6,&quot;335559739&quot;:120,&quot;335559740&quot;:259}\">\u00a0<\/span><\/p>\n<p style=\"text-align: justify;\"><span data-contrast=\"auto\">As \u201ccoisas novas e velhas\u201d s\u00e3o lidas por todas as pessoas, com maior ou menor profundidade, mas, de qualquer maneira, s\u00e3o consideradas porque deixam marcas na personalidade individual e no comportamento da coletividade. Formalmente, institui\u00e7\u00f5es da \u00e1rea da comunica\u00e7\u00e3o costumam fazer um registro retrospectivo de determinado per\u00edodo, como o ano civil, enquanto outras, como empresas comerciais e industriais, planejam suas atividades, conforme par\u00e2metros preestabelecidos. Da mesma maneira, a gest\u00e3o p\u00fablica, em raz\u00e3o de sua natureza, deve voltar suas a\u00e7\u00f5es para o bem da coletividade, tendo como pano de fundo o universo das \u201ccoisas novas e velhas\u201d.<\/span><span data-ccp-props=\"{&quot;201341983&quot;:0,&quot;335551550&quot;:6,&quot;335551620&quot;:6,&quot;335559739&quot;:120,&quot;335559740&quot;:259}\">\u00a0<\/span><\/p>\n<p style=\"text-align: justify;\"><span data-contrast=\"auto\">Nessa ordem de considera\u00e7\u00e3o, em termos de mundo e de Brasil, a face das \u201ccoisas novas e velhas\u201d se revela de forma preocupante, nesse in\u00edcio de 2023, conforme a focaliza\u00e7\u00e3o da Mensagem o Papa Francisco para o Dia Mundial da Paz, no dia 1\u00ba de ja<\/span><span data-contrast=\"none\">neiro. A face da pandemia \u00e9 objeto de sua aten\u00e7\u00e3o pelo mal causado \u00e0 humanidade: \u201cA Covid-19 precipitou-nos no cora\u00e7\u00e3o da noite, desestabilizando a nossa vida quotidiana, transtornando os nossos planos e h\u00e1bitos, subvertendo a aparente tranquilidade mesmo das sociedades mais privilegiadas, gerando desorienta\u00e7\u00e3o e sofrimento, causando a morte de tantos irm\u00e3os e irm\u00e3s nossos. [&#8230;] A par das manifesta\u00e7\u00f5es f\u00edsicas, a Covid-19 provocou \u2013 inclusive com efeitos de longa dura\u00e7\u00e3o \u2013 um mal-estar geral, que se concentrou no cora\u00e7\u00e3o de tantas pessoas e fam\u00edlias, com implica\u00e7\u00f5es n\u00e3o transcur\u00e1veis, incrementadas por longos per\u00edodos de isolamento e diversas limita\u00e7\u00f5es da liberdade. [&#8230;] Passados tr\u00eas anos, \u00e9 hora de pararmos um pouco para nos interrogar, aprender, crescer e deixar transformar, como indiv\u00edduos e como comunidade; um tempo privilegiado para nos prepararmos para o \u2018Dia do Senhor\u2019. J\u00e1 tive oportunidade de repetir v\u00e1rias vezes que, dos momentos de crise, nunca sa\u00edmos iguais: sai-se melhor ou pior. Hoje somos chamados a questionar-nos: O que \u00e9 que aprendemos com esta situa\u00e7\u00e3o de pandemia? Quais s\u00e3o os novos caminhos que deveremos empreender para romper com as correntes dos nossos velhos h\u00e1bitos, estar melhor preparados, ousar a novidade? Que sinais de vida e esperan\u00e7a podemos individuar para avan\u00e7ar e procurar tornar melhor o nosso mundo?\u201d Em sua Mensagem, outro flagelo toca fortemente o cora\u00e7\u00e3o do Papa: \u201cEntretanto, quando j\u00e1 ous\u00e1vamos esperar que estivesse superado o pior da noite da pandemia de Covid-19, eis que se abateu sobre a humanidade uma nova e terr\u00edvel desgra\u00e7a. Assistimos ao aparecimento doutro flagelo \u2013 uma nova guerra \u2013 compar\u00e1vel em parte \u00e0 Covid-19 mas pilotado por op\u00e7\u00f5es humanas culp\u00e1veis. A guerra na Ucr\u00e2nia ceifa v\u00edtimas inocentes e espalha a incerteza, n\u00e3o s\u00f3 para quantos s\u00e3o diretamente afetados por ela, mas de forma generalizada e indiscriminada para todos, mesmo para aqueles que, a milhares de quil\u00f3metros de dist\u00e2ncia, sofrem os seus efeitos colaterais: basta pensar nos problemas do trigo e nos pre\u00e7os dos combust\u00edveis.\u201d<\/span><span data-ccp-props=\"{&quot;201341983&quot;:0,&quot;335551550&quot;:6,&quot;335551620&quot;:6,&quot;335559739&quot;:120,&quot;335559740&quot;:259}\">\u00a0<\/span><\/p>\n<p style=\"text-align: justify;\"><span data-contrast=\"auto\">Em termos de Brasil, a posse dos novos gestores, Presidente da Rep\u00fablica e Governadores dos Estados, dos legisladores no Congresso Nacional e nas Assembleias Legislativas, coloca a popula\u00e7\u00e3o diante de \u201ccoisas novas e velhas\u201d que fazem muito bem, quando t\u00eam o bem comum como o centro das pol\u00edticas p\u00fablicas, ou causam muito mal, quando os interesses pessoais, corporativos e partid\u00e1rios se sobrep\u00f5em aos direitos da popula\u00e7\u00e3o. <\/span><span data-contrast=\"none\">O mundo e o Brasil, no ocaso de 2022, com o an\u00fancio da morte, e no in\u00edcio de 2023, com o sepultamento de Bento XVI e de Pel\u00e9, est\u00e3o diante do mesmo fato, t\u00e3o antigo quanto a humanidade \u2013 a morte. O Papa Em\u00e9rito serviu \u00e0 Igreja como \u201chumilde trabalhador da vinha do Senhor\u201d, como disse ao se apresentar \u00e0 multid\u00e3o, na Pra\u00e7a de S\u00e3o Pedro, no dia de sua elei\u00e7\u00e3o, 19 de abril de 2005. Com a genialidade de seu futebol, Pel\u00e9 encantou os esportistas e os admiradores dos esportes, por isso, \u00e9 admirado, \u00e9 reconhecido no mundo.<\/span><span data-ccp-props=\"{&quot;201341983&quot;:0,&quot;335551550&quot;:6,&quot;335551620&quot;:6,&quot;335559739&quot;:120,&quot;335559740&quot;:259}\">\u00a0<\/span><\/p>\n<p style=\"text-align: justify;\"><span data-contrast=\"none\">Com o ensinamento de Jesus sobre os bens eternos e a compreens\u00e3o dos valores temporais, herdados da sociedade, todos podem encontrar nas li\u00e7\u00f5es das \u201ccoisas novas e velhas\u201d um precioso aprendizado e, dessa forma, \u201cprocurar tornar melhor o nosso mundo\u201d.<\/span><span data-ccp-props=\"{&quot;201341983&quot;:0,&quot;335551550&quot;:6,&quot;335551620&quot;:6,&quot;335559739&quot;:120,&quot;335559740&quot;:259}\">\u00a0<\/span><\/p>\n<p>&nbsp;<\/p>\n","protected":false},"excerpt":{"rendered":"<p>Dom Genival Saraiva Bispo em\u00e9rito de Palmares (PE)\u00a0 \u00a0 Nesse in\u00edcio do ano 2023 da era crist\u00e3, \u00e9 muito normal as pessoas se posicionarem perante o fator tempo, vendo-o com as lentes do passado, long\u00ednquo ou pr\u00f3ximo, nele identificando fatos, situa\u00e7\u00f5es, viv\u00eancias que falam \u00e0 sua raz\u00e3o e ao seu cora\u00e7\u00e3o. Ao mesmo tempo, fazem &hellip;<\/p>\n<p class=\"read-more\"> <a class=\"\" href=\"https:\/\/www.cnbb.org.br\/licoes-das-coisas-novas-e-velhas\/\"> <span class=\"screen-reader-text\">Li\u00e7\u00f5es das coisas novas e velhas\u00a0<\/span> Leia mais &raquo;<\/a><\/p>\n","protected":false},"author":59,"featured_media":0,"comment_status":"open","ping_status":"open","sticky":false,"template":"","format":"standard","meta":{"site-sidebar-layout":"default","site-content-layout":"default","ast-global-header-display":"","ast-banner-title-visibility":"","ast-main-header-display":"","ast-hfb-above-header-display":"","ast-hfb-below-header-display":"","ast-hfb-mobile-header-display":"","site-post-title":"","ast-breadcrumbs-content":"","ast-featured-img":"","footer-sml-layout":"","theme-transparent-header-meta":"default","adv-header-id-meta":"","stick-header-meta":"","header-above-stick-meta":"","header-main-stick-meta":"","header-below-stick-meta":""},"categories":[758],"tags":[],"acf":[],"_links":{"self":[{"href":"https:\/\/www.cnbb.org.br\/cnbb-app\/wp\/v2\/posts\/935992"}],"collection":[{"href":"https:\/\/www.cnbb.org.br\/cnbb-app\/wp\/v2\/posts"}],"about":[{"href":"https:\/\/www.cnbb.org.br\/cnbb-app\/wp\/v2\/types\/post"}],"author":[{"embeddable":true,"href":"https:\/\/www.cnbb.org.br\/cnbb-app\/wp\/v2\/users\/59"}],"replies":[{"embeddable":true,"href":"https:\/\/www.cnbb.org.br\/cnbb-app\/wp\/v2\/comments?post=935992"}],"version-history":[{"count":2,"href":"https:\/\/www.cnbb.org.br\/cnbb-app\/wp\/v2\/posts\/935992\/revisions"}],"predecessor-version":[{"id":935995,"href":"https:\/\/www.cnbb.org.br\/cnbb-app\/wp\/v2\/posts\/935992\/revisions\/935995"}],"wp:attachment":[{"href":"https:\/\/www.cnbb.org.br\/cnbb-app\/wp\/v2\/media?parent=935992"}],"wp:term":[{"taxonomy":"category","embeddable":true,"href":"https:\/\/www.cnbb.org.br\/cnbb-app\/wp\/v2\/categories?post=935992"},{"taxonomy":"post_tag","embeddable":true,"href":"https:\/\/www.cnbb.org.br\/cnbb-app\/wp\/v2\/tags?post=935992"}],"curies":[{"name":"wp","href":"https:\/\/api.w.org\/{rel}","templated":true}]}}