{"id":936179,"date":"2023-01-06T10:55:55","date_gmt":"2023-01-06T13:55:55","guid":{"rendered":"https:\/\/www.cnbb.org.br\/?p=936179"},"modified":"2023-01-06T10:56:10","modified_gmt":"2023-01-06T13:56:10","slug":"o-caminho-para-a-liberdade","status":"publish","type":"post","link":"https:\/\/www.cnbb.org.br\/o-caminho-para-a-liberdade\/","title":{"rendered":"O caminho para a liberdade"},"content":{"rendered":"<p class=\"x_MsoNormal\" style=\"text-align: right;\" align=\"center\"><b>Dom Adelar Baruffi<br \/>\n<\/b><b>Arcebispo de Cascavel (RS)<\/b><\/p>\n<p class=\"x_MsoNormal\" style=\"text-align: justify;\" align=\"center\"><b><\/p>\n<p><\/b><\/p>\n<p class=\"x_MsoNormal\" style=\"text-align: justify;\">A liberdade \u00e9 a express\u00e3o de uma personalidade definida. O Papa Francisco, por exemplo, inspira ter muita liberdade. Ele representa ter um bom caminho, com um olhar positivo da vida. Ele fala do que deve ser dito. Isto \u00e9 liberdade! Ao se encontrar com uma pessoa, fique atento: ela est\u00e1 totalmente a\u00ed contigo, n\u00e3o pela metade, totalmente a\u00ed, presente e atento, como agiria nosso Papa Francisco.<\/p>\n<p class=\"x_MsoNormal\" style=\"text-align: justify;\">\u00c9 livre porque o que o guia \u00e9 o Esp\u00edrito Santo. Fruto de um caminho interior bem feito, na hora certa. Tem Deus no seu fundamento. O Esp\u00edrito Santo o conduz. Isto j\u00e1 basta.\u00a0 Ele est\u00e1 livre de ficar a todo o momento se perguntando se de fato as pessoas o que v\u00e3o dizer, o que v\u00e3o pensar. N\u00e3o. Esta n\u00e3o \u00e9 a liberdade da vida crist\u00e3. A esta liberdade aspiramos todos n\u00f3s! \u00c9 um modo de sermos am\u00e1veis e livres. Sem d\u00favidas, precisamos trabalhar isto. Precisamos exercitar a liberdade em rela\u00e7\u00e3o \u00e0s depend\u00eancias. A liberdade no superego, que quer sempre ter raz\u00e3o. Sempre, a todo momento. A liberdade do poder da m\u00e1 consci\u00eancia e a liberdade do que os outros esperam de n\u00f3s. Ent\u00e3o sim, estaremos pr\u00f3ximos do amor e da liberdade de Jesus Cristo, o homem sempre livre.<\/p>\n<p class=\"x_MsoNormal\" style=\"text-align: justify;\">Para Anselm Gr\u00fcn (2005), existem tr\u00eas condi\u00e7\u00f5es para uma espiritualidade crist\u00e3 livre. S\u00e3o eles: o anseio pela liberdade, pela unidade e pela \u201cp\u00e1tria\u201d. Estamos falando do \u201cmundo dos gregos\u201d, mas creio que serve tamb\u00e9m para n\u00f3s.<\/p>\n<p class=\"x_MsoNormal\" style=\"text-align: justify;\">O primeiro \u00e9 o anseio pela liberdade. \u201cOnde age o Esp\u00edrito do Senhor, a\u00ed h\u00e1 liberdade\u201d (2Cor 3,17). O homem espiritual \u00e9 verdadeiramente livre, assim como lembrei do Papa Francisco. Ele n\u00e3o se deixa guiar pelo mundo, pois est\u00e1 cheio do Esp\u00edrito Santo. \u00c9 o homem senhor de si, que n\u00e3o \u00e9 dominado por outros, mas anda no caminho imbu\u00eddo do Esp\u00edrito Santo.<\/p>\n<p class=\"x_MsoNormal\" style=\"text-align: justify;\">Em segundo lugar a unidade. O homem espiritual \u00e9 aquele que se tornou amigo e pr\u00f3ximo dos outros, de todos. Est\u00e1 reconciliado com suas contradi\u00e7\u00f5es. Tem paz consigo mesmo, para poder ter vida em Deus e de Deus para os irm\u00e3os. Quem se tornou um consigo mesmo \u00e9 porque se tornou um com Deus. Quem est\u00e1 dividido consigo mesmo, procurar\u00e1 congregar, mas como fazer para unir ao inv\u00e9s de dividir, se n\u00e3o est\u00e1 em paz consigo?<\/p>\n<p class=\"x_MsoNormal\" style=\"text-align: justify;\">O terceiro elemento importante \u00e9 a \u201cp\u00e1tria\u201d. Para os gregos, Deus pode nos conduzir \u00a0\u00e0 p\u00e1tria. N\u00f3s j\u00e1 vivemos numa p\u00e1tria, conforme vivemos aqui. N\u00e3o temos nada a ganhar com a \u201cvida eterna\u201d, segundo os gregos. A \u201cp\u00e1tria\u201d j\u00e1 \u00e9 aqui. A P\u00e1tria \u00e9 a Terra Prometida, para a qual onde estamos em casa. Sempre em casa! Com as pessoas que amamos e nos damos bem. Quem descansa em Deus e achou em Deus sua \u201cp\u00e1tria\u201d, este sim n\u00e3o se orienta mais pelos v\u00e1rios crit\u00e9rios do mundo. Ele se livrou das expectativas do mundo e olha para frente, para a \u201cp\u00e1tria\u201d. Nossa felicidade est\u00e1 em Deus, no mundo dele, na \u201cp\u00e1tria\u201d futura.<\/p>\n<p class=\"x_MsoNormal\" align=\"center\">\n","protected":false},"excerpt":{"rendered":"<p>Dom Adelar Baruffi Arcebispo de Cascavel (RS) A liberdade \u00e9 a express\u00e3o de uma personalidade definida. O Papa Francisco, por exemplo, inspira ter muita liberdade. Ele representa ter um bom caminho, com um olhar positivo da vida. Ele fala do que deve ser dito. Isto \u00e9 liberdade! Ao se encontrar com uma pessoa, fique atento: &hellip;<\/p>\n<p class=\"read-more\"> <a class=\"\" href=\"https:\/\/www.cnbb.org.br\/o-caminho-para-a-liberdade\/\"> <span class=\"screen-reader-text\">O caminho para a liberdade<\/span> Leia mais &raquo;<\/a><\/p>\n","protected":false},"author":26,"featured_media":0,"comment_status":"open","ping_status":"open","sticky":false,"template":"","format":"standard","meta":{"site-sidebar-layout":"default","site-content-layout":"default","ast-global-header-display":"","ast-banner-title-visibility":"","ast-main-header-display":"","ast-hfb-above-header-display":"","ast-hfb-below-header-display":"","ast-hfb-mobile-header-display":"","site-post-title":"","ast-breadcrumbs-content":"","ast-featured-img":"","footer-sml-layout":"","theme-transparent-header-meta":"default","adv-header-id-meta":"","stick-header-meta":"","header-above-stick-meta":"","header-main-stick-meta":"","header-below-stick-meta":""},"categories":[758],"tags":[],"acf":[],"_links":{"self":[{"href":"https:\/\/www.cnbb.org.br\/cnbb-app\/wp\/v2\/posts\/936179"}],"collection":[{"href":"https:\/\/www.cnbb.org.br\/cnbb-app\/wp\/v2\/posts"}],"about":[{"href":"https:\/\/www.cnbb.org.br\/cnbb-app\/wp\/v2\/types\/post"}],"author":[{"embeddable":true,"href":"https:\/\/www.cnbb.org.br\/cnbb-app\/wp\/v2\/users\/26"}],"replies":[{"embeddable":true,"href":"https:\/\/www.cnbb.org.br\/cnbb-app\/wp\/v2\/comments?post=936179"}],"version-history":[{"count":1,"href":"https:\/\/www.cnbb.org.br\/cnbb-app\/wp\/v2\/posts\/936179\/revisions"}],"predecessor-version":[{"id":936180,"href":"https:\/\/www.cnbb.org.br\/cnbb-app\/wp\/v2\/posts\/936179\/revisions\/936180"}],"wp:attachment":[{"href":"https:\/\/www.cnbb.org.br\/cnbb-app\/wp\/v2\/media?parent=936179"}],"wp:term":[{"taxonomy":"category","embeddable":true,"href":"https:\/\/www.cnbb.org.br\/cnbb-app\/wp\/v2\/categories?post=936179"},{"taxonomy":"post_tag","embeddable":true,"href":"https:\/\/www.cnbb.org.br\/cnbb-app\/wp\/v2\/tags?post=936179"}],"curies":[{"name":"wp","href":"https:\/\/api.w.org\/{rel}","templated":true}]}}