{"id":936399,"date":"2023-01-12T11:13:16","date_gmt":"2023-01-12T14:13:16","guid":{"rendered":"https:\/\/www.cnbb.org.br\/?p=936399"},"modified":"2023-01-13T12:45:27","modified_gmt":"2023-01-13T15:45:27","slug":"conheca-sugestoes-de-praticas-para-despertar-vocacoes-no-ano-vocacional","status":"publish","type":"post","link":"https:\/\/www.cnbb.org.br\/conheca-sugestoes-de-praticas-para-despertar-vocacoes-no-ano-vocacional\/","title":{"rendered":"Conhe\u00e7a sugest\u00f5es de pr\u00e1ticas para despertar voca\u00e7\u00f5es no Ano Vocacional"},"content":{"rendered":"<p style=\"text-align: justify;\">O 3\u00ba Ano Vocacional do Brasil \u00e9 oportunidade para cada batizado &#8220;acolher o chamado de Deus&#8221; e assumir uma voca\u00e7\u00e3o presbiteral, religiosa ou leiga. Para isso, \u00e9 preciso despertar a voca\u00e7\u00f5es nas comunidades. A Edi\u00e7\u00f5es CNBB preparou uma lista com seis dicas sobre o que pode ser feito em sua comunidade para ajudar nessa iniciativa.<\/p>\n<h3 style=\"text-align: justify;\">Pr\u00e1ticas para despertar voca\u00e7\u00f5es<\/h3>\n<p style=\"text-align: justify;\"><a href=\"https:\/\/www.edicoescnbb.com.br\/vocacao-e-ministerios\" target=\"_blank\" rel=\"noopener\"><img decoding=\"async\" loading=\"lazy\" class=\"alignleft\" src=\"https:\/\/i0.wp.com\/edicoescnbb.blog\/wp-content\/uploads\/2022\/12\/3-Ano-Vocacional-Cachoeiro-de-Itapemirim.jpg?resize=690%2C1024&amp;ssl=1\" alt=\"\" width=\"310\" height=\"460\" \/><\/a>O bispo de Novo Hamburgo (RS) e presidente da Comiss\u00e3o Episcopal Pastoral para os Minist\u00e9rios Ordenados e a Vida Consagrada da Confer\u00eancia Nacional dos Bispos do Brasil, dom Jo\u00e3o Francisco Salm, j\u00e1 destacou a import\u00e2ncia de trabalhar a voca\u00e7\u00e3o como \u201cuma experi\u00eancia, uma realidade que diz respeito a toda vida humana\u201d.<\/p>\n<p style=\"text-align: justify;\">Na abertura do 3\u00ba Ano Vocacional do Brasil, dom Salm insistiu que todo batizado, \u201ccada um, cada uma, vive uma voca\u00e7\u00e3o espec\u00edfica\u201d, fruto de um processo pessoal e individual de discernimento com o Senhor. \u00c9 para ajudar nesse processo que a Edi\u00e7\u00f5es CNBB preparou algumas dicas para animar, especialmente nos encontros de catequese, os jovens no caminho de descoberta de sua voca\u00e7\u00e3o.<\/p>\n<p style=\"text-align: justify;\">Confira:<\/p>\n<p>&nbsp;<\/p>\n<h4 style=\"text-align: justify;\">1. Pesquisar sobre as voca\u00e7\u00f5es<\/h4>\n<p style=\"text-align: justify;\">Convidar os catequizandos a pesquisar a voca\u00e7\u00e3o na B\u00edblia e a identificar como o Senhor chama, como nasce uma voca\u00e7\u00e3o. Se poss\u00edvel, organizar momentos de ora\u00e7\u00e3o e partilha das descobertas entre eles e a comunidade;<\/p>\n<h4 style=\"text-align: justify;\">2. Conversar com presb\u00edteros e di\u00e1conos<\/h4>\n<p style=\"text-align: justify;\">No dia do presb\u00edtero ou do di\u00e1cono, desenvolver atividades nas quais as crian\u00e7as, os adolescentes e os jovens possam conversar com os sacerdotes e com os di\u00e1conos, conhecer um pouco da vida deles, no sentido de perceber como surgiu sua voca\u00e7\u00e3o, e encerrar a conversa com um momento de ora\u00e7\u00e3o;<\/p>\n<h4 style=\"text-align: justify;\">3. Refletir sobre a Vida Consagrada<\/h4>\n<p style=\"text-align: justify;\">No dia da vida consagrada, organizar com a comunidade atividades e momentos de reflex\u00e3o e ora\u00e7\u00e3o sobre o sentido da voca\u00e7\u00e3o \u00e0 consagra\u00e7\u00e3o, privilegiando as crian\u00e7as, os adolescentes e os jovens;<\/p>\n<h4 style=\"text-align: justify;\">4. Mostrar o valor da fam\u00edlia<\/h4>\n<p style=\"text-align: justify;\">No dia da voca\u00e7\u00e3o matrimonial, desenvolver atividades com a comunidade no sentido de mostrar o valor da fam\u00edlia, que, em virtude do Sacramento do Matrim\u00f4nio, significa a unidade de amor fecundo entre Cristo e a Igreja e a qual participa desse;<\/p>\n<h4 style=\"text-align: justify;\">5. Refletir sobre os carismas<\/h4>\n<p style=\"text-align: justify;\">Escolher uma data para refletir com a comunidade sobre os carismas, especialmente das lideran\u00e7as pastorais, valorizando o sentido desses dons para o caminhar da Igreja;<\/p>\n<h4 style=\"text-align: justify;\">6. Refletir sobre o sentido das voca\u00e7\u00f5es<\/h4>\n<p style=\"text-align: justify;\">No M\u00eas Vocacional (agosto), fazer rodas de conversa vocacional e, se poss\u00edvel, transmitir nas diferentes m\u00eddias, sempre destacando o sentido de cada voca\u00e7\u00e3o para a realiza\u00e7\u00e3o pessoal e para a Igreja.<\/p>\n<h3 style=\"text-align: justify;\">O Texto-Base para o Ano Vocacional<\/h3>\n<p style=\"text-align: justify;\">O <a href=\"https:\/\/www.edicoescnbb.com.br\/3o-ano-vocacional-do-brasil-2022-2023-texto-base\" target=\"_blank\" rel=\"noopener\">Texto-Base do 3\u00ba Ano Vocacional do Brasil<\/a>, preparado pela Comiss\u00e3o Episcopal Pastoral para os Minist\u00e9rios Ordenados e a Vida Consagrada da CNBB, est\u00e1 divido de forma clara e direta:<\/p>\n<p style=\"text-align: justify;\">Na introdu\u00e7\u00e3o, se apresentam o objetivo geral do Ano Vocacional e seus objetivos espec\u00edficos.<\/p>\n<p style=\"text-align: justify;\">A seguir, na primeira parte, sob o t\u00edtulo \u201cVoca\u00e7\u00e3o\u201d, se resgata o chamado a sermos povo de Deus (Conc\u00edlio Vaticano II), disc\u00edpulos mission\u00e1rios e disc\u00edpulas mission\u00e1rias (Aparecida), para servirmos com alegria (Papa Francisco).<\/p>\n<p style=\"text-align: justify;\">Na segunda parte, intitulada \u201cVoca\u00e7\u00e3o \u00e9 Gra\u00e7a\u201d, se aprofunda o \u00edcone de Marcos 3,13-19, especialmente os aspectos do chamado, do estar com Jesus e da miss\u00e3o recebida dele.<\/p>\n<p style=\"text-align: justify;\">Na terceira e \u00faltima parte, \u201cVoca\u00e7\u00e3o \u00e9 Miss\u00e3o\u201d, se retoma o objetivo geral do Ano Vocacional como promo\u00e7\u00e3o da cultura vocacional em vista do \u201cdespertar\u201d das voca\u00e7\u00f5es; juntos a caminho, buscando aumentar e se fortalecer em n\u00f3s a esperan\u00e7a.<\/p>\n<p style=\"text-align: justify;\">Oferecem-se, ainda, algumas indica\u00e7\u00f5es pr\u00e1ticas para o nosso servi\u00e7o de anima\u00e7\u00e3o vocacional como est\u00edmulo a descruzarmos os bra\u00e7os, assumindo a atitude de quem sabe que \u00e9 preciso esperar como se tudo dependesse de Deus e agir como se tudo dependesse de n\u00f3s.<\/p>\n","protected":false},"excerpt":{"rendered":"<p>Editora da CNBB d\u00e1 seis dicas para despertar a voca\u00e7\u00f5es nas comunidades. A lista conta o que pode ser feito em cada comunidade para ajudar nessa iniciativa, voltada para cada batizado &#8220;acolher o chamado de Deus&#8221; e assumir uma voca\u00e7\u00e3o presbiteral, religiosa ou leiga<\/p>\n","protected":false},"author":38,"featured_media":919190,"comment_status":"open","ping_status":"open","sticky":false,"template":"","format":"standard","meta":{"site-sidebar-layout":"default","site-content-layout":"default","ast-global-header-display":"","ast-banner-title-visibility":"","ast-main-header-display":"","ast-hfb-above-header-display":"","ast-hfb-below-header-display":"","ast-hfb-mobile-header-display":"","site-post-title":"","ast-breadcrumbs-content":"","ast-featured-img":"","footer-sml-layout":"","theme-transparent-header-meta":"default","adv-header-id-meta":"","stick-header-meta":"","header-above-stick-meta":"","header-main-stick-meta":"","header-below-stick-meta":""},"categories":[1841,847],"tags":[4624],"acf":[],"_links":{"self":[{"href":"https:\/\/www.cnbb.org.br\/cnbb-app\/wp\/v2\/posts\/936399"}],"collection":[{"href":"https:\/\/www.cnbb.org.br\/cnbb-app\/wp\/v2\/posts"}],"about":[{"href":"https:\/\/www.cnbb.org.br\/cnbb-app\/wp\/v2\/types\/post"}],"author":[{"embeddable":true,"href":"https:\/\/www.cnbb.org.br\/cnbb-app\/wp\/v2\/users\/38"}],"replies":[{"embeddable":true,"href":"https:\/\/www.cnbb.org.br\/cnbb-app\/wp\/v2\/comments?post=936399"}],"version-history":[{"count":3,"href":"https:\/\/www.cnbb.org.br\/cnbb-app\/wp\/v2\/posts\/936399\/revisions"}],"predecessor-version":[{"id":936496,"href":"https:\/\/www.cnbb.org.br\/cnbb-app\/wp\/v2\/posts\/936399\/revisions\/936496"}],"wp:featuredmedia":[{"embeddable":true,"href":"https:\/\/www.cnbb.org.br\/cnbb-app\/wp\/v2\/media\/919190"}],"wp:attachment":[{"href":"https:\/\/www.cnbb.org.br\/cnbb-app\/wp\/v2\/media?parent=936399"}],"wp:term":[{"taxonomy":"category","embeddable":true,"href":"https:\/\/www.cnbb.org.br\/cnbb-app\/wp\/v2\/categories?post=936399"},{"taxonomy":"post_tag","embeddable":true,"href":"https:\/\/www.cnbb.org.br\/cnbb-app\/wp\/v2\/tags?post=936399"}],"curies":[{"name":"wp","href":"https:\/\/api.w.org\/{rel}","templated":true}]}}