{"id":936457,"date":"2023-01-13T10:50:06","date_gmt":"2023-01-13T13:50:06","guid":{"rendered":"https:\/\/www.cnbb.org.br\/?p=936457"},"modified":"2023-01-13T10:50:20","modified_gmt":"2023-01-13T13:50:20","slug":"o-testemunho-de-sao-joao-batista","status":"publish","type":"post","link":"https:\/\/www.cnbb.org.br\/o-testemunho-de-sao-joao-batista\/","title":{"rendered":"O testemunho de S\u00e3o Jo\u00e3o Batista\u00a0"},"content":{"rendered":"<p style=\"text-align: right;\"><strong>Dom Vital Corbellini<br \/>\nBispo de Marab\u00e1 (PA)<\/strong><\/p>\n<p>&nbsp;<\/p>\n<p style=\"text-align: justify;\"><span data-contrast=\"auto\">A pessoa de S\u00e3o Jo\u00e3o Batista esteve muito presente nos evangelhos e na prega\u00e7\u00e3o da Igreja antiga. Ele ganhou considera\u00e7\u00f5es da parte de Jesus, por ser ele o precursor do Messias, preparando as pessoas para que Jesus fosse bem acolhido entre o povo. A liturgia lhe concedeu leituras que s\u00e3o proclamadas nas comunidades para serem aprofundadas, meditadas no tempo do advento, do natal e no tempo comum. No mundo atual \u00e9 fundamental dar testemunho de Jesus, da Igreja, porque \u00e9 preciso viver a Palavra de Jesus na fam\u00edlia, na comunidade e na sociedade. Como Jo\u00e3o, testemunhamos o Senhor na realidade atual.\u00a0<\/span><span data-ccp-props=\"{&quot;201341983&quot;:0,&quot;335551550&quot;:6,&quot;335551620&quot;:6,&quot;335559739&quot;:200,&quot;335559740&quot;:276}\">\u00a0<\/span><\/p>\n<p style=\"text-align: justify;\"><span data-contrast=\"auto\">Testemunho da Luz.<\/span><span data-ccp-props=\"{&quot;201341983&quot;:0,&quot;335551550&quot;:6,&quot;335551620&quot;:6,&quot;335559739&quot;:200,&quot;335559740&quot;:276}\">\u00a0<\/span><\/p>\n<p style=\"text-align: justify;\"><span data-contrast=\"auto\">\u00c9 fundamental a compreens\u00e3o da palavra testemunho que vem do verbo latino: <\/span><i><span data-contrast=\"auto\">testificari<\/span><\/i><span data-contrast=\"auto\">, do substantivo <\/span><i><span data-contrast=\"auto\">testimonium<\/span><\/i><span data-contrast=\"auto\"> cujo significado \u00e9 testemunhar, atestar, pessoa que viu, assistiu o fato e declara a verdade das coisas<\/span><span data-contrast=\"auto\">1<\/span><span data-contrast=\"auto\">. Jo\u00e3o testemunhou Jesus. O Pr\u00f3logo de S\u00e3o Jo\u00e3o (Jo 1,6-8) fala que houve um homem enviado por Deus, chamado Jo\u00e3o. Ele veio como testemunha, para dar testemunho da Luz, para que todas as pessoas cressem por meio dele. O fato era claro que ele n\u00e3o era a luz, mas ele testemunhou em favor da Luz. Jo\u00e3o Batista testemunhou Jesus Cristo, a luz verdadeira que ilumina todo o ser humano. Os padres da Igreja diziam que ele era uma l\u00e2mpada diante da Luz, o Senhor que dissipou todas as trevas do erro e da maldade. Jo\u00e3o testemunhou Jesus Cristo, luz verdadeira.\u00a0<\/span><span data-ccp-props=\"{&quot;201341983&quot;:0,&quot;335551550&quot;:6,&quot;335551620&quot;:6,&quot;335559739&quot;:200,&quot;335559740&quot;:276}\">\u00a0<\/span><\/p>\n<p style=\"text-align: justify;\"><span data-contrast=\"auto\">Cordeiro de Deus.<\/span><span data-ccp-props=\"{&quot;201341983&quot;:0,&quot;335551550&quot;:6,&quot;335551620&quot;:6,&quot;335559739&quot;:200,&quot;335559740&quot;:276}\">\u00a0<\/span><\/p>\n<p style=\"text-align: justify;\"><span data-contrast=\"auto\">S\u00e3o Jo\u00e3o Batista \u00e9 tamb\u00e9m conhecido pela express\u00e3o usada na liturgia eucar\u00edstica, antes da comunh\u00e3o: Cordeiro de Deus. Quando ele viu Jesus que estava vindo ao seu encontro ele disse que Jesus era o Cordeiro de Deus que tira o pecado do mundo (Jo 1,29). Sendo uma express\u00e3o de f\u00e9 dita a Jesus por Jo\u00e3o, \u00e9 a objetividade da pessoa do Senhor, o Cordeiro de Deus, \u00fanico, imolado, sem mancha de pecado, na cruz para a salva\u00e7\u00e3o da humanidade. Muitos animais e cordeiros eram imolados por ocasi\u00e3o da P\u00e1scoa judaica. Mas com a vinda do Senhor e depois com o cristianismo n\u00e3o ser\u00e1 mais necess\u00e1ria a imola\u00e7\u00e3o de animais, mas as aten\u00e7\u00f5es s\u00e3o dadas \u00e0 imola\u00e7\u00e3o de Jesus como Cordeiro de Deus que na cruz ocorreu a maior manifesta\u00e7\u00e3o do amor de Deus ao mundo. O evangelista S\u00e3o Jo\u00e3o coincidiu a morte de Jesus na cruz com a imola\u00e7\u00e3o de animais no Templo para dizer que daquele momento em diante o verdadeiro Cordeiro \u00e9 Jesus, imolado para a reden\u00e7\u00e3o da humanidade.\u00a0<\/span><span data-ccp-props=\"{&quot;201341983&quot;:0,&quot;335551550&quot;:6,&quot;335551620&quot;:6,&quot;335559739&quot;:200,&quot;335559740&quot;:276}\">\u00a0<\/span><\/p>\n<p style=\"text-align: justify;\"><span data-contrast=\"auto\">Filho de Deus.<\/span><span data-ccp-props=\"{&quot;201341983&quot;:0,&quot;335551550&quot;:6,&quot;335551620&quot;:6,&quot;335559739&quot;:200,&quot;335559740&quot;:276}\">\u00a0<\/span><\/p>\n<p style=\"text-align: justify;\"><span data-contrast=\"auto\">Jo\u00e3o tamb\u00e9m testemunhou que Jesus era o Filho de Deus. Esta defini\u00e7\u00e3o \u00e9 sem d\u00favida uma das maiores manifesta\u00e7\u00f5es que as pessoas diziam a Jesus, encontrando-se, as refer\u00eancias nos evangelhos. Jesus veio do Pai ao mundo, sendo gerado desde sempre por Ele. Ele \u00e9 o Filho de Deus. O pr\u00f3logo de S\u00e3o Jo\u00e3o colocou o dado que a vis\u00e3o de Deus n\u00e3o foi vista por ningu\u00e9m, no entanto o Deus Unig\u00eanito que est\u00e1 no seio do Pai ele no-lo revelou (Jo 1, 18). Diante do pedido do disc\u00edpulo Filipe que Jesus mostrasse o Pai, o Senhor respondeu que quem o viu, viu o Pai (Jo 14, 8-9). Jesus continuou a sua palavra em rela\u00e7\u00e3o a Filipe que Jesus est\u00e1 no Pai e o Pai est\u00e1 nele (Jo 14,11). Marta tamb\u00e9m disse que Jesus era o Filho de Deus, diante do fato da morte de L\u00e1zaro, irm\u00e3o seu e de Maria, pois, na ocasi\u00e3o, o Senhor disse que ele era a ressurrei\u00e7\u00e3o, a vida e que ele ressurgiria L\u00e1zaro, morto j\u00e1 alguns dias (Jo 11, 25-27). Na morte de cruz, o centuri\u00e3o romano disse que Jesus era o Filho de Deus (Mc 15, 39). Jo\u00e3o Batista esteve na linha das grandes profiss\u00f5es de f\u00e9, de amor ditas a Jesus, como Filho de Deus na carne.\u00a0<\/span><span data-ccp-props=\"{&quot;201341983&quot;:0,&quot;335551550&quot;:6,&quot;335551620&quot;:6,&quot;335559739&quot;:200,&quot;335559740&quot;:276}\">\u00a0<\/span><\/p>\n<p style=\"text-align: justify;\"><span data-contrast=\"auto\">Jo\u00e3o disse a Jesus que ele deveria ser batizado pelo Cristo<\/span><span data-ccp-props=\"{&quot;201341983&quot;:0,&quot;335551550&quot;:6,&quot;335551620&quot;:6,&quot;335559739&quot;:200,&quot;335559740&quot;:276}\">\u00a0<\/span><\/p>\n<p style=\"text-align: justify;\"><span data-contrast=\"auto\">S\u00e3o Greg\u00f3rio de Nazianzo, bispo de Constantinopla, s\u00e9culo IV tendo como base o evangelho de Mateus, disse que Jo\u00e3o relutou quando Jesus se aproximou dele para ser batizado, pois ele desejava ser batizado pelo Senhor (Mt 3,14). Se Jo\u00e3o tentou resistir, Jesus insistiu. Jesus n\u00e3o tinha pecado, mas ele assumiu com o seu batismo o pecado da humanidade. Ele santificou as \u00e1guas do Jord\u00e3o, para assim iniciar a todos nos sacramentos mediante o Esp\u00edrito e na \u00e1gua. S\u00e3o Greg\u00f3rio de Nazianzo disse tamb\u00e9m que Jo\u00e3o era uma l\u00e2mpada diante do Sol, a voz \u00e0 Palavra, o amigo ao Esposo, o maior entre todos os nascidos de mulher ao Primog\u00eanito de toda a criatura, aquele que estremeceu de alegria no seio materno de Isabel ao que fora adorado no seio de Maria, sua M\u00e3e, o Precursor diante do Salvador<\/span><span data-contrast=\"auto\">2<\/span><span data-contrast=\"auto\">;<\/span><span data-ccp-props=\"{&quot;201341983&quot;:0,&quot;335551550&quot;:6,&quot;335551620&quot;:6,&quot;335559739&quot;:200,&quot;335559740&quot;:276}\">\u00a0<\/span><\/p>\n<p style=\"text-align: justify;\"><span data-contrast=\"auto\">Jo\u00e3o Batista e Elias.<\/span><span data-ccp-props=\"{&quot;201341983&quot;:0,&quot;335551550&quot;:6,&quot;335551620&quot;:6,&quot;335559739&quot;:200,&quot;335559740&quot;:276}\">\u00a0<\/span><\/p>\n<p style=\"text-align: justify;\"><span data-contrast=\"auto\">Jesus pediu o sil\u00eancio aos disc\u00edpulos Pedro, Tiago e Jo\u00e3o ao descerem da montanha, quando Jesus foi l\u00e1 para a transfigura\u00e7\u00e3o solicitando a eles que n\u00e3o contassem a ningu\u00e9m at\u00e9 que Ele tivesse ressuscitado dos mortos. No entanto os disc\u00edpulos perguntaram a Jesus o fato de que primeiro deveria vir Elias, que eram as afirma\u00e7\u00f5es dos escribas, segundo eles. Mas Jesus afirmou aos seus disc\u00edpulos que Elias restaurar\u00e1 tudo e tinha vindo, mas ele n\u00e3o recebeu o reconhecimento. As autoridades fizeram tudo com ele com o que desejavam dele. Jesus disse que tamb\u00e9m o Filho do Homem sofreria por causa deles. Os disc\u00edpulos entenderam que Jesus lhes falava de Jo\u00e3o Batista (Mt 17,9-13). Elias veio primeiro, na pessoa do Precursor, Jo\u00e3o Batista e o Senhor passar\u00e1 pelo sofrimento, a cruz, para chegar \u00e0 gl\u00f3ria da ressurrei\u00e7\u00e3o.\u00a0<\/span><span data-ccp-props=\"{&quot;201341983&quot;:0,&quot;335551550&quot;:6,&quot;335551620&quot;:6,&quot;335559739&quot;:200,&quot;335559740&quot;:276}\">\u00a0<\/span><\/p>\n<p style=\"text-align: justify;\"><span data-contrast=\"auto\">Jo\u00e3o e Jesus.<\/span><span data-ccp-props=\"{&quot;201341983&quot;:0,&quot;335551550&quot;:6,&quot;335551620&quot;:6,&quot;335559739&quot;:200,&quot;335559740&quot;:276}\">\u00a0<\/span><\/p>\n<p style=\"text-align: justify;\"><span data-contrast=\"auto\">\u00a0Jesus disse \u00e0s multid\u00f5es que Jo\u00e3o Batista era uma pessoa simples, mais que um profeta, porque ele foi mandado por Deus para preparar o caminho do Senhor. Ele seria o maior entre os nascidos de mulher, no entanto o menor no Reino dos c\u00e9us era maior do que ele (Mt 11, 7-11). Jesus \u00e9 maior que Jo\u00e3o Batista, porque ele veio de Deus para redimir a toda a humanidade.\u00a0<\/span><span data-ccp-props=\"{&quot;201341983&quot;:0,&quot;335551550&quot;:6,&quot;335551620&quot;:6,&quot;335559739&quot;:200,&quot;335559740&quot;:276}\">\u00a0<\/span><\/p>\n<p style=\"text-align: justify;\"><span data-contrast=\"auto\">O testemunho de Jo\u00e3o Batista refor\u00e7a sempre a necessidade de viver a Palavra de Jesus no mundo de hoje. O testemunho coloca a necessidade para a realiza\u00e7\u00e3o do bem na fam\u00edlia, na comunidade e na sociedade. N\u00f3s somos chamados a amar a Deus, ao pr\u00f3ximo como a si mesmo.\u00a0<\/span><span data-ccp-props=\"{&quot;201341983&quot;:0,&quot;335551550&quot;:6,&quot;335551620&quot;:6,&quot;335559739&quot;:200,&quot;335559740&quot;:276}\">\u00a0<\/span><\/p>\n","protected":false},"excerpt":{"rendered":"<p>Dom Vital Corbellini Bispo de Marab\u00e1 (PA) &nbsp; A pessoa de S\u00e3o Jo\u00e3o Batista esteve muito presente nos evangelhos e na prega\u00e7\u00e3o da Igreja antiga. Ele ganhou considera\u00e7\u00f5es da parte de Jesus, por ser ele o precursor do Messias, preparando as pessoas para que Jesus fosse bem acolhido entre o povo. A liturgia lhe concedeu &hellip;<\/p>\n<p class=\"read-more\"> <a class=\"\" href=\"https:\/\/www.cnbb.org.br\/o-testemunho-de-sao-joao-batista\/\"> <span class=\"screen-reader-text\">O testemunho de S\u00e3o Jo\u00e3o Batista\u00a0<\/span> Leia mais &raquo;<\/a><\/p>\n","protected":false},"author":16,"featured_media":0,"comment_status":"open","ping_status":"open","sticky":false,"template":"","format":"standard","meta":{"site-sidebar-layout":"default","site-content-layout":"default","ast-global-header-display":"","ast-banner-title-visibility":"","ast-main-header-display":"","ast-hfb-above-header-display":"","ast-hfb-below-header-display":"","ast-hfb-mobile-header-display":"","site-post-title":"","ast-breadcrumbs-content":"","ast-featured-img":"","footer-sml-layout":"","theme-transparent-header-meta":"default","adv-header-id-meta":"","stick-header-meta":"","header-above-stick-meta":"","header-main-stick-meta":"","header-below-stick-meta":""},"categories":[758],"tags":[],"acf":[],"_links":{"self":[{"href":"https:\/\/www.cnbb.org.br\/cnbb-app\/wp\/v2\/posts\/936457"}],"collection":[{"href":"https:\/\/www.cnbb.org.br\/cnbb-app\/wp\/v2\/posts"}],"about":[{"href":"https:\/\/www.cnbb.org.br\/cnbb-app\/wp\/v2\/types\/post"}],"author":[{"embeddable":true,"href":"https:\/\/www.cnbb.org.br\/cnbb-app\/wp\/v2\/users\/16"}],"replies":[{"embeddable":true,"href":"https:\/\/www.cnbb.org.br\/cnbb-app\/wp\/v2\/comments?post=936457"}],"version-history":[{"count":1,"href":"https:\/\/www.cnbb.org.br\/cnbb-app\/wp\/v2\/posts\/936457\/revisions"}],"predecessor-version":[{"id":936459,"href":"https:\/\/www.cnbb.org.br\/cnbb-app\/wp\/v2\/posts\/936457\/revisions\/936459"}],"wp:attachment":[{"href":"https:\/\/www.cnbb.org.br\/cnbb-app\/wp\/v2\/media?parent=936457"}],"wp:term":[{"taxonomy":"category","embeddable":true,"href":"https:\/\/www.cnbb.org.br\/cnbb-app\/wp\/v2\/categories?post=936457"},{"taxonomy":"post_tag","embeddable":true,"href":"https:\/\/www.cnbb.org.br\/cnbb-app\/wp\/v2\/tags?post=936457"}],"curies":[{"name":"wp","href":"https:\/\/api.w.org\/{rel}","templated":true}]}}