{"id":936668,"date":"2023-01-17T16:36:38","date_gmt":"2023-01-17T19:36:38","guid":{"rendered":"https:\/\/www.cnbb.org.br\/?p=936668"},"modified":"2023-01-18T08:57:13","modified_gmt":"2023-01-18T11:57:13","slug":"dom-joel-missiologia-colaborar-mundo-mais-fraterno","status":"publish","type":"post","link":"https:\/\/www.cnbb.org.br\/dom-joel-missiologia-colaborar-mundo-mais-fraterno\/","title":{"rendered":"Dom Joel abre curso de missiologia: &#8220;colaborar missionariamente para um mundo mais fraterno&#8221;"},"content":{"rendered":"<p style=\"text-align: justify;\">Uma celebra\u00e7\u00e3o eucar\u00edstica e uma aula inaugural marcaram a abertura do primeiro m\u00f3dulo do curso de p\u00f3s-gradua\u00e7\u00e3o <em>lato senso<\/em> em Missiologia, promovido pelo Centro Cultural Mission\u00e1rio (CCM) em parceria com a Faculdade de Teologia da arquidiocese de Bras\u00edlia (FATEO). Na \u00faltima segunda-feira, 16 de janeiro, o bispo auxiliar da arquidiocese do Rio de Janeiro (RJ) e secret\u00e1rio-geral da Confer\u00eancia Nacional dos Bispos do Brasil (CNBB), dom Joel Portella Amado, conduziu os dois momentos e refletiu sobre o atual contexto mission\u00e1rio vivido pela Igreja.<\/p>\n<p style=\"text-align: justify;\">Em sua exposi\u00e7\u00e3o, na aula inaugural, quando abordou o atual momento mission\u00e1rio vivido pela Igreja, dom Joel lembrou algumas balizas, dentre as quais o Conc\u00edlio Vaticano II e as mudan\u00e7as ocorridas no mundo a partir da metade do s\u00e9culo XX.<\/p>\n<blockquote>\n<p style=\"text-align: justify;\">&#8220;Indiquei que essas mudan\u00e7as e o conc\u00edlio provocaram uma compreens\u00e3o de miss\u00e3o diferente da que vinha sendo realizada at\u00e9 ent\u00e3o. Alguns aspectos se solidificaram ao longo do tempo.\u00a0O primeiro aspecto \u00e9 a certeza de que todo lugar \u00e9 lugar de miss\u00e3o. A miss\u00e3o deve atualmente ocorrer aqui onde estamos e tamb\u00e9m, \u00e9 claro, al\u00e9m fronteiras&#8221;, partilhou o secret\u00e1rio-geral da CNBB.<\/p>\n<\/blockquote>\n<p style=\"text-align: justify;\">Em sua exposi\u00e7\u00e3o, dom Joel tamb\u00e9m lembrou aos participantes que a dimens\u00e3o mission\u00e1ria na vida da Igreja implica o di\u00e1logo com as culturas e o compromisso socioambiental.<\/p>\n<p><img decoding=\"async\" loading=\"lazy\" class=\"aligncenter size-full wp-image-936681\" src=\"https:\/\/www.cnbb.org.br\/wp-content\/uploads\/2023\/01\/Abert-Missiologia-16012023-2.jpeg\" alt=\"\" width=\"1600\" height=\"900\" srcset=\"https:\/\/www.cnbb.org.br\/wp-content\/uploads\/2023\/01\/Abert-Missiologia-16012023-2.jpeg 1600w, https:\/\/www.cnbb.org.br\/wp-content\/uploads\/2023\/01\/Abert-Missiologia-16012023-2-300x169.jpeg 300w, https:\/\/www.cnbb.org.br\/wp-content\/uploads\/2023\/01\/Abert-Missiologia-16012023-2-1024x576.jpeg 1024w, https:\/\/www.cnbb.org.br\/wp-content\/uploads\/2023\/01\/Abert-Missiologia-16012023-2-768x432.jpeg 768w, https:\/\/www.cnbb.org.br\/wp-content\/uploads\/2023\/01\/Abert-Missiologia-16012023-2-1536x864.jpeg 1536w, https:\/\/www.cnbb.org.br\/wp-content\/uploads\/2023\/01\/Abert-Missiologia-16012023-2-500x281.jpeg 500w\" sizes=\"(max-width: 1600px) 100vw, 1600px\" \/><\/p>\n<p style=\"text-align: justify;\">Tamb\u00e9m a fraternidade humana encontra-se de modo transversal nesses aspectos da miss\u00e3o na atualidade, &#8220;o que, na linguagem da Fratelli tutti, chama-se amizade social&#8221;, recordou dom Joel, citando a enc\u00edclica do Papa Francisco sobre a fraternidade e a amizade social.<\/p>\n<blockquote>\n<p style=\"text-align: justify;\">&#8220;Em um mundo com tantas divis\u00f5es, devemos, por certo, valorizar a diversidade, mas sempre em vista da unidade, da comunh\u00e3o, da fraternidade. N\u00e3o se trata de escolher qual ponto da miss\u00e3o vamos seguir. Se um carisma d\u00e1 mais sensibilidade para algum aspecto, isso n\u00e3o significa que este venha a ser o \u00fanico aspecto, mas que ele deve estar em cont\u00ednuo di\u00e1logo com os outros aspectos. Precisamos colaborar ativa e missionariamente para que o mundo seja mais fraterno&#8221;, pontuou.<\/p>\n<\/blockquote>\n<h3>Missi\u00f3logos<\/h3>\n<p style=\"text-align: justify;\">Cerca de 30 futuros missi\u00f3logos participam da forma\u00e7\u00e3o cuja etapa presencial neste in\u00edcio de ano, abre o primeiro de tr\u00eas m\u00f3dulos do curr\u00edculo. Uma vez formados, os p\u00f3s-graduados estar\u00e3o assessorando e ajudando na forma\u00e7\u00e3o mission\u00e1ria da Igreja no Brasil. Segundo o CCM, participam representantes leigos, seminaristas, consagrados, ministros ordenados (presb\u00edteros, di\u00e1conos, bispos), especialmente membros dos conselhos mission\u00e1rios e das Pontif\u00edcias Obras Mission\u00e1rias, Institutos seculares, associa\u00e7\u00f5es, congrega\u00e7\u00f5es, novas comunidades e agentes de pastoral das Igrejas particulares.<\/p>\n<p><img decoding=\"async\" loading=\"lazy\" class=\"aligncenter size-full wp-image-936680\" src=\"https:\/\/www.cnbb.org.br\/wp-content\/uploads\/2023\/01\/Abert-Missiologia-16012023-1.jpeg\" alt=\"\" width=\"1600\" height=\"900\" srcset=\"https:\/\/www.cnbb.org.br\/wp-content\/uploads\/2023\/01\/Abert-Missiologia-16012023-1.jpeg 1600w, https:\/\/www.cnbb.org.br\/wp-content\/uploads\/2023\/01\/Abert-Missiologia-16012023-1-300x169.jpeg 300w, https:\/\/www.cnbb.org.br\/wp-content\/uploads\/2023\/01\/Abert-Missiologia-16012023-1-1024x576.jpeg 1024w, https:\/\/www.cnbb.org.br\/wp-content\/uploads\/2023\/01\/Abert-Missiologia-16012023-1-768x432.jpeg 768w, https:\/\/www.cnbb.org.br\/wp-content\/uploads\/2023\/01\/Abert-Missiologia-16012023-1-1536x864.jpeg 1536w, https:\/\/www.cnbb.org.br\/wp-content\/uploads\/2023\/01\/Abert-Missiologia-16012023-1-500x281.jpeg 500w\" sizes=\"(max-width: 1600px) 100vw, 1600px\" \/><\/p>\n","protected":false},"excerpt":{"rendered":"<p>Na \u00faltima segunda-feira, o secret\u00e1rio-geral da Confer\u00eancia Nacional dos Bispos do Brasil (CNBB) abriu o primeiro m\u00f3dulo do curso de p\u00f3s-gradua\u00e7\u00e3o lato senso em Missiologia, promovido pelo Centro Cultural Mission\u00e1rio (CCM) em parceria com a Faculdade de Teologia da arquidiocese de Bras\u00edlia (Fateo)<\/p>\n","protected":false},"author":38,"featured_media":936682,"comment_status":"open","ping_status":"open","sticky":false,"template":"","format":"standard","meta":{"site-sidebar-layout":"default","site-content-layout":"default","ast-global-header-display":"","ast-banner-title-visibility":"","ast-main-header-display":"","ast-hfb-above-header-display":"","ast-hfb-below-header-display":"","ast-hfb-mobile-header-display":"","site-post-title":"","ast-breadcrumbs-content":"","ast-featured-img":"","footer-sml-layout":"","theme-transparent-header-meta":"default","adv-header-id-meta":"","stick-header-meta":"","header-above-stick-meta":"","header-main-stick-meta":"","header-below-stick-meta":""},"categories":[871,50,797],"tags":[1173,2728,4796],"acf":[],"_links":{"self":[{"href":"https:\/\/www.cnbb.org.br\/cnbb-app\/wp\/v2\/posts\/936668"}],"collection":[{"href":"https:\/\/www.cnbb.org.br\/cnbb-app\/wp\/v2\/posts"}],"about":[{"href":"https:\/\/www.cnbb.org.br\/cnbb-app\/wp\/v2\/types\/post"}],"author":[{"embeddable":true,"href":"https:\/\/www.cnbb.org.br\/cnbb-app\/wp\/v2\/users\/38"}],"replies":[{"embeddable":true,"href":"https:\/\/www.cnbb.org.br\/cnbb-app\/wp\/v2\/comments?post=936668"}],"version-history":[{"count":4,"href":"https:\/\/www.cnbb.org.br\/cnbb-app\/wp\/v2\/posts\/936668\/revisions"}],"predecessor-version":[{"id":936686,"href":"https:\/\/www.cnbb.org.br\/cnbb-app\/wp\/v2\/posts\/936668\/revisions\/936686"}],"wp:featuredmedia":[{"embeddable":true,"href":"https:\/\/www.cnbb.org.br\/cnbb-app\/wp\/v2\/media\/936682"}],"wp:attachment":[{"href":"https:\/\/www.cnbb.org.br\/cnbb-app\/wp\/v2\/media?parent=936668"}],"wp:term":[{"taxonomy":"category","embeddable":true,"href":"https:\/\/www.cnbb.org.br\/cnbb-app\/wp\/v2\/categories?post=936668"},{"taxonomy":"post_tag","embeddable":true,"href":"https:\/\/www.cnbb.org.br\/cnbb-app\/wp\/v2\/tags?post=936668"}],"curies":[{"name":"wp","href":"https:\/\/api.w.org\/{rel}","templated":true}]}}