{"id":936729,"date":"2023-01-18T12:54:40","date_gmt":"2023-01-18T15:54:40","guid":{"rendered":"https:\/\/www.cnbb.org.br\/?p=936729"},"modified":"2023-01-18T12:55:29","modified_gmt":"2023-01-18T15:55:29","slug":"quem-onde-e-como","status":"publish","type":"post","link":"https:\/\/www.cnbb.org.br\/quem-onde-e-como\/","title":{"rendered":"Quem, onde e como?"},"content":{"rendered":"<p style=\"text-align: right;\"><strong>Dom Alberto Taveira Corr\u00eaa<\/strong><br \/>\n<strong>Arcebispo de Bel\u00e9m do Par\u00e1 (PA)<\/strong><\/p>\n<p>&nbsp;<\/p>\n<p><span data-ccp-props=\"{&quot;201341983&quot;:0,&quot;335551550&quot;:2,&quot;335551620&quot;:2,&quot;335559739&quot;:0,&quot;335559740&quot;:240}\">\u00a0<\/span><\/p>\n<p style=\"text-align: justify;\"><span data-contrast=\"auto\">O Ano Vocacional em curso para todo o Brasil traz consigo uma s\u00e9rie de perguntas sobre as pessoas chamadas por Deus, suas motiva\u00e7\u00f5es e o alcance de sua atua\u00e7\u00e3o. O Evangelho (Mt 4,12-23) nos ajuda a penetrar neste maravilhoso e desafiador mist\u00e9rio da voca\u00e7\u00e3o. Comecemos pelo espa\u00e7o de atua\u00e7\u00e3o de Jesus. Sabemos que n\u00e3o percorreu grandes dist\u00e2ncias, exceto a fuga para o Egito, ainda crian\u00e7a, algumas incurs\u00f5es pelas fronteiras com regi\u00f5es pag\u00e3s. Jerusal\u00e9m e a Jud\u00e9ia foram percorridas por ele, como ponto de chegada de sua entrega como Salvador do Mundo, visitas ao Templo e muitos confrontos com as autoridades religiosas. Entretanto, a maior parte de sua prega\u00e7\u00e3o do Reino de Deus aconteceu na Galileia. De fato, \u201cdeixou Nazar\u00e9 e foi morar em Cafarnaum, \u00e0s margens do mar da Galileia, no territ\u00f3rio de Zabulon e de Neftali, para cumprir-se o que foi dito pelo profeta Isa\u00edas: \u2018Terra de Zabulon, terra de Neftali, caminho do mar, regi\u00e3o al\u00e9m do Jord\u00e3o, Galileia, entregue \u00e0s na\u00e7\u00f5es pag\u00e3s! O povo que estava nas trevas viu uma grande luz, para os habitantes da regi\u00e3o sombria da morte uma luz surgiu\u2019. A partir de ent\u00e3o, Jesus come\u00e7ou a anunciar: \u201cConvertei-vos, pois o Reino dos C\u00e9us est\u00e1 pr\u00f3ximo\u201d (Mt 4,13-17).<\/span><span data-ccp-props=\"{&quot;201341983&quot;:0,&quot;335551550&quot;:6,&quot;335551620&quot;:6,&quot;335559731&quot;:708,&quot;335559739&quot;:160,&quot;335559740&quot;:276}\">\u00a0<\/span><\/p>\n<p style=\"text-align: justify;\"><span data-contrast=\"auto\">Ele come\u00e7ou pela regi\u00e3o mais desafiadora, o povo que andava na escurid\u00e3o (Cf. Is 9,1) e que encontrou uma grande luz, para crescer a alegria e a felicidade. Com frequ\u00eancia ouvimos pessoas se referirem a outros tempos ou \u00e9pocas, pensando ter sido melhor o passado, alimentando saudade buc\u00f3lica e falta de coragem para enfrentar os desafios do presente. Desejamos apresentar a todos os crist\u00e3os, especialmente aos jovens, a beleza do tempo presente, para que descubram justamente nos problemas de hoje a inspira\u00e7\u00e3o a darem resposta corajosa, pois h\u00e1 muita gente desorientada e perdida, suplicando nosso envolvimento. Onde Deus est\u00e1 e apresenta seu convite vocacional? Faz-se necess\u00e1rio olhar ao redor, superar o indiferentismo e olhar para tantas pessoas ca\u00eddas \u00e0 beira do caminho, sem passar ao largo! (Cf. Lc 10,31-2) N\u00e3o existe falta de voca\u00e7\u00f5es em nosso tempo. Falta sensibiliza\u00e7\u00e3o, trato e resposta corajosa.<\/span><span data-ccp-props=\"{&quot;201341983&quot;:0,&quot;335551550&quot;:6,&quot;335551620&quot;:6,&quot;335559739&quot;:160,&quot;335559740&quot;:276}\">\u00a0<\/span><\/p>\n<p style=\"text-align: justify;\"><span data-contrast=\"auto\">Para trazer em nossa boca a palavra forte de Jesus &#8211; \u201cConvertei-vos, pois o Reino dos C\u00e9us est\u00e1 pr\u00f3ximo\u201d \u2013 \u00e9 necess\u00e1rio ouvi-la dirigida a cada um de n\u00f3s, em qualquer idade ou condi\u00e7\u00e3o social e religiosa. Cada um de n\u00f3s h\u00e1 de se encontrar na Galileia dos pag\u00e3os! Uma revis\u00e3o corajosa e honesta da vida mostrar\u00e1 o quanto cada um de n\u00f3s, sem exce\u00e7\u00e3o, deve converter-se sempre e mais ainda. A for\u00e7a da prega\u00e7\u00e3o do Reino de Deus n\u00e3o diminuiu e vai se perpetuar at\u00e9 o fim dos tempos. E tendo ouvido o convite de Jesus, abram-se nossos olhos e nossos cora\u00e7\u00f5es para o horizonte mission\u00e1rio, com a pergunta sobre onde cada um de n\u00f3s pode servir, e com ousadia procurar saber que situa\u00e7\u00f5es mais complicadas podem contar com os dons a n\u00f3s concedidos pelo Senhor. H\u00e1 coisas dif\u00edceis cuja solu\u00e7\u00e3o pode estar em n\u00f3s e n\u00e3o nos outros! Que tal aceitar esta provoca\u00e7\u00e3o?<\/span><span data-ccp-props=\"{&quot;201341983&quot;:0,&quot;335551550&quot;:6,&quot;335551620&quot;:6,&quot;335559739&quot;:160,&quot;335559740&quot;:276}\">\u00a0<\/span><\/p>\n<p style=\"text-align: justify;\"><span data-contrast=\"auto\">O Evangelho depois apresenta nomes! Sim\u00e3o Pedro, Andr\u00e9, seu irm\u00e3o, Tiago e Jo\u00e3o (Cf. Mt 4,18-22). Quem pode responder ao chamado de Jesus? Uma lista imensa come\u00e7a ali e hoje chega at\u00e9 aqui, incluindo nossos nomes.<\/span><span data-contrast=\"none\"> S\u00e3o Paulo nos ajuda a entender: \u201cA alguns ele concedeu serem ap\u00f3stolos; a outros, profetas; a outros, evangelistas; a outros, pastores e mestres. Assim, ele capacitou os santos para a obra do minist\u00e9rio, para a edifica\u00e7\u00e3o do Corpo de Cristo, at\u00e9 chegarmos, todos juntos, \u00e0 unidade na f\u00e9 e no conhecimento do Filho de Deus, ao estado de adultos, \u00e0 estatura do Cristo em sua plenitude\u201d (Ef 4,11-13).\u00a0<\/span><span data-ccp-props=\"{&quot;201341983&quot;:0,&quot;335551550&quot;:6,&quot;335551620&quot;:6,&quot;335559739&quot;:160,&quot;335559740&quot;:276}\">\u00a0<\/span><\/p>\n<p style=\"text-align: justify;\"><span data-contrast=\"none\">Na mesma Carta aos Ef\u00e9sios ele descreve a voca\u00e7\u00e3o da fam\u00edlia (Ef 5,21 \u2013 6,4). Na primeira semana de janeiro, para dar um exemplo, foi celebrada a missa de posse e envio dos casais dirigentes do Encontro de Casais com Cristo, homens e mulheres que descobrem com criatividade seu lugar nas Par\u00f3quias e na Arquidiocese, um evento de grande significa\u00e7\u00e3o. E no \u00faltimo final de semana, era toda a Pastoral Familiar da Arquidiocese que se reunia, tra\u00e7ando seus rumos de trabalho para o presente ano! N\u00e3o h\u00e1 voca\u00e7\u00e3o melhor do que a outra! Para cada um de n\u00f3s, a melhor \u00e9 a que corresponde ao olhar pessoal de Deus, e para todos ele tem este olhar especial!<\/span><span data-ccp-props=\"{&quot;201341983&quot;:0,&quot;335551550&quot;:6,&quot;335551620&quot;:6,&quot;335559731&quot;:708,&quot;335559739&quot;:160,&quot;335559740&quot;:276}\">\u00a0<\/span><\/p>\n<p style=\"text-align: justify;\"><span data-contrast=\"none\">O Ap\u00f3stolo S\u00e3o Paulo escrevendo aos Cor\u00edntios (1Cor 1,10-17), ao referir-se a nomes de personalidades importantes, como Pedro, Apolo e o pr\u00f3prio Paulo, faz convergir as diversas voca\u00e7\u00f5es e dons para o essencial, Jesus Cristo! Durante este per\u00edodo do ano, as diversas circunscri\u00e7\u00f5es eclesi\u00e1sticas de todo o Brasil, segundo as prementes necessidades da Evangeliza\u00e7\u00e3o, promove as nomea\u00e7\u00f5es de sacerdotes para Par\u00f3quias e outras atividades. Nossa Arquidiocese tem assistido, desde o final do m\u00eas de dezembro de 2022, quando come\u00e7amos a dar posse aos padres em suas novas destina\u00e7\u00f5es, um verdadeiro espet\u00e1culo de disponibilidade, da parte dos sacerdotes e do povo, manifesta\u00e7\u00f5es de acolhida aos p\u00e1rocos que chegam, uma alegria pela responsabilidade mission\u00e1ria e evangelizadora que envolve a todos, na grande tarefa do an\u00fancio do nome de Jesus Cristo e n\u00e3o a si mesmos, todos eles prontos a abra\u00e7ar a miss\u00e3o. Al\u00e9m disso, nossos seminaristas est\u00e3o nas miss\u00f5es intensivas de f\u00e9rias, presentes em toda a Arquidiocese, felizes e agradecidos pelo trabalho e os frutos, j\u00e1 que Deus n\u00e3o se deixa vencer em generosidade. E chegam continuamente not\u00edcias de nossas \u00c1reas Mission\u00e1rias e Novas Par\u00f3quias, onde pululam iniciativas de forma\u00e7\u00e3o e dedica\u00e7\u00e3o ao povo de Deus.<\/span><span data-ccp-props=\"{&quot;201341983&quot;:0,&quot;335551550&quot;:6,&quot;335551620&quot;:6,&quot;335559731&quot;:708,&quot;335559739&quot;:160,&quot;335559740&quot;:276}\">\u00a0<\/span><\/p>\n<p style=\"text-align: justify;\"><span data-contrast=\"none\">Como se n\u00e3o bastasse, fiel \u00e0s propostas do S\u00ednodo Especial para a Amaz\u00f4nia, nossa Arquidiocese tem agora quatro sacerdotes diocesanos mission\u00e1rios, dois na Prelazia do Alto Xingu \u2013 Tucum\u00e3 \u2013 PA, um em Itacoatiara \u2013 AM e um na Diocese de Humait\u00e1 \u2013 AM. Temos aprendido a dar de nossa pobreza, para que sejamos mais ainda uma Igreja em sa\u00edda, abrindo-nos para horizontes cada vez amplos.\u00a0<\/span><span data-ccp-props=\"{&quot;201341983&quot;:0,&quot;335551550&quot;:6,&quot;335551620&quot;:6,&quot;335559739&quot;:160,&quot;335559740&quot;:276}\">\u00a0<\/span><\/p>\n<p style=\"text-align: justify;\"><span data-contrast=\"none\">Rezemos com a Igreja: Deus eterno e todo-poderoso, dirigi a nossa vida segundo o vosso amor, para que possamos, em nome do vosso Filho, frutificar em boas obras. Am\u00e9m!<\/span><span data-ccp-props=\"{&quot;201341983&quot;:0,&quot;335551550&quot;:6,&quot;335551620&quot;:6,&quot;335559731&quot;:708,&quot;335559739&quot;:160,&quot;335559740&quot;:276}\">\u00a0<\/span><\/p>\n","protected":false},"excerpt":{"rendered":"<p>Dom Alberto Taveira Corr\u00eaa Arcebispo de Bel\u00e9m do Par\u00e1 (PA) &nbsp; \u00a0 O Ano Vocacional em curso para todo o Brasil traz consigo uma s\u00e9rie de perguntas sobre as pessoas chamadas por Deus, suas motiva\u00e7\u00f5es e o alcance de sua atua\u00e7\u00e3o. O Evangelho (Mt 4,12-23) nos ajuda a penetrar neste maravilhoso e desafiador mist\u00e9rio da &hellip;<\/p>\n<p class=\"read-more\"> <a class=\"\" href=\"https:\/\/www.cnbb.org.br\/quem-onde-e-como\/\"> <span class=\"screen-reader-text\">Quem, onde e como?<\/span> Leia mais &raquo;<\/a><\/p>\n","protected":false},"author":21,"featured_media":0,"comment_status":"open","ping_status":"open","sticky":false,"template":"","format":"standard","meta":{"site-sidebar-layout":"default","site-content-layout":"default","ast-global-header-display":"","ast-banner-title-visibility":"","ast-main-header-display":"","ast-hfb-above-header-display":"","ast-hfb-below-header-display":"","ast-hfb-mobile-header-display":"","site-post-title":"","ast-breadcrumbs-content":"","ast-featured-img":"","footer-sml-layout":"","theme-transparent-header-meta":"default","adv-header-id-meta":"","stick-header-meta":"","header-above-stick-meta":"","header-main-stick-meta":"","header-below-stick-meta":""},"categories":[1837],"tags":[],"acf":[],"_links":{"self":[{"href":"https:\/\/www.cnbb.org.br\/cnbb-app\/wp\/v2\/posts\/936729"}],"collection":[{"href":"https:\/\/www.cnbb.org.br\/cnbb-app\/wp\/v2\/posts"}],"about":[{"href":"https:\/\/www.cnbb.org.br\/cnbb-app\/wp\/v2\/types\/post"}],"author":[{"embeddable":true,"href":"https:\/\/www.cnbb.org.br\/cnbb-app\/wp\/v2\/users\/21"}],"replies":[{"embeddable":true,"href":"https:\/\/www.cnbb.org.br\/cnbb-app\/wp\/v2\/comments?post=936729"}],"version-history":[{"count":1,"href":"https:\/\/www.cnbb.org.br\/cnbb-app\/wp\/v2\/posts\/936729\/revisions"}],"predecessor-version":[{"id":936730,"href":"https:\/\/www.cnbb.org.br\/cnbb-app\/wp\/v2\/posts\/936729\/revisions\/936730"}],"wp:attachment":[{"href":"https:\/\/www.cnbb.org.br\/cnbb-app\/wp\/v2\/media?parent=936729"}],"wp:term":[{"taxonomy":"category","embeddable":true,"href":"https:\/\/www.cnbb.org.br\/cnbb-app\/wp\/v2\/categories?post=936729"},{"taxonomy":"post_tag","embeddable":true,"href":"https:\/\/www.cnbb.org.br\/cnbb-app\/wp\/v2\/tags?post=936729"}],"curies":[{"name":"wp","href":"https:\/\/api.w.org\/{rel}","templated":true}]}}