{"id":9370,"date":"2010-07-05T00:00:00","date_gmt":"2010-07-05T03:00:00","guid":{"rendered":"https:\/\/www.cnbb.org.br\/congresso-quer-despertar-espirito-missionario-dos-seminaristas-e-padres\/"},"modified":"2020-03-11T20:04:30","modified_gmt":"2020-03-11T23:04:30","slug":"congresso-quer-despertar-espirito-missionario-dos-seminaristas-e-padres","status":"publish","type":"post","link":"https:\/\/www.cnbb.org.br\/congresso-quer-despertar-espirito-missionario-dos-seminaristas-e-padres\/","title":{"rendered":"Congresso quer despertar esp\u00edrito mission\u00e1rio dos seminaristas e padres"},"content":{"rendered":"<\/p>\n<p style=\"text-align: justify\">O secret\u00e1rio geral da Pontif\u00edcia Uni\u00e3o Mission\u00e1ria, padre Vito Del Prete, veio de Roma especialmente para participar do 1\u00ba Congresso Mission\u00e1rio para Seminaristas, que come\u00e7ou na noite de hoje em Bras\u00edlia. Na abertura do evento, no Semin\u00e1rio da arquidiocese de Bras\u00edlia, na capital federal, o secret\u00e1rio exortou os padres a assumirem mais a miss\u00e3o.<\/p>\n<p>  <!--more-->  <\/p>\n<p style=\"text-align: justify\">Segundo padre Vito, a Pontif\u00edcia Uni\u00e3o Mission\u00e1ria tem a finalidade de animar e formar missionariamente bispos, padres, seminaristas, religiosos e religiosas.<\/p>\n<p style=\"text-align: justify\">\u201cSe mobilizarmos o clero para a causa mission\u00e1ria, toda a Igreja ser\u00e1 tornar\u00e1 mission\u00e1ria\u201d, disse o secret\u00e1rio. \u201cEste \u00e9 o objetivo deste primeiro Congresso que, espero, n\u00e3o seja o \u00faltimo\u201d, acrescentou.<\/p>\n<p style=\"text-align: justify\"><img decoding=\"async\" loading=\"lazy\" class=\" alignright size-full wp-image-5285\" style=\"float: right\" alt=\"Pe._Vito\" src=\"https:\/\/www.cnbb.org.br\/wp-content\/uploads\/2020\/03\/Pe._Vito.jpg\" width=\"280\" height=\"238\" \/>Padre Vito destacou a Igreja no Brasil como \u201cmotor da revitaliza\u00e7\u00e3o da miss\u00e3o na Am\u00e9rica Latina\u201d. Ele disse que o Congresso deve colocar \u201cnovamente em movimento a participa\u00e7\u00e3o na miss\u00e3o universal\u201d.<\/p>\n<p style=\"text-align: justify\">A abertura oficial do Congresso, feita pelo secret\u00e1rio da CNBB, dom Dimas Lara Barbosa, ocorreu no audit\u00f3rio do Semin\u00e1rio, por volta das 20h45, ap\u00f3s a missa que o pr\u00f3prio dom Dimas presidiu. Participam do encontro 160 seminaristas de todo o pa\u00eds, al\u00e9m de tr\u00eas bispos e alguns padres que trabalham na forma\u00e7\u00e3o dos seminaristas.<\/p>\n<p style=\"text-align: justify\">O assessor da Comiss\u00e3o Episcopal para Anima\u00e7\u00e3o Mission\u00e1ria da CNBB, padre Jos\u00e9 Altevir, leu uma mensagem do presidente da Comiss\u00e3o, dom S\u00e9rgio Castriani, que n\u00e3o pode vir ao Congresso.<\/p>\n<p style=\"text-align: justify\">\u201cTenho certeza de que os dias que voc\u00eas viver\u00e3o em Bras\u00edlia marcar\u00e3o de forma intensa a sua caminhada formativa e, no caso dos formadores, a perspectiva do servi\u00e7o que voc\u00eas prestam\u201d, diz a mensagem. \u201cToda a Igreja do Brasil espera dos seus atuais e futuros padres, que sejam verdadeiros mission\u00e1rios, generosos, criativos e dispostos a partir no seguimento de Jesus\u201d.<\/p>\n<p style=\"text-align: justify\"><img decoding=\"async\" loading=\"lazy\" class=\" alignright size-full wp-image-5286\" style=\"float: right\" alt=\"Pe._Svio\" src=\"https:\/\/www.cnbb.org.br\/wp-content\/uploads\/2020\/03\/Pe._Svio.jpg\" width=\"300\" height=\"201\" \/>O secret\u00e1rio da Pontif\u00edcia Uni\u00e3o Mission\u00e1ria no Brasil, padre Savio Corinaldesi, ressaltou que o Congresso \u201c\u00e9 de e n\u00e3o para seminaristas\u201d, \u201cpor isso dar\u00e1 a palavra aos seminaristas\u201d. Uma das metas do Congresso, segundo padre S\u00e1vio, ser\u00e1 a organiza\u00e7\u00e3o, nos semin\u00e1rios, de Conselhos Mission\u00e1rios.<\/p>\n<p style=\"text-align: justify\">\u201cNo Documento de Aparecida se diz que falta esp\u00edrito mission\u00e1rio aos padres. Temos que reagir para que, quando os bispos se reunirem n\u00e3o digam isso de novo\u201d, disse padre S\u00e1vio sob os aplausos da plat\u00e9ia. \u201cNossa vontade \u00e9 que, na Igreja do Brasil, os padres e os seminaristas tenham esp\u00edrito mission\u00e1rio\u201d, completou.<\/p>\n<h3 style=\"text-align: justify\">Confira a programa\u00e7\u00e3o:<\/h3>\n<h4 style=\"text-align: justify\">Domingo  \u2013 4 de julho de 2010<\/h4>\n<ul>\n<li><strong>08h00 \u2013 14h00:<\/strong> Para quem chega antes do almo\u00e7o credenciamento  ser\u00e1 realizado no Centro Cultural Mission\u00e1rio (CCM) \u2013 SGAN 905 C, Asa  Norte (tel. 3274.3009). \u00d4nibus levar\u00e3o os participantes para as casas de  hospedagem depois do almo\u00e7o.<\/li>\n<li><strong>14h00 \u2013 17h30:<\/strong> Para quem chega depois do almo\u00e7o,  credenciamento ser\u00e1 realizado no local do Congresso, no Semin\u00e1rio  Arquidiocesano de Bras\u00edlia, SHIS QI 17 \u2013 AE \u2013 Lago Sul (tel. 3366.9900).<\/li>\n<li><strong>17h30 \u2013 18h00:<\/strong> Translado e chegada ao local do Congresso  para quem se encontra nas casas de hospedagem.<\/li>\n<li><strong>18h00 \u2013 19h00: <\/strong><em>Janta<\/em><\/li>\n<li><strong>19h00 \u2013 20h00:<\/strong> Missa de abertura \u2013 Presidida por Dom Dimas  Lara Barbosa, Secret\u00e1rio Geral da CNBB.<\/li>\n<li><strong>20h00 \u2013 21h00:<\/strong> Sess\u00e3o de abertura <\/li>\n<li><strong>21h00 \u2013 21h30:<\/strong> Sa\u00edda para as resid\u00eancias<\/li>\n<\/ul>\n<h4 style=\"text-align: justify\">Segunda  feira \u2013 5 de julho de 2010<\/h4>\n<ul>\n<li><strong>07h00 \u2013 07h30:<\/strong> Chegada ao local do congresso<\/li>\n<li><strong>7h30 \u2013 08h15:<\/strong> <em>Caf\u00e9 da manh\u00e3<\/em><\/li>\n<li><strong>08h15 \u2013 9h00:<\/strong> <em>Laudes <\/em><\/li>\n<li><strong>9h00 \u2013 10h00:<\/strong> Confer\u00eancia de abertura: Fundamentos  b\u00edblico-teol\u00f3gicos para a forma\u00e7\u00e3o mission\u00e1ria dos futuros presb\u00edteros \u2013  Pe. Vito Del Prete, PIME, Secret\u00e1rio Geral da Pontif\u00edcia Uni\u00e3o  Mission\u00e1ria.<\/li>\n<li><strong>10h00 \u2013 10h30:<\/strong> <em>Intervalo<\/em><\/li>\n<li><strong>10h30 \u2013 12h30:<\/strong> Confer\u00eancia e debate:  A dimens\u00e3o  humano-afetiva da forma\u00e7\u00e3o presbiteral para uma miss\u00e3o sem fronteiras \u2013  Ir. Maria de F\u00e1tima Morais, IASCJ<\/li>\n<li><strong>12h30 \u2013 13h30: <\/strong><em>Almo\u00e7o<\/em><\/li>\n<li><strong>13h30 \u2013 14h00:<\/strong> Anima\u00e7\u00e3o com v\u00eddeo-testemunho mission\u00e1rio<\/li>\n<li><strong>14h00 \u2013 15h30:<\/strong> Mutir\u00f5es de reflex\u00e3o<\/li>\n<li><strong>15h30 \u2013 16h00:<\/strong> <em>Intervalo<\/em><\/li>\n<li><strong>16h00 \u2013 17h30:<\/strong> Plen\u00e1rio e conclus\u00e3o<\/li>\n<li><strong>17h30 \u2013 18h00:<\/strong> <em>Intervalo<\/em><\/li>\n<li><strong>18h00 \u2013 19h00:<\/strong> Missa com v\u00e9speras presidida por Dom Esmeraldo  Barreto de Farias, bispo de Santar\u00e9m, PA, presidente da Comiss\u00e3o  Episcopal Pastoral para os Minist\u00e9rios Ordenados.<\/li>\n<li><strong>19h00 \u2013 20h00:<\/strong> <em>Janta<\/em><\/li>\n<li><strong>20h00 \u2013 20h30:<\/strong> <em>Intervalo<\/em><\/li>\n<li><strong>20h30 \u2013 21h30:<\/strong> Ora\u00e7\u00e3o do Ter\u00e7o Mission\u00e1rio<\/li>\n<li><strong>21h30 \u2013 22h00:<\/strong> Sa\u00edda para as resid\u00eancias<\/li>\n<\/ul>\n<h3 style=\"text-align: justify\"><a target=\"_blank\" href=\"http:\/\/www.flickr.com\/photos\/cnbbnacional\/collections\/72157624427838322\/\" rel=\"noopener noreferrer\">Confira  as fotos no Flick<span style=\"color: #ff0000\">r<\/span>.<\/a><\/h3>\n","protected":false},"excerpt":{"rendered":"<p>O secret\u00e1rio geral da Pontif\u00edcia Uni\u00e3o Mission\u00e1ria, padre Vito Del Prete, veio de Roma especialmente para participar do 1\u00ba Congresso Mission\u00e1rio para Seminaristas, que come\u00e7ou na noite de hoje em Bras\u00edlia. Na abertura do evento, no Semin\u00e1rio da arquidiocese de Bras\u00edlia, na capital federal, o secret\u00e1rio exortou os padres a assumirem mais a miss\u00e3o.<\/p>\n","protected":false},"author":83,"featured_media":9371,"comment_status":"open","ping_status":"open","sticky":false,"template":"","format":"standard","meta":{"site-sidebar-layout":"default","site-content-layout":"default","ast-global-header-display":"","ast-banner-title-visibility":"","ast-main-header-display":"","ast-hfb-above-header-display":"","ast-hfb-below-header-display":"","ast-hfb-mobile-header-display":"","site-post-title":"","ast-breadcrumbs-content":"","ast-featured-img":"","footer-sml-layout":"","theme-transparent-header-meta":"","adv-header-id-meta":"","stick-header-meta":"","header-above-stick-meta":"","header-main-stick-meta":"","header-below-stick-meta":""},"categories":[854,878],"tags":[],"acf":[],"_links":{"self":[{"href":"https:\/\/www.cnbb.org.br\/cnbb-app\/wp\/v2\/posts\/9370"}],"collection":[{"href":"https:\/\/www.cnbb.org.br\/cnbb-app\/wp\/v2\/posts"}],"about":[{"href":"https:\/\/www.cnbb.org.br\/cnbb-app\/wp\/v2\/types\/post"}],"author":[{"embeddable":true,"href":"https:\/\/www.cnbb.org.br\/cnbb-app\/wp\/v2\/users\/83"}],"replies":[{"embeddable":true,"href":"https:\/\/www.cnbb.org.br\/cnbb-app\/wp\/v2\/comments?post=9370"}],"version-history":[{"count":0,"href":"https:\/\/www.cnbb.org.br\/cnbb-app\/wp\/v2\/posts\/9370\/revisions"}],"wp:featuredmedia":[{"embeddable":true,"href":"https:\/\/www.cnbb.org.br\/cnbb-app\/wp\/v2\/media\/9371"}],"wp:attachment":[{"href":"https:\/\/www.cnbb.org.br\/cnbb-app\/wp\/v2\/media?parent=9370"}],"wp:term":[{"taxonomy":"category","embeddable":true,"href":"https:\/\/www.cnbb.org.br\/cnbb-app\/wp\/v2\/categories?post=9370"},{"taxonomy":"post_tag","embeddable":true,"href":"https:\/\/www.cnbb.org.br\/cnbb-app\/wp\/v2\/tags?post=9370"}],"curies":[{"name":"wp","href":"https:\/\/api.w.org\/{rel}","templated":true}]}}