{"id":9375,"date":"2010-07-06T00:00:00","date_gmt":"2010-07-06T03:00:00","guid":{"rendered":"https:\/\/www.cnbb.org.br\/congresso-debate-a-formacao-dos-padres-para-a-missao\/"},"modified":"2020-03-11T20:04:30","modified_gmt":"2020-03-11T23:04:30","slug":"congresso-debate-a-formacao-dos-padres-para-a-missao","status":"publish","type":"post","link":"https:\/\/www.cnbb.org.br\/congresso-debate-a-formacao-dos-padres-para-a-missao\/","title":{"rendered":"Congresso debate a forma\u00e7\u00e3o dos padres para a miss\u00e3o"},"content":{"rendered":"<\/p>\n<p style=\"text-align: justify\">A dimens\u00e3o humano-afetiva na forma\u00e7\u00e3o dos futuros padres, numa perspectiva mission\u00e1ria, foi debatida hoje, 5, no 1\u00ba Congresso Mission\u00e1rio Nacional de Seminaristas, em Bras\u00edlia. O tema foi apresentado pela irm\u00e3 Maria de F\u00e1tima, que \u00e9 psic\u00f3loga e trabalha na forma\u00e7\u00e3o de seminaristas.<\/p>\n<p>  <!--more-->  <\/p>\n<p style=\"text-align: justify\">A religiosa ressaltou a necessidade de um profissional em psicologia na equipe de formadores dos seminaristas e mostrou a import\u00e2ncia da maturidade afetiva de quem quer ser padre. Segundo a irm\u00e3 Maria de F\u00e1tima, incapacidade de sair de si, inseguran\u00e7a emocional, incapacidade de ren\u00fancia e de austeridade, s\u00e3o alguns dos sinais de imaturidade afetiva.<\/p>\n<p style=\"text-align: justify\"><strong>Dimens\u00e3o Comunit\u00e1ria<\/strong><\/p>\n<p style=\"text-align: justify\"><img decoding=\"async\" loading=\"lazy\" class=\" alignleft size-full wp-image-5313\" style=\"float: left\" alt=\"Ir.Fatima\" src=\"https:\/\/www.cnbb.org.br\/wp-content\/uploads\/2020\/03\/Ir.Fatima.jpg\" width=\"209\" height=\"259\" \/>O debate prossegue amanh\u00e3, \u00e0s 10h30, com o padre Guy Labont\u00e9. Ele vai discorrer sobre a dimens\u00e3o comunit\u00e1ria da forma\u00e7\u00e3o presbiteral. Em seguida, os participantes discutem o tema em grupo, como ocorreu hoje ap\u00f3s a confer\u00eancia da irm\u00e3 Maria de F\u00e1tima. O plen\u00e1rio ser\u00e1 \u00e0 noite.<\/p>\n<p style=\"text-align: justify\">Antes da confer\u00eancia, haver\u00e1 um painel com testemunhos de um mission\u00e1rio, de um seminarista e de um formador.\u00a0 Uma das propostas do evento \u00e9 dar a palavra aos pr\u00f3prios seminaristas. \u201cEste Congresso \u00e9 de seminaristas e n\u00e3o para os seminaristas, por isso d\u00e1 a palavras a ele\u201d, disse o O secret\u00e1rio da Pontif\u00edcia Uni\u00e3o Mission\u00e1ria no Brasil, padre S\u00e1vio Corinaldesi, na abertura do evento.<\/p>\n<p style=\"text-align: justify\"><img decoding=\"async\" loading=\"lazy\" class=\" alignright size-full wp-image-5314\" style=\"float: right\" alt=\"Congresso_Missa\" src=\"https:\/\/www.cnbb.org.br\/wp-content\/uploads\/2020\/03\/Congresso_Missa.jpg\" width=\"250\" height=\"167\" \/>Nos pr\u00f3ximos dias, os participantes v\u00e3o discutir ainda as dimens\u00f5es espiritual, intelectual e pastoral da forma\u00e7\u00e3o presbiteral. Todas estas dimens\u00f5es constam das diretrizes da forma\u00e7\u00e3o presbiteral, documento da CNBB que estabelece, entre outras coisas, o conte\u00fado da forma\u00e7\u00e3o dos futuros padres. O Congresso estuda estas dimens\u00f5es com\u00a0 os seminaristas na perspectiva mission\u00e1ria.<\/p>\n<p style=\"text-align: justify\">As atividades desta segunda-feira terminaram com missa presidida pelo bispo de Santar\u00e9m (PR), dom Esmeraldo Barreto de Farias, que \u00e9 presidente da Comiss\u00e3o Episcopal para os Minist\u00e9rios Ordenados e a Vida Consagrada, um dos organismos respons\u00e1veis pelo Congresso.<\/p>\n<h3 style=\"text-align: justify\"><a target=\"_blank\" href=\"http:\/\/www.flickr.com\/photos\/cnbbnacional\/collections\/72157624427838322\/\" rel=\"noopener noreferrer\">Confira  as fotos no Flick<span style=\"color: #ff0000\">r<\/span>.<\/a><\/h3>\n","protected":false},"excerpt":{"rendered":"<p>A dimens\u00e3o humano-afetiva na forma\u00e7\u00e3o dos futuros padres, numa perspectiva mission\u00e1ria, foi debatida hoje, 5, no 1\u00ba Congresso Mission\u00e1rio Nacional de Seminaristas, em Bras\u00edlia. O tema foi apresentado pela irm\u00e3 Maria de F\u00e1tima, que \u00e9 psic\u00f3loga e trabalha na forma\u00e7\u00e3o de seminaristas.<\/p>\n","protected":false},"author":83,"featured_media":9376,"comment_status":"open","ping_status":"open","sticky":false,"template":"","format":"standard","meta":{"site-sidebar-layout":"default","site-content-layout":"default","ast-global-header-display":"","ast-banner-title-visibility":"","ast-main-header-display":"","ast-hfb-above-header-display":"","ast-hfb-below-header-display":"","ast-hfb-mobile-header-display":"","site-post-title":"","ast-breadcrumbs-content":"","ast-featured-img":"","footer-sml-layout":"","theme-transparent-header-meta":"","adv-header-id-meta":"","stick-header-meta":"","header-above-stick-meta":"","header-main-stick-meta":"","header-below-stick-meta":""},"categories":[854,878],"tags":[],"acf":[],"_links":{"self":[{"href":"https:\/\/www.cnbb.org.br\/cnbb-app\/wp\/v2\/posts\/9375"}],"collection":[{"href":"https:\/\/www.cnbb.org.br\/cnbb-app\/wp\/v2\/posts"}],"about":[{"href":"https:\/\/www.cnbb.org.br\/cnbb-app\/wp\/v2\/types\/post"}],"author":[{"embeddable":true,"href":"https:\/\/www.cnbb.org.br\/cnbb-app\/wp\/v2\/users\/83"}],"replies":[{"embeddable":true,"href":"https:\/\/www.cnbb.org.br\/cnbb-app\/wp\/v2\/comments?post=9375"}],"version-history":[{"count":0,"href":"https:\/\/www.cnbb.org.br\/cnbb-app\/wp\/v2\/posts\/9375\/revisions"}],"wp:featuredmedia":[{"embeddable":true,"href":"https:\/\/www.cnbb.org.br\/cnbb-app\/wp\/v2\/media\/9376"}],"wp:attachment":[{"href":"https:\/\/www.cnbb.org.br\/cnbb-app\/wp\/v2\/media?parent=9375"}],"wp:term":[{"taxonomy":"category","embeddable":true,"href":"https:\/\/www.cnbb.org.br\/cnbb-app\/wp\/v2\/categories?post=9375"},{"taxonomy":"post_tag","embeddable":true,"href":"https:\/\/www.cnbb.org.br\/cnbb-app\/wp\/v2\/tags?post=9375"}],"curies":[{"name":"wp","href":"https:\/\/api.w.org\/{rel}","templated":true}]}}