{"id":937603,"date":"2023-01-23T13:32:12","date_gmt":"2023-01-23T16:32:12","guid":{"rendered":"https:\/\/www.cnbb.org.br\/?p=937603"},"modified":"2023-01-23T13:43:38","modified_gmt":"2023-01-23T16:43:38","slug":"ano-vocacional-frei-lucas-alberto-djata-compartilha-sua-experiencia-como-sacerdote-na-guine-bissau","status":"publish","type":"post","link":"https:\/\/www.cnbb.org.br\/ano-vocacional-frei-lucas-alberto-djata-compartilha-sua-experiencia-como-sacerdote-na-guine-bissau\/","title":{"rendered":"Ano Vocacional: frei Lucas Alberto Djata compartilha sua experi\u00eancia como sacerdote na Guin\u00e9-Bissau"},"content":{"rendered":"<p class=\"style-scope ytd-watch-metadata\" style=\"text-align: justify;\"><span data-contrast=\"auto\">A Igreja do Brasil est\u00e1 vivendo, desde a \u00faltima Solenidade de Cristo Rei do Universo, seu terceiro Ano Vocacional. O presente ano dedicado \u00e0s voca\u00e7\u00f5es prop\u00f5e como tema: \u201c<\/span><i><span data-contrast=\"auto\">Voca\u00e7\u00e3o: Gra\u00e7a e Miss\u00e3o<\/span><\/i><span data-contrast=\"auto\">\u201d, e o lema: \u201c<\/span><i><span data-contrast=\"auto\">Cora\u00e7\u00f5es ardentes, p\u00e9s a caminho<\/span><\/i><span data-contrast=\"auto\">\u201d, inspirando-se nos disc\u00edpulos de Ema\u00fas (cf. Lc 24,32-33).<\/span><\/p>\n<p style=\"text-align: justify;\"><span data-contrast=\"auto\">O objetivo do Ano Vocacional de 2023 \u00e9 \u201c<em>p<\/em><\/span><i><span data-contrast=\"auto\">romover a cultura vocacional nas comunidades eclesiais, nas fam\u00edlias e na sociedade, para que sejam ambientes favor\u00e1veis ao despertar de todas as voca\u00e7\u00f5es, como gra\u00e7a e miss\u00e3o, a servi\u00e7o do Reino de Deus<\/span><\/i><span data-contrast=\"auto\">\u201d (TB, n. 3). <\/span><\/p>\n<p style=\"text-align: justify;\"><span data-contrast=\"auto\">Desta forma, com o Ano Vocacional, todos s\u00e3o convocados a caminhar juntos no seguimento de Jesus Cristo, com empenho pessoal e conjunto para manifestar sua presen\u00e7a no mundo, tornando-se portadores de vida e de esperan\u00e7a, mesmo em tempos dif\u00edceis.<\/span><span data-ccp-props=\"{&quot;201341983&quot;:0,&quot;335551550&quot;:6,&quot;335551620&quot;:6,&quot;335559731&quot;:708,&quot;335559739&quot;:0,&quot;335559740&quot;:240}\">\u00a0<\/span><\/p>\n<p class=\"style-scope ytd-watch-metadata\" style=\"text-align: justify;\">Um exemplo de voca\u00e7\u00e3o \u00e9 o do frei Lucas Alberto Djata, que \u00e9 guineense e pertence \u00e0 Ordem dos Frades Menores. Ele conta que o testemunho de humildade de um franciscano despertou nele o desejo de ser padre. Hoje, ele afirma que \u00e9 feliz na sua voca\u00e7\u00e3o e por poder ajudar o seu povo:<\/p>\n<blockquote><p>&#8220;O que fa\u00e7o agora \u00e9 anunciar a Palavra de Deus, ajudando sobretudo \u00e0s fam\u00edlias que tem dificuldades e, assim, estamos indo para frente ajudando a nossa sociedade guineense.<\/p>\n<p>Estou muito contente com o que fa\u00e7o como contribui\u00e7\u00e3o, sobretudo, ajudando as pessoas a conhecer Cristo e tamb\u00e9m aqueles que tem dificuldades e que vem at\u00e9 mim. Isso me d\u00e1 muita alegria e uma satisfa\u00e7\u00e3o enorme&#8221;.<\/p><\/blockquote>\n<p>Confira o depoimento dele na \u00edntegra:<\/p>\n<div class=\"ast-oembed-container\" style=\"height: 100%;\"><iframe loading=\"lazy\" title=\"Voca\u00e7\u00e3o | Frei Lucas Alberto Djata (OFM) [Libras]\" width=\"500\" height=\"281\" src=\"https:\/\/www.youtube.com\/embed\/hZMzSBw3Mw0?start=149&#038;feature=oembed\" frameborder=\"0\" allow=\"accelerometer; autoplay; clipboard-write; encrypted-media; gyroscope; picture-in-picture; web-share\" allowfullscreen><\/iframe><\/div>\n<p>&nbsp;<\/p>\n<p style=\"text-align: justify;\">Tamb\u00e9m outros testemunhos podem ser conferidos no site da a\u00e7\u00e3o evangelizadora &#8220;Cada Comunidade uma Nova Voca\u00e7\u00e3o&#8221;. Essa a\u00e7\u00e3o abrange 51 dioceses da Igreja Cat\u00f3lica, milhares de comunidades que rezam pelas voca\u00e7\u00f5es e partilham nas redes sociais testemunhos de quem vive com alegria a sua voca\u00e7\u00e3o.<\/p>\n<p>Confira outros depoimentos aqui:\u00a0<a href=\"https:\/\/vocacoes.org\/testemunhos\/\" target=\"_blank\" rel=\"noopener\">https:\/\/vocacoes.org\/testemunhos\/<\/a><\/p>\n<p>Saiba mais sobre o Ano Vocacional: <a href=\"https:\/\/anovocacional.cnbb.org.br\/\" target=\"_blank\" rel=\"noopener\">https:\/\/anovocacional.cnbb.org.br\/<\/a><\/p>\n<p>&nbsp;<\/p>\n<p>&nbsp;<\/p>\n","protected":false},"excerpt":{"rendered":"<p>A Igreja do Brasil est\u00e1 vivendo, desde a \u00faltima Solenidade de Cristo Rei do Universo, seu terceiro Ano Vocacional, que tem como tema: \u201cVoca\u00e7\u00e3o: Gra\u00e7a e Miss\u00e3o\u201d, e o lema: \u201cCora\u00e7\u00f5es ardentes, p\u00e9s a caminho\u201d, inspirando-se nos disc\u00edpulos de Ema\u00fas. Um exemplo de voca\u00e7\u00e3o \u00e9 o do frei Lucas Alberto Djata, que \u00e9 guineense e pertence \u00e0 Ordem dos Frades Menores<\/p>\n","protected":false},"author":141,"featured_media":937652,"comment_status":"open","ping_status":"open","sticky":false,"template":"","format":"standard","meta":{"site-sidebar-layout":"default","site-content-layout":"default","ast-global-header-display":"","ast-banner-title-visibility":"","ast-main-header-display":"","ast-hfb-above-header-display":"","ast-hfb-below-header-display":"","ast-hfb-mobile-header-display":"","site-post-title":"","ast-breadcrumbs-content":"","ast-featured-img":"","footer-sml-layout":"","theme-transparent-header-meta":"default","adv-header-id-meta":"","stick-header-meta":"","header-above-stick-meta":"","header-main-stick-meta":"","header-below-stick-meta":""},"categories":[50,838],"tags":[3461,4771],"acf":[],"_links":{"self":[{"href":"https:\/\/www.cnbb.org.br\/cnbb-app\/wp\/v2\/posts\/937603"}],"collection":[{"href":"https:\/\/www.cnbb.org.br\/cnbb-app\/wp\/v2\/posts"}],"about":[{"href":"https:\/\/www.cnbb.org.br\/cnbb-app\/wp\/v2\/types\/post"}],"author":[{"embeddable":true,"href":"https:\/\/www.cnbb.org.br\/cnbb-app\/wp\/v2\/users\/141"}],"replies":[{"embeddable":true,"href":"https:\/\/www.cnbb.org.br\/cnbb-app\/wp\/v2\/comments?post=937603"}],"version-history":[{"count":18,"href":"https:\/\/www.cnbb.org.br\/cnbb-app\/wp\/v2\/posts\/937603\/revisions"}],"predecessor-version":[{"id":937658,"href":"https:\/\/www.cnbb.org.br\/cnbb-app\/wp\/v2\/posts\/937603\/revisions\/937658"}],"wp:featuredmedia":[{"embeddable":true,"href":"https:\/\/www.cnbb.org.br\/cnbb-app\/wp\/v2\/media\/937652"}],"wp:attachment":[{"href":"https:\/\/www.cnbb.org.br\/cnbb-app\/wp\/v2\/media?parent=937603"}],"wp:term":[{"taxonomy":"category","embeddable":true,"href":"https:\/\/www.cnbb.org.br\/cnbb-app\/wp\/v2\/categories?post=937603"},{"taxonomy":"post_tag","embeddable":true,"href":"https:\/\/www.cnbb.org.br\/cnbb-app\/wp\/v2\/tags?post=937603"}],"curies":[{"name":"wp","href":"https:\/\/api.w.org\/{rel}","templated":true}]}}