{"id":938096,"date":"2023-01-30T11:25:20","date_gmt":"2023-01-30T14:25:20","guid":{"rendered":"https:\/\/www.cnbb.org.br\/?p=938096"},"modified":"2023-01-30T11:25:35","modified_gmt":"2023-01-30T14:25:35","slug":"quarto-domingo-do-tempo-comum-2","status":"publish","type":"post","link":"https:\/\/www.cnbb.org.br\/quarto-domingo-do-tempo-comum-2\/","title":{"rendered":"Quarto domingo do tempo comum\u00a0"},"content":{"rendered":"<p style=\"text-align: right;\"><b><span data-contrast=\"none\">Cardeal Orani Jo\u00e3o Tempesta<br \/>\n<\/span><\/b><b><span data-contrast=\"none\">Arcebispo do Rio de Janeiro (RJ)<\/span><\/b><\/p>\n<p>&nbsp;<\/p>\n<p><span data-ccp-props=\"{&quot;201341983&quot;:0,&quot;335551550&quot;:2,&quot;335551620&quot;:2,&quot;335559739&quot;:160,&quot;335559740&quot;:259}\">\u00a0<\/span><\/p>\n<p style=\"text-align: justify;\"><span data-contrast=\"none\">Estamos celebrando o Quarto Domingo do Tempo Comum. O Senhor nos convida <\/span><span data-contrast=\"none\">para celebrar o Mist\u00e9rio da Eucaristia e para repassar-nos os ensinamentos de sua Catequese: Mist\u00e9rio do P\u00e3o e da Palavra! Palavra que ilumina e P\u00e3o que alimenta cura e sustenta! O convite deste Domingo \u00e9 para os pobres da terra; pois, os ricos t\u00eam palavras de sobra e que n\u00e3o sustentam e nem salvam! Diz o Senhor: \u201cBuscai o Senhor, humildes da terra (\u2026). Deixarei entre v\u00f3s um punhado de homens humildes e pobres (\u2026). E no nome do Senhor por\u00e1 sua esperan\u00e7a, o resto de Israel!\u201d.<\/span><span data-ccp-props=\"{&quot;201341983&quot;:0,&quot;335551550&quot;:6,&quot;335551620&quot;:6,&quot;335559739&quot;:160,&quot;335559740&quot;:360}\">\u00a0<\/span><\/p>\n<p style=\"text-align: justify;\"><span data-contrast=\"none\">Na primeira leitura \u2013 Sf 2,3; 3,12-13 \u2013 as lideran\u00e7as de Israel ficavam discutindo qual seria a melhor alian\u00e7a \u2013 com o Egito ou com a S\u00edria\u2026 E esqueciam a Alian\u00e7a com Jav\u00e9! Os \u201cpobres da terra\u201d, aqueles que haviam perdido o seu peda\u00e7o de terra, apelavam para Jav\u00e9, seu Deus e Senhor! Os pobres s\u00e3o o Povo de Deus!\u00a0<\/span><span data-ccp-props=\"{&quot;201341983&quot;:0,&quot;335551550&quot;:6,&quot;335551620&quot;:6,&quot;335559739&quot;:160,&quot;335559740&quot;:360}\">\u00a0<\/span><\/p>\n<p style=\"text-align: justify;\"><span data-contrast=\"none\">Na segunda leitura \u2013 1Cor 1,26-31 \u2013<\/span> <span data-contrast=\"none\">o Ap\u00f3stolo Paulo fundou e organizou a Comunidade de Corinto depois de ter sido rejeitado pelos \u201cs\u00e1bios de Atenas\u201d. Homens que passavam o tempo discutindo teorias filos\u00f3ficas. Cristo, para estes, era insignificante! N\u00e3o pagava a pena escut\u00e1-lo! Os portu\u00e1rios, habitantes de Corinto, n\u00e3o eram ricos e nem santos, mas foram eles que acolheram a Palavra anunciada pelo Ap\u00f3stolo Paulo. Falou de um deus que morreu crucificado como um escravo, mas que ressuscitou e prometeu a vida eterna \u00e0queles que o seguissem pelos caminhos da vida! Quem salva n\u00e3o \u00e9 a sabedoria dos fil\u00f3sofos, nem a riqueza (quase sempre mal adquirida) dos poderosos, mas a Palavra e o Sangue de Jesus que nos lava do pecado e nos restitui a vida divina!<\/span><span data-ccp-props=\"{&quot;201341983&quot;:0,&quot;335551550&quot;:6,&quot;335551620&quot;:6,&quot;335559739&quot;:160,&quot;335559740&quot;:360}\">\u00a0<\/span><\/p>\n<p style=\"text-align: justify;\"><span data-contrast=\"none\">O Evangelho \u2013 Mc 5, 1-12 a \u2013 apresenta o\u202f<\/span><span data-contrast=\"none\">Serm\u00e3o da Montanha<\/span><span data-contrast=\"none\">, introduzido pela proclama\u00e7\u00e3o das bem-aventuran\u00e7as, \u00e9 o programa do Reino dos C\u00e9us j\u00e1 presente entre n\u00f3s. Elas constituem as virtudes de Jesus.\u00a0 Segundo Santo Agostinho, uma regra perfeita de vida crist\u00e3. Nas bem-aventuran\u00e7as encontramos valores universais, que podem ser entendidos e acolhidos por todos. As bem-aventuran\u00e7as s\u00e3o o caminho concreto para a transforma\u00e7\u00e3o deste mundo em um mundo de fraternidade, justi\u00e7a e paz.<\/span><span data-ccp-props=\"{&quot;201341983&quot;:0,&quot;335551550&quot;:6,&quot;335551620&quot;:6,&quot;335559739&quot;:160,&quot;335559740&quot;:360}\">\u00a0<\/span><\/p>\n<p style=\"text-align: justify;\"><span data-contrast=\"none\">O Evangelho deste domingo nos traz o Serm\u00e3o da Montanha. Falar dele em poucas palavras \u00e9 uma miss\u00e3o bem dif\u00edcil para mim, j\u00e1 que eu olho para ele e vejo uma grande li\u00e7\u00e3o em cada vers\u00edculo.\u00a0 Sempre que o Serm\u00e3o da Montanha \u00e9 mostrado nos filmes, Jesus est\u00e1 andando pelo meio da multid\u00e3o e falando bem alto. Jesus olhou para a multid\u00e3o, subiu o monte em sil\u00eancio, e sentou. Os disc\u00edpulos se aproximaram e sentaram perto d\u2019Ele. Foi ent\u00e3o que Jesus abriu a boca e come\u00e7ou a ensinar-lhes. Ent\u00e3o se os disc\u00edpulos estavam perto, n\u00e3o havia por que falar alto! Foi uma \u201caula particular\u201d para os disc\u00edpulos, e que deve ter sido bem mais extensa do que as poucas linhas que ficaram registradas no livro de Mateus.<\/span><span data-ccp-props=\"{&quot;201341983&quot;:0,&quot;335551550&quot;:6,&quot;335551620&quot;:6,&quot;335559739&quot;:160,&quot;335559740&quot;:360}\">\u00a0<\/span><\/p>\n<p style=\"text-align: justify;\"><span data-contrast=\"none\">Jesus, o Divino Mestre, sobe \u00e0 Montanha e ensina \u00e0 multid\u00e3o dos empobrecidos, que perderam suas terras e sofriam fome e enfermidades, consequ\u00eancias do desemprego e da prepot\u00eancia dos poderosos: \u201cBem-aventurados os pobres em esp\u00edrito, porque deles \u00e9 o reino dos c\u00e9us\u201d! Bem-aventurados os aflitos, os famintos, os puros de cora\u00e7\u00e3o e os perseguidos\u2026 alegrai-vos e exultai, porque ser\u00e1 grande a vossa recompensa nos c\u00e9us!<\/span><span data-ccp-props=\"{&quot;201341983&quot;:0,&quot;335551550&quot;:6,&quot;335551620&quot;:6,&quot;335559731&quot;:708,&quot;335559739&quot;:160,&quot;335559740&quot;:360}\">\u00a0<\/span><\/p>\n<p style=\"text-align: justify;\"><span data-contrast=\"none\">As Bem-Aventuran\u00e7as, proclamadas por Jesus no alto da montanha, s\u00e3o o caminho r\u00e9gio da Salva\u00e7\u00e3o para todos os seus disc\u00edpulos! Sua leitura \u00e9 oportuna e necess\u00e1ria. \u00c9 um espelho, no qual podemos verificar se somos ou n\u00e3o de Jesus! N\u00e3o vivamos embalados no sono da suposta infinita miseric\u00f3rdia divina. O amor misericordioso de Jesus \u00e9 real, mas \u00e9 s\u00e9rio e empenhativo.<\/span><span data-ccp-props=\"{&quot;201341983&quot;:0,&quot;335551550&quot;:6,&quot;335551620&quot;:6,&quot;335559739&quot;:160,&quot;335559740&quot;:360}\">\u00a0<\/span><\/p>\n<p style=\"text-align: justify;\"><span data-contrast=\"none\">Bem-aventurados os pobres\u2026 porque deles \u00e9 o reino dos c\u00e9us! E os pobres a quem Jesus se refere s\u00e3o os empobrecidos pela gan\u00e2ncia dos poderosos e pela sobrecarga de impostos civis e religiosos, que sufocavam pela fome de fome e pela doen\u00e7a os mais enfraquecidos! O profeta Sofonias fala dos pobres da terra! E hoje, quem seriam os \u201cBem-aventurados de Jesus\u201d? Ser\u00e1 que eu e voc\u00ea, irm\u00e3o e irm\u00e3, estar\u00edamos entre os bem-aventurados de Jesus?<\/span><span data-ccp-props=\"{&quot;201341983&quot;:0,&quot;335551550&quot;:6,&quot;335551620&quot;:6,&quot;335559739&quot;:160,&quot;335559740&quot;:360}\">\u00a0<\/span><\/p>\n<p style=\"text-align: justify;\"><span data-contrast=\"none\">Jesus revela aos pobres o Caminho da Salva\u00e7\u00e3o \u2013 um caminho que renova o homem por dentro, recria-nos \u00e0 sua imagem e semelhan\u00e7a e faz-nos viver na sua Luz afastando-nos das trevas do pecado e da corrup\u00e7\u00e3o! O pecado n\u00e3o \u00e9 uma teoria, um nome de coisa errada. Pecado \u00e9 morte da vida divina que o Sangue de Jesus nos conseguiu com sua morte na cruz!<\/span><span data-ccp-props=\"{&quot;201341983&quot;:0,&quot;335551550&quot;:6,&quot;335551620&quot;:6,&quot;335559739&quot;:160,&quot;335559740&quot;:360}\">\u00a0<\/span><\/p>\n<p style=\"text-align: justify;\"><span data-contrast=\"none\">Que possamos a cada dia vivermos as bem-aventuran\u00e7as. Sendo a cada dia felizes em busca do cumprimento da Palavra de Deus e sendo os seus porta-vozes neste mundo.<\/span><span data-ccp-props=\"{&quot;201341983&quot;:0,&quot;335551550&quot;:6,&quot;335551620&quot;:6,&quot;335559739&quot;:160,&quot;335559740&quot;:360}\">\u00a0<\/span><\/p>\n<p style=\"text-align: justify;\"><span data-ccp-props=\"{&quot;201341983&quot;:0,&quot;335551550&quot;:6,&quot;335551620&quot;:6,&quot;335559739&quot;:160,&quot;335559740&quot;:360}\">\u00a0<\/span><\/p>\n<p style=\"text-align: justify;\">\n","protected":false},"excerpt":{"rendered":"<p>Cardeal Orani Jo\u00e3o Tempesta Arcebispo do Rio de Janeiro (RJ) &nbsp; \u00a0 Estamos celebrando o Quarto Domingo do Tempo Comum. O Senhor nos convida para celebrar o Mist\u00e9rio da Eucaristia e para repassar-nos os ensinamentos de sua Catequese: Mist\u00e9rio do P\u00e3o e da Palavra! Palavra que ilumina e P\u00e3o que alimenta cura e sustenta! O &hellip;<\/p>\n<p class=\"read-more\"> <a class=\"\" href=\"https:\/\/www.cnbb.org.br\/quarto-domingo-do-tempo-comum-2\/\"> <span class=\"screen-reader-text\">Quarto domingo do tempo comum\u00a0<\/span> Leia mais &raquo;<\/a><\/p>\n","protected":false},"author":31,"featured_media":0,"comment_status":"open","ping_status":"open","sticky":false,"template":"","format":"standard","meta":{"site-sidebar-layout":"default","site-content-layout":"default","ast-global-header-display":"","ast-banner-title-visibility":"","ast-main-header-display":"","ast-hfb-above-header-display":"","ast-hfb-below-header-display":"","ast-hfb-mobile-header-display":"","site-post-title":"","ast-breadcrumbs-content":"","ast-featured-img":"","footer-sml-layout":"","theme-transparent-header-meta":"default","adv-header-id-meta":"","stick-header-meta":"","header-above-stick-meta":"","header-main-stick-meta":"","header-below-stick-meta":""},"categories":[758],"tags":[],"acf":[],"_links":{"self":[{"href":"https:\/\/www.cnbb.org.br\/cnbb-app\/wp\/v2\/posts\/938096"}],"collection":[{"href":"https:\/\/www.cnbb.org.br\/cnbb-app\/wp\/v2\/posts"}],"about":[{"href":"https:\/\/www.cnbb.org.br\/cnbb-app\/wp\/v2\/types\/post"}],"author":[{"embeddable":true,"href":"https:\/\/www.cnbb.org.br\/cnbb-app\/wp\/v2\/users\/31"}],"replies":[{"embeddable":true,"href":"https:\/\/www.cnbb.org.br\/cnbb-app\/wp\/v2\/comments?post=938096"}],"version-history":[{"count":1,"href":"https:\/\/www.cnbb.org.br\/cnbb-app\/wp\/v2\/posts\/938096\/revisions"}],"predecessor-version":[{"id":938097,"href":"https:\/\/www.cnbb.org.br\/cnbb-app\/wp\/v2\/posts\/938096\/revisions\/938097"}],"wp:attachment":[{"href":"https:\/\/www.cnbb.org.br\/cnbb-app\/wp\/v2\/media?parent=938096"}],"wp:term":[{"taxonomy":"category","embeddable":true,"href":"https:\/\/www.cnbb.org.br\/cnbb-app\/wp\/v2\/categories?post=938096"},{"taxonomy":"post_tag","embeddable":true,"href":"https:\/\/www.cnbb.org.br\/cnbb-app\/wp\/v2\/tags?post=938096"}],"curies":[{"name":"wp","href":"https:\/\/api.w.org\/{rel}","templated":true}]}}