{"id":938159,"date":"2023-01-31T09:18:08","date_gmt":"2023-01-31T12:18:08","guid":{"rendered":"https:\/\/www.cnbb.org.br\/?p=938159"},"modified":"2023-01-31T09:46:10","modified_gmt":"2023-01-31T12:46:10","slug":"secretario-geral-cnbb-preside-missa-curso-assessores-infancia-adolescencia-missionaria","status":"publish","type":"post","link":"https:\/\/www.cnbb.org.br\/secretario-geral-cnbb-preside-missa-curso-assessores-infancia-adolescencia-missionaria\/","title":{"rendered":"Secret\u00e1rio-geral da CNBB preside missa de abertura do Curso de Assessores da Inf\u00e2ncia e Adolesc\u00eancia Mission\u00e1ria (IAM)"},"content":{"rendered":"<p style=\"text-align: justify;\">A sede das Pontif\u00edcias Obras Mission\u00e1rias (POM) em Bras\u00edlia (DF) recebe nesta semana assessores e assessoras de todas as regi\u00f5es do pa\u00eds para participar do Curso de Assessores e Multiplicadores da Inf\u00e2ncia e Adolesc\u00eancia Mission\u00e1ria (IAM). A forma\u00e7\u00e3o acontece de 30 de janeiro a 03 de fevereiro e tem como objetivo vivenciar um processo de forma\u00e7\u00e3o integral, oportunizando que os participantes sejam multiplicadores da IAM em suas regi\u00f5es.<\/p>\n<p style=\"text-align: justify;\"><img decoding=\"async\" loading=\"lazy\" class=\"size-medium wp-image-938160 alignleft\" src=\"https:\/\/www.cnbb.org.br\/wp-content\/uploads\/2023\/01\/Formacao-Infancia-e-Adolescencia-Missionaria-IAM-2023-2-300x200.jpeg\" alt=\"\" width=\"300\" height=\"200\" srcset=\"https:\/\/www.cnbb.org.br\/wp-content\/uploads\/2023\/01\/Formacao-Infancia-e-Adolescencia-Missionaria-IAM-2023-2-300x200.jpeg 300w, https:\/\/www.cnbb.org.br\/wp-content\/uploads\/2023\/01\/Formacao-Infancia-e-Adolescencia-Missionaria-IAM-2023-2-1024x682.jpeg 1024w, https:\/\/www.cnbb.org.br\/wp-content\/uploads\/2023\/01\/Formacao-Infancia-e-Adolescencia-Missionaria-IAM-2023-2-768x512.jpeg 768w, https:\/\/www.cnbb.org.br\/wp-content\/uploads\/2023\/01\/Formacao-Infancia-e-Adolescencia-Missionaria-IAM-2023-2-1536x1023.jpeg 1536w, https:\/\/www.cnbb.org.br\/wp-content\/uploads\/2023\/01\/Formacao-Infancia-e-Adolescencia-Missionaria-IAM-2023-2-500x333.jpeg 500w, https:\/\/www.cnbb.org.br\/wp-content\/uploads\/2023\/01\/Formacao-Infancia-e-Adolescencia-Missionaria-IAM-2023-2.jpeg 1600w\" sizes=\"(max-width: 300px) 100vw, 300px\" \/>O curso conta com a participa\u00e7\u00e3o de 48 assessores e assessoras e vai colaborar no fortalecimento de la\u00e7os e a trocar de experi\u00eancias, criando uma unidade formativa para todo o Brasil. Os participantes foram escolhidos para representar seus Estados e contribuem com a forma\u00e7\u00e3o a partir de suas realidades.<\/p>\n<p style=\"text-align: justify;\">Dom Joel Portella Amado, secret\u00e1rio-geral da CNBB, presidiu a missa de abertura nesta segunda, 30 de janeiro. O bispo lembrou os desafio hoje enfrentados pela Igreja na Evangeliza\u00e7\u00e3o das crian\u00e7as.<em> \u201cUma das maiores preocupa\u00e7\u00f5es da Igreja Cat\u00f3lica na atualidade \u00e9 a transmiss\u00e3o da f\u00e9 para as novas gera\u00e7\u00f5es. Vemos tantas pessoas n\u00e3o apresentando mais Jesus \u00e0s crian\u00e7as e aos adolescentes. Neste sentido, a Inf\u00e2ncia e Adolesc\u00eancia Mission\u00e1ria se torna uma grande prioridade. Grande n\u00e3o s\u00f3 porque trata do tema da miss\u00e3o, e o mundo todo \u00e9 uma grande miss\u00e3o, mas acima de tudo porque esta Obra apresenta a missionariedade, dando \u00e0s crian\u00e7as e aos adolescentes uma causa pela qual viver. Desde pequenos eles percebem que t\u00eam alguma coisa pela qual d\u00e3o sentido e significado \u00e0 vida. Este curso que hoje inicia \u00e9 importante porque quer preparar os assessores e assessoras para trabalhar neste grande projeto da IAM\u201d<\/em>, destacou Dom Joel.<\/p>\n<p style=\"text-align: justify;\"><strong>Conhe\u00e7a a IAM<\/strong><br \/>\n<img decoding=\"async\" loading=\"lazy\" class=\"size-medium wp-image-938161 alignleft\" src=\"https:\/\/www.cnbb.org.br\/wp-content\/uploads\/2023\/01\/Formacao-Infancia-e-Adolescencia-Missionaria-IAM-2023-3-300x200.jpeg\" alt=\"\" width=\"300\" height=\"200\" srcset=\"https:\/\/www.cnbb.org.br\/wp-content\/uploads\/2023\/01\/Formacao-Infancia-e-Adolescencia-Missionaria-IAM-2023-3-300x200.jpeg 300w, https:\/\/www.cnbb.org.br\/wp-content\/uploads\/2023\/01\/Formacao-Infancia-e-Adolescencia-Missionaria-IAM-2023-3-1024x682.jpeg 1024w, https:\/\/www.cnbb.org.br\/wp-content\/uploads\/2023\/01\/Formacao-Infancia-e-Adolescencia-Missionaria-IAM-2023-3-768x512.jpeg 768w, https:\/\/www.cnbb.org.br\/wp-content\/uploads\/2023\/01\/Formacao-Infancia-e-Adolescencia-Missionaria-IAM-2023-3-1536x1023.jpeg 1536w, https:\/\/www.cnbb.org.br\/wp-content\/uploads\/2023\/01\/Formacao-Infancia-e-Adolescencia-Missionaria-IAM-2023-3-500x333.jpeg 500w, https:\/\/www.cnbb.org.br\/wp-content\/uploads\/2023\/01\/Formacao-Infancia-e-Adolescencia-Missionaria-IAM-2023-3.jpeg 1600w\" sizes=\"(max-width: 300px) 100vw, 300px\" \/>A Inf\u00e2ncia e Adolesc\u00eancia Mission\u00e1ria (IAM) \u00e9 um estilo de vida, um jeito especial de ser durante todos os dias da semana, assumido junto ao grupo. Participam da Obra crian\u00e7as e adolescentes que se identificam com o carisma \u201cCrian\u00e7a e adolescente rezando e ajudando crian\u00e7as e adolescentes\u201d. Por meio do olhar atento \u00e0s realidades universais, os mission\u00e1rios da IAM agem em suas realidades locais, como protagonistas da miss\u00e3o. Os grupos da IAM s\u00e3o formados por at\u00e9 12 crian\u00e7as ou adolescentes. Esses grupos s\u00e3o organizados por proximidade de faixas et\u00e1rias.<\/p>\n<p style=\"text-align: justify;\">Ter\u00e3o o acompanhamento de um assessor ou assessora adulto. As crian\u00e7as ou adolescentes, al\u00e9m de escolher uma equipe de coordena\u00e7\u00e3o para dinamizar os encontros, far\u00e3o a distribui\u00e7\u00e3o dos compromissos necess\u00e1rios para o bom andamento do grupo. A IAM tem uma metodologia pr\u00f3pria com o objetivo de motivar as crian\u00e7as e adolescentes a refletir sobre as realidades encontradas desde o \u00e2mbito local at\u00e9 al\u00e9m-fronteiras. Para isso, a Obra acontece por meio de encontros semanais para refletir um Tema Gerador, escolhido pelo grupo, dentro de quatro encontros que refletem a realidade, a espiritualidade, o compromisso e a vida de grupo.<\/p>\n<p style=\"text-align: justify;\"><a href=\"https:\/\/www.pom.org.br\/conheca-a-iam\/#\" target=\"_blank\" rel=\"noopener\">Saiba mais acessando o site da IAM<\/a><\/p>\n<pre><strong><em>Com informa\u00e7\u00f5es Pontif\u00edcias Obras Mission\u00e1rias (POM)<\/em><\/strong><\/pre>\n","protected":false},"excerpt":{"rendered":"<p>Dom Joel Portella Amado presidiu a celebra\u00e7\u00e3o na noite desta segunda-feira (30), in\u00edcio da forma\u00e7\u00e3o que acontece at\u00e9 03 de fevereiro. O curso tem como objetivo vivenciar um processo de forma\u00e7\u00e3o integral, oportunizando que os participantes sejam multiplicadores da IAM em suas regi\u00f5es e conta com a participa\u00e7\u00e3o de 48 assessores e assessoras de todo o Brasil<\/p>\n","protected":false},"author":83,"featured_media":938162,"comment_status":"open","ping_status":"open","sticky":false,"template":"","format":"standard","meta":{"site-sidebar-layout":"default","site-content-layout":"default","ast-global-header-display":"","ast-banner-title-visibility":"","ast-main-header-display":"","ast-hfb-above-header-display":"","ast-hfb-below-header-display":"","ast-hfb-mobile-header-display":"","site-post-title":"","ast-breadcrumbs-content":"","ast-featured-img":"","footer-sml-layout":"","theme-transparent-header-meta":"default","adv-header-id-meta":"","stick-header-meta":"","header-above-stick-meta":"","header-main-stick-meta":"","header-below-stick-meta":""},"categories":[50,826],"tags":[4890,1922],"acf":[],"_links":{"self":[{"href":"https:\/\/www.cnbb.org.br\/cnbb-app\/wp\/v2\/posts\/938159"}],"collection":[{"href":"https:\/\/www.cnbb.org.br\/cnbb-app\/wp\/v2\/posts"}],"about":[{"href":"https:\/\/www.cnbb.org.br\/cnbb-app\/wp\/v2\/types\/post"}],"author":[{"embeddable":true,"href":"https:\/\/www.cnbb.org.br\/cnbb-app\/wp\/v2\/users\/83"}],"replies":[{"embeddable":true,"href":"https:\/\/www.cnbb.org.br\/cnbb-app\/wp\/v2\/comments?post=938159"}],"version-history":[{"count":5,"href":"https:\/\/www.cnbb.org.br\/cnbb-app\/wp\/v2\/posts\/938159\/revisions"}],"predecessor-version":[{"id":938167,"href":"https:\/\/www.cnbb.org.br\/cnbb-app\/wp\/v2\/posts\/938159\/revisions\/938167"}],"wp:featuredmedia":[{"embeddable":true,"href":"https:\/\/www.cnbb.org.br\/cnbb-app\/wp\/v2\/media\/938162"}],"wp:attachment":[{"href":"https:\/\/www.cnbb.org.br\/cnbb-app\/wp\/v2\/media?parent=938159"}],"wp:term":[{"taxonomy":"category","embeddable":true,"href":"https:\/\/www.cnbb.org.br\/cnbb-app\/wp\/v2\/categories?post=938159"},{"taxonomy":"post_tag","embeddable":true,"href":"https:\/\/www.cnbb.org.br\/cnbb-app\/wp\/v2\/tags?post=938159"}],"curies":[{"name":"wp","href":"https:\/\/api.w.org\/{rel}","templated":true}]}}