{"id":9383,"date":"2010-07-27T00:00:00","date_gmt":"2010-07-27T03:00:00","guid":{"rendered":"https:\/\/www.cnbb.org.br\/carta-compromisso-do-6o-encontro-mineiro-de-cebs\/"},"modified":"2020-03-11T20:04:29","modified_gmt":"2020-03-11T23:04:29","slug":"carta-compromisso-do-6o-encontro-mineiro-de-cebs","status":"publish","type":"post","link":"https:\/\/www.cnbb.org.br\/carta-compromisso-do-6o-encontro-mineiro-de-cebs\/","title":{"rendered":"Carta Compromisso do 6\u00ba Encontro Mineiro de CEBs"},"content":{"rendered":"<p style=\"text-align: right\"><em>\u201cGente simples fazendo coisas pequenas, em lugares pouco importantes, realiza mudan\u00e7as extraordin\u00e1rias\u201d (prov\u00e9rbio africano)<\/em><\/p>\n<p style=\"text-align: justify\">Na Comemora\u00e7\u00e3o do Centen\u00e1rio da Igreja particular de Montes Claros, nos dias 22 a 25 de julho de 2010, celebramos nesta cidade, o 6\u00ba Encontro Mineiro das CEBs, com o tema \u201cEconomia e Miss\u00e3o\u201d e o lema \u201cConstruindo uma Igreja solid\u00e1ria\u201d.<\/p>\n<p><!--more--><\/p>\n<p style=\"text-align: justify\">Viemos de muitas dioceses do nosso Estado em peregrina\u00e7\u00e3o de f\u00e9 e esperan\u00e7a. Dos mil e 200 delegados e delegadas presentes, em sua maioria leigos e leigas, dentre eles povos tradicionais (ind\u00edgenas, quilombolas, geraizeiros, vazanteiros, veredeiros, caatingueiros e outros trabalhadores do campo e da cidade), estiveram presentes tamb\u00e9m religiosas e religiosos, seminaristas, di\u00e1conos e presb\u00edteros. Fomos acolhidos pelo arcebispo anfitri\u00e3o, Dom Jos\u00e9 Alberto Moura, pelas diversas equipes de servi\u00e7o e, numa hospedagem solid\u00e1ria, as fam\u00edlias montes-clarenses abriram seus cora\u00e7\u00f5es e suas portas para nos oferecer o que t\u00eam de melhor. A presen\u00e7a de Dom Jos\u00e9 Moreira, bispo de Janu\u00e1ria, Dom Severino Clasen, bispo de Ara\u00e7ua\u00ed, e Dom Hugo, bispo de Almenara, muito nos alegrou.<\/p>\n<p style=\"text-align: justify\">Trabalhamos os eixos tem\u00e1ticos: social, eclesial, econ\u00f4mico, pol\u00edtico e ecol\u00f3gico, os quais foram desenvolvidos em subtemas e possibilitaram a reflex\u00e3o e o aprofundamento dessas quest\u00f5es.<\/p>\n<p style=\"text-align: justify\">Fizemos a mem\u00f3ria dos encontros anteriormente realizados no Estado, do 11\u00ba Intereclesial em Ipatinga (MG) e do 12\u00ba, em Porto Velho (RO). Reavivamos a caminhada das CEBs na experi\u00eancia partilhada a partir do conhecimento coletivo e do fazer comunit\u00e1rio e, em sintonia com o Documento de Aparecida, reafirmamos o compromisso de sermos Comunidades Eclesiais de Base, disc\u00edpulas mission\u00e1rias de Jesus, em estado permanente de Miss\u00e3o. E numa caminhada prof\u00e9tica com as juventudes, percorremos ruas e avenidas da cidade denunciando o exterm\u00ednio de nossos jovens e vislumbrando um horizonte novo nos gerais de nossas CEBs.<\/p>\n<p style=\"text-align: justify\">A partir da metodologia VER, JULGAR, AGIR, REVER e CELEBRAR, constatamos avan\u00e7os e desafios colocados hoje para a miss\u00e3o de nossas Comunidades Eclesiais de Base. Queremos destacar, em nossa caminhada, a viv\u00eancia de uma espiritualidade libertadora com a evang\u00e9lica op\u00e7\u00e3o preferencial pelos pobres, a experi\u00eancia das Assembleias Populares enquanto espa\u00e7o de constru\u00e7\u00e3o do Brasil que queremos e precisamos, os Plebiscitos Populares, os Comit\u00eas 9840 do qual foi aprovada a Lei \u201cFicha Limpa\u201d, os trabalhos desenvolvidos pelas minorias \u00e9tnicas, os movimentos de mulheres, as Escolas de Forma\u00e7\u00e3o de F\u00e9 e Pol\u00edtica, sem contar as in\u00fameras associa\u00e7\u00f5es e cooperativas brotadas do trabalho das nossas Comunidades Eclesiais de Base.<\/p>\n<p style=\"text-align: justify\">Imbu\u00eddos de nosso compromisso batismal, n\u00f3s, mission\u00e1rios e mission\u00e1rias participantes do 6\u00ba Encontro Mineiro das CEBs, nos comprometemos em nossas comunidades com a constru\u00e7\u00e3o de uma Igreja solid\u00e1ria, atrav\u00e9s das seguintes a\u00e7\u00f5es transformadoras:<\/p>\n<ul>\n<li>Intensificar a participa\u00e7\u00e3o no Plebiscito pelo limite da propriedade da terra;<\/li>\n<li>Fortalecer os Comit\u00eas 9840 e o combate \u00e0 corrup\u00e7\u00e3o;<\/li>\n<li>Promover o Grito dos Exclu\u00eddos;<\/li>\n<li>Incentivar as Escolas de Forma\u00e7\u00e3o de F\u00e9 e Pol\u00edtica;<\/li>\n<li>Fortalecer as iniciativas de Economia Solid\u00e1ria;<\/li>\n<li>Combater o uso de agrot\u00f3xicos, dentre outros compromissos assumidos por cada micro particularmente;<\/li>\n<li>Realizar a campanha pela soberania e seguran\u00e7a alimentar e nutricional sustent\u00e1vel.<\/li>\n<\/ul>\n<p style=\"text-align: justify\">Animados pela f\u00e9 e movidos pela esperan\u00e7a, voltamos para as nossas comunidades. Pedimos \u00e0 Trindade Santa que nos ilumine e fortale\u00e7a nossa caminhada!<\/p>\n<p style=\"text-align: right\">Montes Claros, Domingo, 25 de julho de 2010<\/p>\n<p style=\"text-align: right\">Dia do Senhor<\/p>\n<p style=\"text-align: right\">Dia das Trabalhadoras e Trabalhadores Rurais<\/p>\n","protected":false},"excerpt":{"rendered":"<p>\u201cGente simples fazendo coisas pequenas, em lugares pouco importantes, realiza mudan\u00e7as extraordin\u00e1rias\u201d (prov\u00e9rbio africano) Na Comemora\u00e7\u00e3o do Centen\u00e1rio da Igreja particular de Montes Claros, nos dias 22 a 25 de julho de 2010, celebramos nesta cidade, o 6\u00ba Encontro Mineiro das CEBs, com o tema \u201cEconomia e Miss\u00e3o\u201d e o lema \u201cConstruindo uma Igreja solid\u00e1ria\u201d.<\/p>\n","protected":false},"author":83,"featured_media":9384,"comment_status":"open","ping_status":"open","sticky":false,"template":"","format":"standard","meta":{"site-sidebar-layout":"default","site-content-layout":"default","ast-global-header-display":"","ast-banner-title-visibility":"","ast-main-header-display":"","ast-hfb-above-header-display":"","ast-hfb-below-header-display":"","ast-hfb-mobile-header-display":"","site-post-title":"","ast-breadcrumbs-content":"","ast-featured-img":"","footer-sml-layout":"","theme-transparent-header-meta":"","adv-header-id-meta":"","stick-header-meta":"","header-above-stick-meta":"","header-main-stick-meta":"","header-below-stick-meta":""},"categories":[854,878],"tags":[],"acf":[],"_links":{"self":[{"href":"https:\/\/www.cnbb.org.br\/cnbb-app\/wp\/v2\/posts\/9383"}],"collection":[{"href":"https:\/\/www.cnbb.org.br\/cnbb-app\/wp\/v2\/posts"}],"about":[{"href":"https:\/\/www.cnbb.org.br\/cnbb-app\/wp\/v2\/types\/post"}],"author":[{"embeddable":true,"href":"https:\/\/www.cnbb.org.br\/cnbb-app\/wp\/v2\/users\/83"}],"replies":[{"embeddable":true,"href":"https:\/\/www.cnbb.org.br\/cnbb-app\/wp\/v2\/comments?post=9383"}],"version-history":[{"count":0,"href":"https:\/\/www.cnbb.org.br\/cnbb-app\/wp\/v2\/posts\/9383\/revisions"}],"wp:featuredmedia":[{"embeddable":true,"href":"https:\/\/www.cnbb.org.br\/cnbb-app\/wp\/v2\/media\/9384"}],"wp:attachment":[{"href":"https:\/\/www.cnbb.org.br\/cnbb-app\/wp\/v2\/media?parent=9383"}],"wp:term":[{"taxonomy":"category","embeddable":true,"href":"https:\/\/www.cnbb.org.br\/cnbb-app\/wp\/v2\/categories?post=9383"},{"taxonomy":"post_tag","embeddable":true,"href":"https:\/\/www.cnbb.org.br\/cnbb-app\/wp\/v2\/tags?post=9383"}],"curies":[{"name":"wp","href":"https:\/\/api.w.org\/{rel}","templated":true}]}}