{"id":938322,"date":"2023-02-02T11:29:29","date_gmt":"2023-02-02T14:29:29","guid":{"rendered":"https:\/\/www.cnbb.org.br\/?p=938322"},"modified":"2023-02-02T11:29:48","modified_gmt":"2023-02-02T14:29:48","slug":"5o-domingo-do-tempo-comum","status":"publish","type":"post","link":"https:\/\/www.cnbb.org.br\/5o-domingo-do-tempo-comum\/","title":{"rendered":"5\u00ba Domingo do tempo comum"},"content":{"rendered":"<p style=\"text-align: right;\"><b><span data-contrast=\"none\">Dom Carmo Jo\u00e3o Rhoden\u00a0<\/span><\/b><span data-ccp-props=\"{&quot;201341983&quot;:0,&quot;335551550&quot;:2,&quot;335551620&quot;:2,&quot;335559739&quot;:160,&quot;335559740&quot;:259}\"><br \/>\n<\/span><b><span data-contrast=\"none\">Bispo Em\u00e9rito de Taubat\u00e9 (SP)<\/span><\/b><span data-ccp-props=\"{&quot;201341983&quot;:0,&quot;335551550&quot;:2,&quot;335551620&quot;:2,&quot;335559739&quot;:160,&quot;335559740&quot;:257}\">\u00a0<\/span><\/p>\n<p>&nbsp;<\/p>\n<p style=\"text-align: justify;\"><b><span data-contrast=\"auto\"><br \/>\n5\u00ba Domingo do tempo comum 05\/02\/2023 (Mt 5,13-16)<\/span><\/b><span data-ccp-props=\"{&quot;201341983&quot;:0,&quot;335551550&quot;:2,&quot;335551620&quot;:2,&quot;335559739&quot;:160,&quot;335559740&quot;:259}\">\u00a0<\/span><\/p>\n<p style=\"text-align: justify;\"><span data-contrast=\"auto\">Textos inspiradores: a) \u201cV\u00f3s sois o sal da terra\u201d. (Mt 5,13) b) \u201cV\u00f3s sois a luz do mundo\u201d. (Mt 5,14)<\/span><span data-ccp-props=\"{&quot;201341983&quot;:0,&quot;335551550&quot;:6,&quot;335551620&quot;:6,&quot;335559739&quot;:160,&quot;335559740&quot;:259}\">\u00a0<\/span><\/p>\n<p style=\"text-align: justify;\"><b><span data-contrast=\"auto\">1\u00ba <\/span><\/b><span data-contrast=\"auto\">Estamos no contexto do serm\u00e3o da montanha, a quintess\u00eancia do Evangelho. Trata-se do discurso, no qual Jesus apresenta as bases do Reino de Deus, que Ele veio lan\u00e7ar. O mundo teve, no passado, e tem, tamb\u00e9m hoje, sua filosofia de vida: seu \u201cmodus vivendi\u201d. Nele se professa o relativismo (Bento XVI fala at\u00e9 da ditadura do relativismo): o materialismo e o consumismo. Afirma-se, at\u00e9 a morte de Deus, quando, n\u00e3o a necessidade de uma Igreja \u00fanica, que seria o fruto de um consenso human\u00edstico: cuja filosofia seria antropocentrista. Nada de Papa, de revela\u00e7\u00e3o divina. A lei maior seria a do menor esfor\u00e7o: a lei dos mais fortes, do mais espertos e dos mais opulentos.\u00a0<\/span><span data-ccp-props=\"{&quot;201341983&quot;:0,&quot;335551550&quot;:6,&quot;335551620&quot;:6,&quot;335559739&quot;:160,&quot;335559740&quot;:259}\">\u00a0<\/span><\/p>\n<p style=\"text-align: justify;\"><b><span data-contrast=\"auto\">2\u00ba <\/span><\/b><span data-contrast=\"auto\">O que estamos vendo, nesse mundo guindado a ser hegem\u00f4nico? Basta analisar o que est\u00e1 acontecendo: aumentam os abortos. N\u00e3o se pode nem matar um cachorro, ou outros animais. Contudo os feminic\u00eddios aumentam. Os suic\u00eddios crescem. Matrim\u00f4nios se desfazem facilmente: cada um tem o direito, de ser feliz, dizem. N\u00e3o o nego. O que n\u00e3o posso aceitar \u00e9 defender direitos, sem admitir deveres, ou at\u00e9 causar infelicidades a terceiros. O que n\u00e3o aceito \u00e9 defender, principalmente, os chamados direitos dos mais fortes, poderosos e dominadores. Tamb\u00e9m n\u00e3o posso aceitar, a marginaliza\u00e7\u00e3o dos indefesos e a aproveitar-se dos mais necessitados. Deus deu intelig\u00eancia, a todos, para cultiv\u00e1-la, n\u00e3o para massacrar os mais indefesos. O que n\u00e3o posso aceitar, ainda, \u00e9 colocar o homem no lugar do Criador. Mais. Querem, at\u00e9 expulsar a Deus da sociedade, na qual o Verbo divino, n\u00e3o se envergonhou de se encarnar e pela qual sofreu e morreu crucificado. O mundo tornou-se cruel: agressivo e vingativo. De fato, onde, Deus n\u00e3o tem mais lugar, tudo \u00e9 permitido.<\/span><span data-ccp-props=\"{&quot;201341983&quot;:0,&quot;335551550&quot;:6,&quot;335551620&quot;:6,&quot;335559739&quot;:160,&quot;335559740&quot;:259}\">\u00a0<\/span><\/p>\n<p style=\"text-align: justify;\"><b><span data-contrast=\"auto\">3\u00ba <\/span><\/b><span data-contrast=\"auto\">Jesus, no entanto, disse de Si mesmo: \u201cEu sou a luz do mundo\u201d (Mt 5,14;\u00a0 Jo 8,12; 9,5; 1Jo1,5). Mas, Ele n\u00e3o quer s\u00ea-la, sozinho. H\u00e1 muitas confus\u00f5es, tristezas e trevas: cabe-nos, com Cristo combat\u00ea-las. No entanto, somos luz? \u00c9 preciso levar, bem a s\u00e9rio a Palavra de Jesus.\u00a0 Al\u00e9m do mais, a partir da nossa experi\u00eancia, ningu\u00e9m gosta de andar, em ruas escuras. D\u00e1 medo, gera inseguran\u00e7a. Deu de entender? 3.1 Jesus ainda acrescentou: \u201cV\u00f3s sois o sal da terra\u201d. Quem n\u00e3o conhece as propriedades do sal? Alimento sem sal \u00e9 ins\u00edpido, ensosso. Contudo, quando ele \u00e9 demasiado, torna-se, tamb\u00e9m, algo intrag\u00e1vel, quando n\u00e3o perigoso para a sa\u00fade. Qual \u00e9 ent\u00e3o a medida certa? N\u00f3s, bem o sabemos. Jesus chega a usar termos fortes, em rela\u00e7\u00e3o aos que n\u00e3o s\u00e3o sal da terra. Afirma, at\u00e9 que seria melhor ser jogado fora e pisados pelos homens. \u00c9 preocupante? Sim. Porque o sal na sociedade somos todos n\u00f3s&#8230;<\/span><span data-ccp-props=\"{&quot;201341983&quot;:0,&quot;335551550&quot;:6,&quot;335551620&quot;:6,&quot;335559739&quot;:160,&quot;335559740&quot;:259}\">\u00a0<\/span><\/p>\n<p style=\"text-align: justify;\"><b><span data-contrast=\"auto\">4\u00ba <\/span><\/b><span data-contrast=\"auto\">Jesus quer que os homens, vejam nossas boas obras. Por qu\u00ea? Para que, atrav\u00e9s delas, todos possam glorificar o Pai que est\u00e1 no c\u00e9u. Ali\u00e1s, Jesus se volta sempre para o Pai, carinhosamente. Pois, a Ele ama, ouve e obedece. Ele deve estar, sempre, no centro: louvado e adorado. O Pai n\u00e3o \u00e9, portanto, tem\u00edvel, mas am\u00e1vel e amoroso. S\u00f3 Deus \u00e9 assim.<\/span><span data-ccp-props=\"{&quot;201341983&quot;:0,&quot;335551550&quot;:6,&quot;335551620&quot;:6,&quot;335559739&quot;:160,&quot;335559740&quot;:259}\">\u00a0<\/span><\/p>\n<p style=\"text-align: justify;\"><span data-ccp-props=\"{&quot;201341983&quot;:0,&quot;335551550&quot;:2,&quot;335551620&quot;:2,&quot;335559739&quot;:160,&quot;335559740&quot;:259}\">\u00a0<\/span><\/p>\n<p style=\"text-align: justify;\"><span data-ccp-props=\"{&quot;201341983&quot;:0,&quot;335551550&quot;:2,&quot;335551620&quot;:2,&quot;335559739&quot;:160,&quot;335559740&quot;:259}\">\u00a0<\/span><\/p>\n<p style=\"text-align: justify;\">\n","protected":false},"excerpt":{"rendered":"<p>Dom Carmo Jo\u00e3o Rhoden\u00a0 Bispo Em\u00e9rito de Taubat\u00e9 (SP)\u00a0 &nbsp; 5\u00ba Domingo do tempo comum 05\/02\/2023 (Mt 5,13-16)\u00a0 Textos inspiradores: a) \u201cV\u00f3s sois o sal da terra\u201d. (Mt 5,13) b) \u201cV\u00f3s sois a luz do mundo\u201d. (Mt 5,14)\u00a0 1\u00ba Estamos no contexto do serm\u00e3o da montanha, a quintess\u00eancia do Evangelho. Trata-se do discurso, no qual &hellip;<\/p>\n<p class=\"read-more\"> <a class=\"\" href=\"https:\/\/www.cnbb.org.br\/5o-domingo-do-tempo-comum\/\"> <span class=\"screen-reader-text\">5\u00ba Domingo do tempo comum<\/span> Leia mais &raquo;<\/a><\/p>\n","protected":false},"author":132,"featured_media":0,"comment_status":"open","ping_status":"open","sticky":false,"template":"","format":"standard","meta":{"site-sidebar-layout":"default","site-content-layout":"default","ast-global-header-display":"","ast-banner-title-visibility":"","ast-main-header-display":"","ast-hfb-above-header-display":"","ast-hfb-below-header-display":"","ast-hfb-mobile-header-display":"","site-post-title":"","ast-breadcrumbs-content":"","ast-featured-img":"","footer-sml-layout":"","theme-transparent-header-meta":"default","adv-header-id-meta":"","stick-header-meta":"","header-above-stick-meta":"","header-main-stick-meta":"","header-below-stick-meta":""},"categories":[758],"tags":[],"acf":[],"_links":{"self":[{"href":"https:\/\/www.cnbb.org.br\/cnbb-app\/wp\/v2\/posts\/938322"}],"collection":[{"href":"https:\/\/www.cnbb.org.br\/cnbb-app\/wp\/v2\/posts"}],"about":[{"href":"https:\/\/www.cnbb.org.br\/cnbb-app\/wp\/v2\/types\/post"}],"author":[{"embeddable":true,"href":"https:\/\/www.cnbb.org.br\/cnbb-app\/wp\/v2\/users\/132"}],"replies":[{"embeddable":true,"href":"https:\/\/www.cnbb.org.br\/cnbb-app\/wp\/v2\/comments?post=938322"}],"version-history":[{"count":1,"href":"https:\/\/www.cnbb.org.br\/cnbb-app\/wp\/v2\/posts\/938322\/revisions"}],"predecessor-version":[{"id":938324,"href":"https:\/\/www.cnbb.org.br\/cnbb-app\/wp\/v2\/posts\/938322\/revisions\/938324"}],"wp:attachment":[{"href":"https:\/\/www.cnbb.org.br\/cnbb-app\/wp\/v2\/media?parent=938322"}],"wp:term":[{"taxonomy":"category","embeddable":true,"href":"https:\/\/www.cnbb.org.br\/cnbb-app\/wp\/v2\/categories?post=938322"},{"taxonomy":"post_tag","embeddable":true,"href":"https:\/\/www.cnbb.org.br\/cnbb-app\/wp\/v2\/tags?post=938322"}],"curies":[{"name":"wp","href":"https:\/\/api.w.org\/{rel}","templated":true}]}}