{"id":938326,"date":"2023-02-02T11:30:55","date_gmt":"2023-02-02T14:30:55","guid":{"rendered":"https:\/\/www.cnbb.org.br\/?p=938326"},"modified":"2023-02-02T11:31:16","modified_gmt":"2023-02-02T14:31:16","slug":"ano-vocacional-7","status":"publish","type":"post","link":"https:\/\/www.cnbb.org.br\/ano-vocacional-7\/","title":{"rendered":"Ano Vocacional"},"content":{"rendered":"<p style=\"text-align: right;\"><span data-ccp-props=\"{&quot;201341983&quot;:0,&quot;335551550&quot;:2,&quot;335551620&quot;:2,&quot;335559739&quot;:0,&quot;335559740&quot;:240}\"><strong>Dom Alo\u00edsio Alberto Dilli<\/strong><br \/>\n<strong>Bispo de Santa Cruz do Sul (RS)<\/strong><br \/>\n<\/span><\/p>\n<p>&nbsp;<\/p>\n<p>&nbsp;<\/p>\n<p><b><span data-contrast=\"auto\">ANO VOCACIONAL &#8211; 04<\/span><\/b><span data-ccp-props=\"{&quot;201341983&quot;:0,&quot;335551550&quot;:2,&quot;335551620&quot;:2,&quot;335559739&quot;:0,&quot;335559740&quot;:240}\"><br \/>\n<\/span><\/p>\n<p style=\"text-align: justify;\"><span data-contrast=\"auto\">Caros diocesanos. Continuamos hoje nossa reflex\u00e3o sobre o Ano Vocacional, a partir do Texto-Base que nos acompanha, em todo Brasil. J\u00e1 refletimos sobre a gra\u00e7a do chamado e agora destacaremos mais a miss\u00e3o daqueles que s\u00e3o chamados e a import\u00e2ncia do incentivo a uma cultura vocacional.\u00a0<\/span><span data-ccp-props=\"{&quot;201341983&quot;:0,&quot;335551550&quot;:6,&quot;335551620&quot;:6,&quot;335559731&quot;:708,&quot;335559739&quot;:0,&quot;335559740&quot;:240}\">\u00a0<\/span><\/p>\n<p style=\"text-align: justify;\"><span data-contrast=\"auto\">Primeiramente poder\u00edamos dizer que somos chamados para uma miss\u00e3o ou somos uma miss\u00e3o, como diz o Papa Francisco (cf. EG, n. 273). Neste sentido, afirma o Texto-Base: \u201c<\/span><i><span data-contrast=\"auto\">N\u00e3o h\u00e1 possibilidade de \u2018permanecer com ele\u2019 sem \u2018sair para pregar\u2019<\/span><\/i><span data-contrast=\"auto\">\u201d (TB, n. 136). Isso significa que os chamados s\u00e3o enviados a evangelizar, para anunciar a Boa Not\u00edcia do Reino, como participantes da mesma miss\u00e3o de Jesus: \u201c<\/span><i><span data-contrast=\"auto\">A miss\u00e3o de todo vocacionado e vocacionada nada mais \u00e9 do que continuar no mundo a miss\u00e3o de Jesus<\/span><\/i><span data-contrast=\"auto\">\u201d (TB, n. 185). Este caminho mission\u00e1rio deve ser percorrido em esp\u00edrito de comunh\u00e3o, de sinodalidade, sendo este modo de ser e agir o primeiro testemunho de evangeliza\u00e7\u00e3o.\u00a0<\/span><span data-ccp-props=\"{&quot;201341983&quot;:0,&quot;335551550&quot;:6,&quot;335551620&quot;:6,&quot;335559731&quot;:708,&quot;335559739&quot;:0,&quot;335559740&quot;:240}\">\u00a0<\/span><\/p>\n<p style=\"text-align: justify;\"><span data-contrast=\"auto\">Destacamos aqui novamente o objetivo geral do Ano Vocacional: \u201c<\/span><i><span data-contrast=\"auto\">Promover a cultura vocacional nas comunidades eclesiais, nas fam\u00edlias e na sociedade, para que sejam ambientes favor\u00e1veis ao despertar de todas as voca\u00e7\u00f5es, como gra\u00e7a e miss\u00e3o, a servi\u00e7o do Reino de Deus<\/span><\/i><span data-contrast=\"auto\">\u201d (TB, n. 150). Esta cultura vocacional permite ao ser humano reencontrar a si mesmo e os valores superiores do amor, da amizade, da ora\u00e7\u00e3o, proporcionando vida nova, \u201c<\/span><i><span data-contrast=\"auto\">superando a ideologia neoliberal da competi\u00e7\u00e3o, acumula\u00e7\u00e3o e consumo, por uma globaliza\u00e7\u00e3o solid\u00e1ria e democr\u00e1tica por meio de uma economia do bem viver<\/span><\/i><span data-contrast=\"auto\">\u201d (TB, n. 166). Precisamos de uma Igreja de esp\u00edrito sinodal e mission\u00e1rio, onde todos os batizados s\u00e3o convocados a se colocar a caminho para viverem a comunh\u00e3o e a paz, para promover rela\u00e7\u00f5es fraternas e o di\u00e1logo, mesmo entre os que pensam diferente. Somos desafiados a tomar consci\u00eancia que o caminho sinodal e fraterno implica numa vida social, pol\u00edtica, econ\u00f4mica sob o signo da justi\u00e7a, da solidariedade e da paz (FT, n. 243). \u00c9 para o servi\u00e7o e para o amor que somos chamados e enviados em miss\u00e3o, em meio \u00e0 diversidade de dons e minist\u00e9rios, sempre com esp\u00edrito comunit\u00e1rio e guiados pela Palavra de Deus. Afirma o Texto-Base: \u201c<\/span><i><span data-contrast=\"auto\">Cada um, independentemente de sua voca\u00e7\u00e3o, \u00e9 chamado a dar o testemunho de comunh\u00e3o&#8230; Todos s\u00e3o chamados pelo Batismo e fortalecidos pela Confirma\u00e7\u00e3o com a for\u00e7a do Esp\u00edrito Santo, a ser Cristo na vida do mundo. E nos Sacramentos, sobretudo na Eucaristia, devem encontrar a for\u00e7a necess\u00e1ria para ser no mundo uma Igreja em sa\u00edda<\/span><\/i><span data-contrast=\"auto\">\u201d (TB, n. 192).<\/span><span data-ccp-props=\"{&quot;201341983&quot;:0,&quot;335551550&quot;:6,&quot;335551620&quot;:6,&quot;335559731&quot;:708,&quot;335559739&quot;:0,&quot;335559740&quot;:240}\">\u00a0<\/span><\/p>\n<p style=\"text-align: justify;\"><span data-contrast=\"auto\">\u00c9 na fam\u00edlia e na comunidade que as pessoas descobrem e desenvolvem progressivamente o seu itiner\u00e1rio da f\u00e9 crist\u00e3. E a catequese propicia o encontro vivo com o Senhor que transforma a vida e oferece crit\u00e9rios para o discernimento vocacional. Por isso ela \u00e9 imprescind\u00edvel na descoberta das voca\u00e7\u00f5es e carismas. Assim percebemos que a anima\u00e7\u00e3o vocacional \u00e9 tarefa de toda comunidade eclesial, sobretudo pelo testemunho. O acompanhamento vocacional exige o caminhar juntos, a proximidade, a escuta e o respeito pelo outro, o acolhimento das pessoas como s\u00e3o e na situa\u00e7\u00e3o em que se encontram. O acompanhante do vocacionado tem a nobre tarefa de favorecer a rela\u00e7\u00e3o entre a pessoa e o Senhor, ajudando a superar os desafios que o caminho vocacional encontra. Nunca esquecendo que o verdadeiro acompanhante \u00e9 o Esp\u00edrito Santo, pois a iniciativa do chamado \u00e9 sempre de Deus.<\/span><span data-ccp-props=\"{&quot;201341983&quot;:0,&quot;335551550&quot;:6,&quot;335551620&quot;:6,&quot;335559731&quot;:708,&quot;335559739&quot;:0,&quot;335559740&quot;:240}\">\u00a0<\/span><\/p>\n<p style=\"text-align: justify;\"><span data-contrast=\"auto\">Estas reflex\u00f5es do Ano Vocacional fa\u00e7am arder tamb\u00e9m nossos cora\u00e7\u00f5es e coloquem nossos p\u00e9s no caminho, para promover a cultura vocacional nos ambientes de nossas fam\u00edlias e comunidades e no mundo que nos rodeia. Aben\u00e7oado Ano Vocacional!<\/span><span data-ccp-props=\"{&quot;201341983&quot;:0,&quot;335551550&quot;:6,&quot;335551620&quot;:6,&quot;335559731&quot;:708,&quot;335559739&quot;:0,&quot;335559740&quot;:240}\">\u00a0<\/span><\/p>\n<p>&nbsp;<\/p>\n<p><span data-ccp-props=\"{&quot;201341983&quot;:0,&quot;335551550&quot;:3,&quot;335551620&quot;:3,&quot;335559731&quot;:708,&quot;335559739&quot;:0,&quot;335559740&quot;:240}\">\u00a0<\/span><\/p>\n","protected":false},"excerpt":{"rendered":"<p>Dom Alo\u00edsio Alberto Dilli Bispo de Santa Cruz do Sul (RS) &nbsp; &nbsp; ANO VOCACIONAL &#8211; 04 Caros diocesanos. Continuamos hoje nossa reflex\u00e3o sobre o Ano Vocacional, a partir do Texto-Base que nos acompanha, em todo Brasil. J\u00e1 refletimos sobre a gra\u00e7a do chamado e agora destacaremos mais a miss\u00e3o daqueles que s\u00e3o chamados e &hellip;<\/p>\n<p class=\"read-more\"> <a class=\"\" href=\"https:\/\/www.cnbb.org.br\/ano-vocacional-7\/\"> <span class=\"screen-reader-text\">Ano Vocacional<\/span> Leia mais &raquo;<\/a><\/p>\n","protected":false},"author":33,"featured_media":0,"comment_status":"open","ping_status":"open","sticky":false,"template":"","format":"standard","meta":{"site-sidebar-layout":"default","site-content-layout":"default","ast-global-header-display":"","ast-banner-title-visibility":"","ast-main-header-display":"","ast-hfb-above-header-display":"","ast-hfb-below-header-display":"","ast-hfb-mobile-header-display":"","site-post-title":"","ast-breadcrumbs-content":"","ast-featured-img":"","footer-sml-layout":"","theme-transparent-header-meta":"default","adv-header-id-meta":"","stick-header-meta":"","header-above-stick-meta":"","header-main-stick-meta":"","header-below-stick-meta":""},"categories":[758],"tags":[],"acf":[],"_links":{"self":[{"href":"https:\/\/www.cnbb.org.br\/cnbb-app\/wp\/v2\/posts\/938326"}],"collection":[{"href":"https:\/\/www.cnbb.org.br\/cnbb-app\/wp\/v2\/posts"}],"about":[{"href":"https:\/\/www.cnbb.org.br\/cnbb-app\/wp\/v2\/types\/post"}],"author":[{"embeddable":true,"href":"https:\/\/www.cnbb.org.br\/cnbb-app\/wp\/v2\/users\/33"}],"replies":[{"embeddable":true,"href":"https:\/\/www.cnbb.org.br\/cnbb-app\/wp\/v2\/comments?post=938326"}],"version-history":[{"count":1,"href":"https:\/\/www.cnbb.org.br\/cnbb-app\/wp\/v2\/posts\/938326\/revisions"}],"predecessor-version":[{"id":938327,"href":"https:\/\/www.cnbb.org.br\/cnbb-app\/wp\/v2\/posts\/938326\/revisions\/938327"}],"wp:attachment":[{"href":"https:\/\/www.cnbb.org.br\/cnbb-app\/wp\/v2\/media?parent=938326"}],"wp:term":[{"taxonomy":"category","embeddable":true,"href":"https:\/\/www.cnbb.org.br\/cnbb-app\/wp\/v2\/categories?post=938326"},{"taxonomy":"post_tag","embeddable":true,"href":"https:\/\/www.cnbb.org.br\/cnbb-app\/wp\/v2\/tags?post=938326"}],"curies":[{"name":"wp","href":"https:\/\/api.w.org\/{rel}","templated":true}]}}