{"id":938332,"date":"2023-02-02T11:39:05","date_gmt":"2023-02-02T14:39:05","guid":{"rendered":"https:\/\/www.cnbb.org.br\/?p=938332"},"modified":"2023-02-02T11:39:29","modified_gmt":"2023-02-02T14:39:29","slug":"trata-bem-dele","status":"publish","type":"post","link":"https:\/\/www.cnbb.org.br\/trata-bem-dele\/","title":{"rendered":"Trata bem dele"},"content":{"rendered":"<p style=\"text-align: right;\"><b><span data-contrast=\"auto\">Dom Roberto Francisco Ferreria Paz<\/span><\/b><span data-ccp-props=\"{&quot;201341983&quot;:0,&quot;335551550&quot;:2,&quot;335551620&quot;:2,&quot;335559739&quot;:0,&quot;335559740&quot;:259}\"><br \/>\n<\/span><b><span data-contrast=\"auto\">Bispo de Campos (RJ)<\/span><\/b><span data-ccp-props=\"{&quot;201341983&quot;:0,&quot;335551550&quot;:2,&quot;335551620&quot;:2,&quot;335559739&quot;:0,&quot;335559740&quot;:259}\">\u00a0<\/span><\/p>\n<p>&nbsp;<\/p>\n<p><b><span data-contrast=\"auto\">Trata bem dele ( Lc 10,35 )<\/span><\/b><span data-ccp-props=\"{&quot;201341983&quot;:0,&quot;335551550&quot;:2,&quot;335551620&quot;:2,&quot;335559739&quot;:160,&quot;335559740&quot;:259}\">\u00a0<\/span><\/p>\n<p style=\"text-align: justify;\"><span data-contrast=\"auto\">O XXXI Dia Mundial do Doente inspira-se na frase da Par\u00e1bola do Bom Samaritano, com a qual este confia o homem ferido ao respons\u00e1vel da estalagem, tomando todas as provid\u00eancias para o seu cuidado. Escolhendo esta frase como lema, o Papa Francisco ensina que a doen\u00e7a n\u00e3o pode ser vivida no isolamento e no abandono, mas exige a compaix\u00e3o por ser exerc\u00edcio sinodal de cura, isto \u00e9, caminhar juntos e acompanhar o doente, expressando o estilo de Deus, que sempre visa proximidade, ternura e miseric\u00f3rdia.\u00a0<\/span><span data-ccp-props=\"{&quot;201341983&quot;:0,&quot;335551550&quot;:6,&quot;335551620&quot;:6,&quot;335559739&quot;:160,&quot;335559740&quot;:259}\">\u00a0<\/span><\/p>\n<p style=\"text-align: justify;\"><span data-contrast=\"auto\">Esta atitude \u00e9 refor\u00e7ada pelo profeta Ezequiel que afirma, claramente, que Deus, como Pastor, procura a ovelha perdida, reconduzindo a trasmalhada, cuidando das feridas e apascentando todas com justi\u00e7a. Mais adiante, o Papa, na reflex\u00e3o, retoma o sentido desta par\u00e1bola na enc\u00edclica <\/span><i><span data-contrast=\"auto\">Fratelli Tutti<\/span><\/i><span data-contrast=\"auto\">, explicando que ela \u00e9 o ponto de viragem, de revers\u00e3o de um mundo fechado em sombras para um mundo aberto e mais fraterno.\u00a0<\/span><span data-ccp-props=\"{&quot;201341983&quot;:0,&quot;335551550&quot;:6,&quot;335551620&quot;:6,&quot;335559739&quot;:160,&quot;335559740&quot;:259}\">\u00a0<\/span><\/p>\n<p style=\"text-align: justify;\"><span data-contrast=\"auto\">O homem ca\u00eddo, que fora assaltado e espancado na estrada, mostra e revela os in\u00fameros rostos de quem s\u00e3o deixados ou descartados, tanto por causas \u201cnaturais\u201d, como aquelas que s\u00e3o provocadas pela exclus\u00e3o e as injusti\u00e7as estruturais. O Papa sublinha, e destaca, a condi\u00e7\u00e3o de abandono e solid\u00e3o que cerca e espezinha a milhares de doentes que buscam uma resposta humana e solid\u00e1ria, que supere a indiferen\u00e7a ou a religiosidade formalista do sacerdote e do levita, que n\u00e3o pararam, nem enxergaram, o ferido na estrada.\u00a0<\/span><span data-ccp-props=\"{&quot;201341983&quot;:0,&quot;335551550&quot;:6,&quot;335551620&quot;:6,&quot;335559739&quot;:160,&quot;335559740&quot;:259}\">\u00a0<\/span><\/p>\n<p style=\"text-align: justify;\"><span data-contrast=\"auto\">Esta realidade de sofrimento nos interpela a cada um e as Igrejas e Religi\u00f5es, a respeito de nosso olhar e agir, face aos irm\u00e3os doentes que passam por situa\u00e7\u00f5es de esquecimento, vulnerabilidade e abandono. Somos chamados a ser um hospital de campanha, uma casa de acolhida e ternura, a estalagem da miseric\u00f3rdia, refazendo os passos do bom samaritano: deter-se, aproximar-se, cuidar e levantar. O Dia Mundial do doente promove, claro, um momento de ora\u00e7\u00e3o, solidariedade compassiva, de proximidade amorosa<\/span> <span data-contrast=\"auto\">da parte de todos os agentes, profissionais da sa\u00fade, dirigentes das institui\u00e7\u00f5es hospitalares mas, tamb\u00e9m, empenha a todo o Povo de Deus, \u00e0 sociedade civil, e aos governantes, para deixar-se interpelar pela profecia de Ezequiel, que denuncia a cobi\u00e7a, a neglig\u00eancia e a irresponsabilidade, gravemente culposa dos pastores mercen\u00e1rios que descuravam o seu povo deixando-o abatido, na doen\u00e7a e na viol\u00eancia.\u00a0<\/span><span data-ccp-props=\"{&quot;201341983&quot;:0,&quot;335551550&quot;:6,&quot;335551620&quot;:6,&quot;335559739&quot;:160,&quot;335559740&quot;:259}\">\u00a0<\/span><\/p>\n<p style=\"text-align: justify;\"><span data-contrast=\"auto\">Nesta hora que, gra\u00e7as a um grande e generoso mutir\u00e3o da sa\u00fade, integrado por m\u00e9dicos, enfermeiros, maqueiros, volunt\u00e1rios, capel\u00e3es, pesquisadores e dirigentes, estamos gradualmente saindo da pandemia; entramos na etapa da reabilita\u00e7\u00e3o, do cuidado e supera\u00e7\u00e3o das sequelas do COVID, marcas org\u00e2nicas, mentais e espirituais que devem cicatrizar e serem atendidas com solicitude e prontid\u00e3o.\u00a0<\/span><span data-ccp-props=\"{&quot;201341983&quot;:0,&quot;335551550&quot;:6,&quot;335551620&quot;:6,&quot;335559739&quot;:160,&quot;335559740&quot;:259}\">\u00a0<\/span><\/p>\n<p style=\"text-align: justify;\"><span data-contrast=\"auto\">Que Nossa Senhora de Lourdes, Protetora e Sa\u00fade dos enfermos, nos ensine a bem tratar, cuidar e curar os doentes, socorrendo e amparando-os em todas as doen\u00e7as e sofrimentos. Deus seja louvado!<\/span><span data-ccp-props=\"{&quot;201341983&quot;:0,&quot;335551550&quot;:6,&quot;335551620&quot;:6,&quot;335559739&quot;:160,&quot;335559740&quot;:259}\">\u00a0<\/span><\/p>\n<p style=\"text-align: justify;\"><span data-ccp-props=\"{&quot;201341983&quot;:0,&quot;335551550&quot;:2,&quot;335551620&quot;:2,&quot;335559739&quot;:0,&quot;335559740&quot;:259}\">\u00a0<\/span><\/p>\n<p style=\"text-align: justify;\">\n","protected":false},"excerpt":{"rendered":"<p>Dom Roberto Francisco Ferreria Paz Bispo de Campos (RJ)\u00a0 &nbsp; Trata bem dele ( Lc 10,35 )\u00a0 O XXXI Dia Mundial do Doente inspira-se na frase da Par\u00e1bola do Bom Samaritano, com a qual este confia o homem ferido ao respons\u00e1vel da estalagem, tomando todas as provid\u00eancias para o seu cuidado. Escolhendo esta frase como &hellip;<\/p>\n<p class=\"read-more\"> <a class=\"\" href=\"https:\/\/www.cnbb.org.br\/trata-bem-dele\/\"> <span class=\"screen-reader-text\">Trata bem dele<\/span> Leia mais &raquo;<\/a><\/p>\n","protected":false},"author":23,"featured_media":0,"comment_status":"open","ping_status":"open","sticky":false,"template":"","format":"standard","meta":{"site-sidebar-layout":"default","site-content-layout":"default","ast-global-header-display":"","ast-banner-title-visibility":"","ast-main-header-display":"","ast-hfb-above-header-display":"","ast-hfb-below-header-display":"","ast-hfb-mobile-header-display":"","site-post-title":"","ast-breadcrumbs-content":"","ast-featured-img":"","footer-sml-layout":"","theme-transparent-header-meta":"default","adv-header-id-meta":"","stick-header-meta":"","header-above-stick-meta":"","header-main-stick-meta":"","header-below-stick-meta":""},"categories":[758],"tags":[],"acf":[],"_links":{"self":[{"href":"https:\/\/www.cnbb.org.br\/cnbb-app\/wp\/v2\/posts\/938332"}],"collection":[{"href":"https:\/\/www.cnbb.org.br\/cnbb-app\/wp\/v2\/posts"}],"about":[{"href":"https:\/\/www.cnbb.org.br\/cnbb-app\/wp\/v2\/types\/post"}],"author":[{"embeddable":true,"href":"https:\/\/www.cnbb.org.br\/cnbb-app\/wp\/v2\/users\/23"}],"replies":[{"embeddable":true,"href":"https:\/\/www.cnbb.org.br\/cnbb-app\/wp\/v2\/comments?post=938332"}],"version-history":[{"count":2,"href":"https:\/\/www.cnbb.org.br\/cnbb-app\/wp\/v2\/posts\/938332\/revisions"}],"predecessor-version":[{"id":938337,"href":"https:\/\/www.cnbb.org.br\/cnbb-app\/wp\/v2\/posts\/938332\/revisions\/938337"}],"wp:attachment":[{"href":"https:\/\/www.cnbb.org.br\/cnbb-app\/wp\/v2\/media?parent=938332"}],"wp:term":[{"taxonomy":"category","embeddable":true,"href":"https:\/\/www.cnbb.org.br\/cnbb-app\/wp\/v2\/categories?post=938332"},{"taxonomy":"post_tag","embeddable":true,"href":"https:\/\/www.cnbb.org.br\/cnbb-app\/wp\/v2\/tags?post=938332"}],"curies":[{"name":"wp","href":"https:\/\/api.w.org\/{rel}","templated":true}]}}