{"id":938403,"date":"2023-02-03T12:19:10","date_gmt":"2023-02-03T15:19:10","guid":{"rendered":"https:\/\/www.cnbb.org.br\/?p=938403"},"modified":"2023-02-03T12:19:38","modified_gmt":"2023-02-03T15:19:38","slug":"senso-de-pertenca-a-comunidade","status":"publish","type":"post","link":"https:\/\/www.cnbb.org.br\/senso-de-pertenca-a-comunidade\/","title":{"rendered":"Senso de perten\u00e7a \u00e0 comunidade"},"content":{"rendered":"<p style=\"text-align: right;\"><strong>Dom Leomar Ant\u00f4nio Brustolin<\/strong><br \/>\n<strong>Arcebispo de Santa Maria (RS)<\/strong><\/p>\n<p style=\"text-align: justify;\">\n<p>O termo <em>comunidade<\/em> \u00e9 um conceito que, em si, tem a tend\u00eancia de valorizar mais a coletividade do que a singularidade. Essa no\u00e7\u00e3o se estabelece por fortes e antigos v\u00ednculos tribais, pelos quais as pessoas sentiam o pertencimento pelo sangue, pela parentela, ou pela amizade. Essa vis\u00e3o contrasta com uma percep\u00e7\u00e3o mais individualista da realidade, presente no mundo latino e herdeira da civiliza\u00e7\u00e3o romana. Os romanos superaram a condi\u00e7\u00e3o tribal por meio da concep\u00e7\u00e3o na qual o indiv\u00edduo era mais importante que o v\u00ednculo familiar, o que teve vis\u00edveis consequ\u00eancias no Direito <strong>r<\/strong>omano, ao enfatizar a pessoa e o direito privado. O risco dessa percep\u00e7\u00e3o \u00e9 o individualismo, e a vantagem \u00e9 a possibilidade de cada pessoa cuidar de seu direito. Embora o ser humano viva singularmente, vive tamb\u00e9m na comunidade onde se estabelece.<\/p>\n<p style=\"text-align: justify;\">As viv\u00eancias comunit\u00e1rias s\u00e3o determinantes para cada pessoa e s\u00e3o transmitidas de uma gera\u00e7\u00e3o a outra.\u00a0 Quando o grupo se torna muito individualista, a transmiss\u00e3o da tradi\u00e7\u00e3o fica comprometida, n\u00e3o se entrega \u00e0s futuras gera\u00e7\u00f5es o que das anteriores se recebeu. Ao enfraquecer o senso de perten\u00e7a comunit\u00e1ria, para exacerbar o sentido individualista da exist\u00eancia, falta o senso comunit\u00e1rio, o que tende a prejudicar, gravemente, a comunidade, inclusive amea\u00e7ando sua continuidade.A crise da comunidade s\u00f3 \u00e9 super\u00e1vel se o ser humano redescobrir o valor da perten\u00e7a, da solidariedade e do v\u00ednculo afetivo.<\/p>\n<p style=\"text-align: justify;\">O redescobrimento da comunidade \u00e9 da ess\u00eancia do ser crist\u00e3o e do ser Igreja. O batizado nasce para Cristo e para a salva\u00e7\u00e3o na comunidade e a ela se agrega de modo ativo. Essas s\u00e3o a forma e a condi\u00e7\u00e3o de possibilidade para o ser crist\u00e3o. Sem comunidade n\u00e3o h\u00e1 Cristianismo aut\u00eantico. N\u00e3o existe f\u00e9 crist\u00e3 individualista, nem por livre escolha, pois sempre h\u00e1 a media\u00e7\u00e3o do <em>outro<\/em>, dos outros. A Sant\u00edssima Trindade \u00e9 a mais absoluta inspira\u00e7\u00e3o para essa vida comunional e n\u00e3o solit\u00e1ria.<\/p>\n<p style=\"text-align: justify;\">Teologicamente, a palavra <em>comunidade<\/em> significa a uni\u00e3o \u00edntima ou a comunh\u00e3o das pessoas entre si e delas com a Sant\u00edssima Trindade. A comunh\u00e3o da comunidade crist\u00e3 com a Trindade se realiza, fundamentalmente, pelo Batismo e pela Eucaristia. Dessa forma, a comunidade participa da vida divina na partilha da vida fraterna ao comungar na mesma mesa, ao professar a mesma f\u00e9 recebida dos ap\u00f3stolos, ao testemunhar a caridade que revela o amor salv\u00edfico de Deus para toda a humanidade.<\/p>\n<p style=\"text-align: justify;\">A comunidade crist\u00e3 n\u00e3o nasce de baixo, mas do alto, de Deus que suscita o desejo no cora\u00e7\u00e3o humano e a necessidade das pessoas de um viver comum em Cristo. Por isso, na comunidade crist\u00e3, se manifesta o mist\u00e9rio da Igreja, e ela \u00e9 chamada, constantemente, a ser mission\u00e1ria da obra salv\u00edfica que Cristo realiza. Ser sinal da salva\u00e7\u00e3o neste mundo \u00e9 a colabora\u00e7\u00e3o da comunidade crist\u00e3 para o advento do Reino de Deus.<\/p>\n<p>&nbsp;<\/p>\n<p>&nbsp;<\/p>\n<p>&nbsp;<\/p>\n","protected":false},"excerpt":{"rendered":"<p>Dom Leomar Ant\u00f4nio Brustolin Arcebispo de Santa Maria (RS) O termo comunidade \u00e9 um conceito que, em si, tem a tend\u00eancia de valorizar mais a coletividade do que a singularidade. Essa no\u00e7\u00e3o se estabelece por fortes e antigos v\u00ednculos tribais, pelos quais as pessoas sentiam o pertencimento pelo sangue, pela parentela, ou pela amizade. Essa &hellip;<\/p>\n<p class=\"read-more\"> <a class=\"\" href=\"https:\/\/www.cnbb.org.br\/senso-de-pertenca-a-comunidade\/\"> <span class=\"screen-reader-text\">Senso de perten\u00e7a \u00e0 comunidade<\/span> Leia mais &raquo;<\/a><\/p>\n","protected":false},"author":46,"featured_media":0,"comment_status":"open","ping_status":"open","sticky":false,"template":"","format":"standard","meta":{"site-sidebar-layout":"default","site-content-layout":"default","ast-global-header-display":"","ast-banner-title-visibility":"","ast-main-header-display":"","ast-hfb-above-header-display":"","ast-hfb-below-header-display":"","ast-hfb-mobile-header-display":"","site-post-title":"","ast-breadcrumbs-content":"","ast-featured-img":"","footer-sml-layout":"","theme-transparent-header-meta":"default","adv-header-id-meta":"","stick-header-meta":"","header-above-stick-meta":"","header-main-stick-meta":"","header-below-stick-meta":""},"categories":[758],"tags":[],"acf":[],"_links":{"self":[{"href":"https:\/\/www.cnbb.org.br\/cnbb-app\/wp\/v2\/posts\/938403"}],"collection":[{"href":"https:\/\/www.cnbb.org.br\/cnbb-app\/wp\/v2\/posts"}],"about":[{"href":"https:\/\/www.cnbb.org.br\/cnbb-app\/wp\/v2\/types\/post"}],"author":[{"embeddable":true,"href":"https:\/\/www.cnbb.org.br\/cnbb-app\/wp\/v2\/users\/46"}],"replies":[{"embeddable":true,"href":"https:\/\/www.cnbb.org.br\/cnbb-app\/wp\/v2\/comments?post=938403"}],"version-history":[{"count":1,"href":"https:\/\/www.cnbb.org.br\/cnbb-app\/wp\/v2\/posts\/938403\/revisions"}],"predecessor-version":[{"id":938404,"href":"https:\/\/www.cnbb.org.br\/cnbb-app\/wp\/v2\/posts\/938403\/revisions\/938404"}],"wp:attachment":[{"href":"https:\/\/www.cnbb.org.br\/cnbb-app\/wp\/v2\/media?parent=938403"}],"wp:term":[{"taxonomy":"category","embeddable":true,"href":"https:\/\/www.cnbb.org.br\/cnbb-app\/wp\/v2\/categories?post=938403"},{"taxonomy":"post_tag","embeddable":true,"href":"https:\/\/www.cnbb.org.br\/cnbb-app\/wp\/v2\/tags?post=938403"}],"curies":[{"name":"wp","href":"https:\/\/api.w.org\/{rel}","templated":true}]}}