{"id":938405,"date":"2023-02-17T13:00:45","date_gmt":"2023-02-17T16:00:45","guid":{"rendered":"https:\/\/www.cnbb.org.br\/?p=938405"},"modified":"2023-02-17T13:18:53","modified_gmt":"2023-02-17T16:18:53","slug":"cnbb-disponibiliza-videos-da-cf-2023-a-ser-veiculados-nas-tvs-catolicas-e-em-redes-sociais","status":"publish","type":"post","link":"https:\/\/www.cnbb.org.br\/cnbb-disponibiliza-videos-da-cf-2023-a-ser-veiculados-nas-tvs-catolicas-e-em-redes-sociais\/","title":{"rendered":"CNBB disponibiliza v\u00eddeos da CF 2023 a ser veiculados nas TVS cat\u00f3licas e em redes sociais"},"content":{"rendered":"<p style=\"text-align: justify;\">A Assessoria de Comunica\u00e7\u00e3o da Confer\u00eancia Nacional dos Bispos do Brasil (CNBB) e a TV Aparecida produziram uma s\u00e9rie de tr\u00eas VTs sobre a Campanha da Fraternidade 2023, cujo tema \u00e9: \u201cFraternidade e Fome\u201d. Os v\u00eddeos poder\u00e3o ser usados pelas TVs de inspira\u00e7\u00e3o cat\u00f3lica no intervalo de suas programa\u00e7\u00f5es, veiculados em redes sociais e tamb\u00e9m em momentos formativos sobre a Campanha da Fraternidade por toda a Igreja no Brasil.<\/p>\n<p style=\"text-align: justify;\">O objetivo destes produtos, de acordo com o assessor de comunica\u00e7\u00e3o interino da CNBB, Willian Bonfim, \u00e9 oferecer por meio do audiovisual, recursos de comunica\u00e7\u00e3o em linguagem simples e direta capazes de fazer a mensagem central da Campanha da Fraternidade deste ano se propagar, chegar a mais pessoas e mobilizar as comunidades cat\u00f3licas a se envolverem neste importante momento que a Igreja no Brasil assumiu como forma de vivenciar a Quaresma.<\/p>\n<h3>Informa\u00e7\u00f5es t\u00e9cnicas<\/h3>\n<p style=\"text-align: justify;\">A Ascom CNBB, por meio de seu assessor de comunica\u00e7\u00e3o interino, preparou os roteiros a partir do Texto-Base da Campanha e tamb\u00e9m contribuiu, pelo trabalho da jornalista Larissa Carvalho, com o levantamento de fotos e imagens da Igreja no Brasil para cobrir a narra\u00e7\u00e3o.<\/p>\n<p style=\"text-align: justify;\">A narra\u00e7\u00e3o dos VTs ficou por conta do pr\u00f3prio secret\u00e1rio-geral da CNBB e bispo auxiliar do Rio de Janeiro, dom Joel Portella Amado, e da locutora Andreia Zanardi, que cedeu gratuitamente os direitos \u00e0 CNBB e \u00e0 Campanha. Da TV Aparecida, o time que colaborou na produ\u00e7\u00e3o foi a produtora Vivian Reis, o editor Carlos Henrique Dias e o coordenador de cria\u00e7\u00e3o Augusto Fagundes. Abaixo, apresentamos, uma breve descri\u00e7\u00e3o de cada vt, bem como a orienta\u00e7\u00e3o do per\u00edodo para sua veicula\u00e7\u00e3o, considerando o planejamento da Campanha.<\/p>\n<p><strong>1\u00ba VT \u2013 APRESENTA\u00c7\u00c3O DA CAMPANHA<br \/>\n<\/strong><strong>Conte\u00fado:<\/strong> Com 30 segundos, o primeiro vt, narrado pelo bispo auxiliar do Rio de Janeiro e secret\u00e1rio-geral da Confer\u00eancia Nacional dos Bispos do Brasil (CNBB), dom Joel Portella amado, apresenta o tema e o lema da CF 2023 e chama a aten\u00e7\u00e3o para o flagelo da fome no Brasil. Fen\u00f4meno que atinge 33 milh\u00f5es de brasileiros de acordo com II Inqu\u00e9rito Nacional sobre Inseguran\u00e7a Alimentar no Contexto da Pandemia da Covid-19 no Brasil (II Vigisan) de abril de 2022 da Rede Brasileira de Pesquisa em Soberania Alimentar e Nutricional (PENSSAN), fazendo com que o pa\u00eds tenha voltado ao Mapa da Fome da FAO\/ONU.<\/p>\n<p><strong>Per\u00edodo de veicula\u00e7\u00e3o: <\/strong>17 a 28 de fevereiro<\/p>\n<p style=\"text-align: justify;\"><strong>2\u00ba VT \u2013 A\u00c7\u00d4ES DE COMBATE \u00c0 FOME<\/strong><br \/>\n<strong>Conte\u00fado:<\/strong> O segundo vt, com 45 segundos, tamb\u00e9m narrado pelo secret\u00e1rio-geral da CNBB, apresenta as a\u00e7\u00f5es que podem ser feitas para atender ao mandamento de Jesus: \u201cDai-lhe v\u00f3s mesmos de comer\u201d, desde os planos individual e na comunidade eclesial at\u00e9 exig\u00eancia dos representantes pol\u00edticos, em todos os n\u00edveis, que organizem pol\u00edticas p\u00fablicas para tornar Brasil\u00a0 definitivamente um territ\u00f3rio livre da fome.<\/p>\n<p style=\"text-align: justify;\"><strong>Per\u00edodo de veicula\u00e7\u00e3o:<\/strong> 1\u00ba a 19 de mar\u00e7o<\/p>\n<p style=\"text-align: justify;\"><strong>3\u00ba VT \u2013 COLETA DA SOLIDARIEDADE<\/strong><br \/>\nConte\u00fado: O terceiro VT, tamb\u00e9m com 45 segundos, convida para o gesto concreto da Quaresma de oferta \u00e0 Coleta Nacional da Solidariedade nas comunidades cat\u00f3licas, no Domingo de Ramos, dia 2 de abril. Apresenta tamb\u00e9m projetos apoiados pelo Fundo Nacional de Solidariedade e a possibilidade de doa\u00e7\u00e3o por meio de um QR Code.<\/p>\n<p><strong>Per\u00edodo de veicula\u00e7\u00e3o: <\/strong>20 de mar\u00e7o a 2 de abril<\/p>\n<p><strong>Link para baixar os VTs:<\/strong><br \/>\nOs v\u00eddeos poder\u00e3o ser baixados pelo meio deste link (<a href=\"https:\/\/cnbbne3-my.sharepoint.com\/:f:\/g\/personal\/imprensa_cnbb_org_br\/ElTWu-WyOG5Jn26zLYIV_osBbUlg8lfSG2YLivJ4EwQ-CA\" target=\"_blank\" rel=\"noopener\">aqui<\/a>) e tamb\u00e9m na parte de downloads do site <a href=\"https:\/\/campanhas.cnbb.org.br\/pastas\/cf-2023\" target=\"_blank\" rel=\"noopener\">campanhas.cnbb.org.br<\/a><\/p>\n","protected":false},"excerpt":{"rendered":"<p>A Assessoria de Comunica\u00e7\u00e3o da CNBB e a TV Aparecida produziram uma s\u00e9rie de tr\u00eas VTs sobre a Campanha da Fraternidade 2023. Os v\u00eddeos ser\u00e3o usados pelas TVs de inspira\u00e7\u00e3o cat\u00f3lica no intervalo de suas programa\u00e7\u00f5es, veiculados em redes sociais e tamb\u00e9m em momentos formativos sobre a Campanha da Fraternidade por toda a Igreja no Brasil<\/p>\n","protected":false},"author":142,"featured_media":938406,"comment_status":"open","ping_status":"open","sticky":false,"template":"","format":"standard","meta":{"site-sidebar-layout":"default","site-content-layout":"default","ast-global-header-display":"","ast-banner-title-visibility":"","ast-main-header-display":"","ast-hfb-above-header-display":"","ast-hfb-below-header-display":"","ast-hfb-mobile-header-display":"","site-post-title":"","ast-breadcrumbs-content":"","ast-featured-img":"","footer-sml-layout":"","theme-transparent-header-meta":"default","adv-header-id-meta":"","stick-header-meta":"","header-above-stick-meta":"","header-main-stick-meta":"","header-below-stick-meta":""},"categories":[50,760],"tags":[4149,4150],"acf":[],"_links":{"self":[{"href":"https:\/\/www.cnbb.org.br\/cnbb-app\/wp\/v2\/posts\/938405"}],"collection":[{"href":"https:\/\/www.cnbb.org.br\/cnbb-app\/wp\/v2\/posts"}],"about":[{"href":"https:\/\/www.cnbb.org.br\/cnbb-app\/wp\/v2\/types\/post"}],"author":[{"embeddable":true,"href":"https:\/\/www.cnbb.org.br\/cnbb-app\/wp\/v2\/users\/142"}],"replies":[{"embeddable":true,"href":"https:\/\/www.cnbb.org.br\/cnbb-app\/wp\/v2\/comments?post=938405"}],"version-history":[{"count":17,"href":"https:\/\/www.cnbb.org.br\/cnbb-app\/wp\/v2\/posts\/938405\/revisions"}],"predecessor-version":[{"id":939070,"href":"https:\/\/www.cnbb.org.br\/cnbb-app\/wp\/v2\/posts\/938405\/revisions\/939070"}],"wp:featuredmedia":[{"embeddable":true,"href":"https:\/\/www.cnbb.org.br\/cnbb-app\/wp\/v2\/media\/938406"}],"wp:attachment":[{"href":"https:\/\/www.cnbb.org.br\/cnbb-app\/wp\/v2\/media?parent=938405"}],"wp:term":[{"taxonomy":"category","embeddable":true,"href":"https:\/\/www.cnbb.org.br\/cnbb-app\/wp\/v2\/categories?post=938405"},{"taxonomy":"post_tag","embeddable":true,"href":"https:\/\/www.cnbb.org.br\/cnbb-app\/wp\/v2\/tags?post=938405"}],"curies":[{"name":"wp","href":"https:\/\/api.w.org\/{rel}","templated":true}]}}