{"id":938482,"date":"2023-02-06T15:47:13","date_gmt":"2023-02-06T18:47:13","guid":{"rendered":"https:\/\/www.cnbb.org.br\/?p=938482"},"modified":"2023-02-07T13:52:46","modified_gmt":"2023-02-07T16:52:46","slug":"1a-assembleia-da-comunicacao-eclesial","status":"publish","type":"post","link":"https:\/\/www.cnbb.org.br\/1a-assembleia-da-comunicacao-eclesial\/","title":{"rendered":"Pastorais e movimentos eclesiais partilham dores e alegrias na 1\u00aa Assembleia da Comunica\u00e7\u00e3o Eclesial"},"content":{"rendered":"<p style=\"text-align: justify;\">A Comiss\u00e3o Episcopal para a Comunica\u00e7\u00e3o Social da Confer\u00eancia Nacional dos Bispos do Brasil (CNBB) em parceria com a Pastoral da Comunica\u00e7\u00e3o do Brasil e a Signis realizaram no \u00faltimo s\u00e1bado, 4 de fevereiro, a 1\u00aa Assembleia da Comunica\u00e7\u00e3o Eclesial com participa\u00e7\u00e3o de 31 representantes respons\u00e1veis pela comunica\u00e7\u00e3o de pastorais, organismos e movimentos eclesiais da Igreja no Brasil.<\/p>\n<p style=\"text-align: justify;\">Esta primeira assembleia teve como objetivo ampliar o conhecimento das diferentes express\u00f5es de comunica\u00e7\u00e3o na Igreja no Brasil, a partir da escuta de suas alegrias e dores, tendo em vista o fortalecimento da sinergia em torno das a\u00e7\u00f5es comuns e em vista de um projeto de Comunica\u00e7\u00e3o Integrada na Igreja no Brasil.<\/p>\n<p style=\"text-align: justify;\">O bispo auxiliar de Belo Horizonte (MG) e presidente da Comiss\u00e3o Episcopal para a Comunica\u00e7\u00e3o da CNBB, dom Joaquim Giovani Mol, enalteceu o encontro de pessoas que respondem pela comunica\u00e7\u00e3o em diferentes express\u00f5es da Igreja no Brasil como uma oportunidade de trabalhar a uni\u00e3o, comunh\u00e3o e colegialidade no campo da comunica\u00e7\u00e3o eclesial.<\/p>\n<blockquote>\n<p style=\"text-align: justify;\">&#8220;Estou admirado de ver tantos representantes da comunica\u00e7\u00e3o de grupos diferentes, pastorais e institui\u00e7\u00f5es vinculadas com a Igreja Cat\u00f3lica reunidos nesta sala. Esta \u00e9 a 1\u00aa Assembleia de Comunica\u00e7\u00e3o Eclesial no Brasil&#8221;, disse no in\u00edcio da reuni\u00e3o.<\/p>\n<\/blockquote>\n<h3>Realidade da comunica\u00e7\u00e3o no Brasil e na Igreja<\/h3>\n<p>&nbsp;<\/p>\n<figure id=\"attachment_938522\" aria-describedby=\"caption-attachment-938522\" style=\"width: 300px\" class=\"wp-caption alignleft\"><img decoding=\"async\" loading=\"lazy\" class=\"wp-image-938522 size-medium\" src=\"https:\/\/www.cnbb.org.br\/wp-content\/uploads\/2023\/02\/Dom-Joaquim-mol-300x151.jpg\" alt=\"\" width=\"300\" height=\"151\" srcset=\"https:\/\/www.cnbb.org.br\/wp-content\/uploads\/2023\/02\/Dom-Joaquim-mol-300x151.jpg 300w, https:\/\/www.cnbb.org.br\/wp-content\/uploads\/2023\/02\/Dom-Joaquim-mol-768x386.jpg 768w, https:\/\/www.cnbb.org.br\/wp-content\/uploads\/2023\/02\/Dom-Joaquim-mol-500x251.jpg 500w, https:\/\/www.cnbb.org.br\/wp-content\/uploads\/2023\/02\/Dom-Joaquim-mol.jpg 934w\" sizes=\"(max-width: 300px) 100vw, 300px\" \/><figcaption id=\"caption-attachment-938522\" class=\"wp-caption-text\">Dom Mol, presidente da Comiss\u00e3o Episcopal de Comunica\u00e7\u00e3o da CNBB. | Fotos: print da reuni\u00e3o.<\/figcaption><\/figure>\n<p style=\"text-align: justify;\">Dom Mol fez refer\u00eancia \u00e0 estimativa do Instituto Brasileiro de Geografia e Estat\u00edstica (IBGE), do censo em curso, que aponta que a popula\u00e7\u00e3o brasileira est\u00e1 em 212 milh\u00f5es de pessoas. Destes, uma m\u00e9dia de 51% se declaram cat\u00f3licos, o que d\u00e1 cerca de 108 milh\u00f5es de fieis; Dos 51%, apenas 15%, cerca de 16 milh\u00f5es, t\u00eam algum tipo de participa\u00e7\u00e3o na vida eclesial (campanhas, celebra\u00e7\u00f5es&#8230;).<\/p>\n<p style=\"text-align: justify;\">Dom Mol pontuou que \u00e9 necess\u00e1rio ter esta realidade em mente para se fazer a pergunta: como est\u00e1 a Igreja Cat\u00f3lica e a sua comunica\u00e7\u00e3o? N\u00e3o s\u00f3 pelos meios de comunica\u00e7\u00e3o tradicionais, mas a sua comunica\u00e7\u00e3o, desde a que \u00e9 amparada por recursos tecnol\u00f3gicos at\u00e9 a comunica\u00e7\u00e3o de pessoa a pessoa?<\/p>\n<p style=\"text-align: justify;\">O bispo temperou os dados e a realidade com uma provoca\u00e7\u00e3o que tomou emprestada do escritor cat\u00f3lico e\u00a0 monge trapista da Abadia de Gethsemani, Tomas Merton: &#8220;O amor n\u00e3o \u00e9 \u00e1vido. O amor \u00e9 uma festa em que somos mais alimentados por servir aos outros do que por servir-nos a n\u00f3s mesmos&#8221;. Associando ao campo da comunica\u00e7\u00e3o, dom Mol disse que a\u00ed est\u00e1 a festa dos comunicadores cat\u00f3licos: &#8220;servir mais aos outros que a si mesmo&#8221;.<\/p>\n<p style=\"text-align: justify;\">O presidente da Comiss\u00e3o de Comunica\u00e7\u00e3o da CNBB disse que usou esta express\u00e3o para apontar que o campo da comunica\u00e7\u00e3o \u00e9 um universo onde a vaidade \u00e9 muito grande, no qual h\u00e1 pessoas que servem-se da comunica\u00e7\u00e3o mais para servir a si mesmos do que para servir aos outros e \u00e0 Igreja.<\/p>\n<p style=\"text-align: justify;\">Dom Mol tamb\u00e9m usou um texto escrito por Nizan Guanaes, publicado em um grande\u00a0 jornal de circula\u00e7\u00e3o nacional cujo t\u00edtulo \u00e9: &#8220;A Igreja Cat\u00f3lica precisa de uma nova narrativa&#8221;. No texto, o autor afirma que a Igreja Cat\u00f3lica foi uma &#8220;startup&#8221; criada por um jovem de 30 anos mas que n\u00e3o est\u00e1 sabendo se comunicar e se renovar nem mesmo mantendo a tradi\u00e7\u00e3o que passa de pai para filho. <span style=\"font-size: 16px;\">A an\u00e1lise de Nizan Guanaes, de acordo com dom Mol, aponta para o fato de que a Igreja n\u00e3o est\u00e1 conseguindo se conectar com a vida das pessoas, sobretudo com as gera\u00e7\u00f5es mais jovens. <\/span><\/p>\n<p style=\"text-align: justify;\"><span style=\"font-size: 16px;\">No mesmo texto, o autor cita Jeff Bezos que defende que s\u00f3 existem dois dias para uma organiza\u00e7\u00e3o. O &#8220;dia n\u00ba 1&#8221; no qual ela \u00e9 cheia de energia, inventiva, cresce e surpreende. E o &#8220;dia n\u00ba 2&#8221;, no qual ela entra no c\u00e9u de brigadeiro, no piloto autom\u00e1tico e cai ou desce. Dom Mol, provocou o grupo a pensar em qual dia a comunica\u00e7\u00e3o na Igreja no Brasil est\u00e1?<\/span><\/p>\n<p style=\"text-align: justify;\">Dom Mol defendeu que a comunica\u00e7\u00e3o esteja muito ligada \u00e0 miss\u00e3o da Igreja. &#8220;N\u00e3o podemos perder nada do que o Papa Francisco fala sobre comunica\u00e7\u00e3o&#8217;, disse. O bispo retomou uma fala de Francisco, feita na assembleia para o Dicast\u00e9rio para a Comunica\u00e7\u00e3o, no dia 12 de novembro de 2022. &#8220;\u00c9 preciso uma comunica\u00e7\u00e3o que seja capaz de combater a cal\u00fania, a viol\u00eancia verbal, o personalismo e o fundamentalismo&#8217;.<\/p>\n<h3>Dores e alegrias na comunica\u00e7\u00e3o na Igreja<\/h3>\n<p style=\"text-align: justify;\">\u00c0 fala de dom Mol, seguiu-se a partilha das alegrias e dores vivenciadas no campo da comunica\u00e7\u00e3o pelas pastorais, organismos e movimentos eclesiais da Igreja no Brasil.<\/p>\n<p style=\"text-align: justify;\">Falaram representantes da Pastoral da Pessoa Idosa, Pastoral do Menor, Apostolado da Ora\u00e7\u00e3o, Pastoral Nipo-Brasileira, M\u00e3es que Oram pelos Filhos, Renova\u00e7\u00e3o Crist\u00e3 do Brasil, Pastoral Familiar, Pontif\u00edcias Obras Mission\u00e1rias, Movimento Comunh\u00e3o e Liberta\u00e7\u00e3o, Pastoral Afro, C\u00e1ritas Brasileira, Ceb&#8217;s Brasil, Pastoral dos Pescadores, Jovens Conectados, Pastoral Nacional do Povo de Rua, Movimento Familiar Crist\u00e3o, Servi\u00e7o Brasileiro de Comunh\u00e3o Charis, Comunica\u00e7\u00e3o da Pastoral Familiar, Confer\u00eancia dos Religiosos do Brasil, Movimento dos Folcolares e a Ordem dos Carmelitas Descal\u00e7os Seculares.<\/p>\n<p style=\"text-align: justify;\">O grupo refletiu sobre a seguinte pergunta ap\u00f3s as partilhas: &#8220;A partir das alegrias e tristezas, ouvidas no momento de escuta, quais projetos em comum poder\u00edamos encaminhar para a Comunica\u00e7\u00e3o Integrada?&#8221;<\/p>\n<h3>Diret\u00f3rio de Comunica\u00e7\u00e3o da Igreja no Brasil<\/h3>\n<p style=\"text-align: justify;\"><img decoding=\"async\" loading=\"lazy\" class=\"wp-image-938499 size-medium alignright\" src=\"https:\/\/www.cnbb.org.br\/wp-content\/uploads\/2023\/02\/Moises-e1675733176733-300x201.jpg\" alt=\"\" width=\"300\" height=\"201\" srcset=\"https:\/\/www.cnbb.org.br\/wp-content\/uploads\/2023\/02\/Moises-e1675733176733-300x200.jpg 300w, https:\/\/www.cnbb.org.br\/wp-content\/uploads\/2023\/02\/Moises-e1675733176733-768x515.jpg 768w, https:\/\/www.cnbb.org.br\/wp-content\/uploads\/2023\/02\/Moises-e1675733176733-500x336.jpg 500w, https:\/\/www.cnbb.org.br\/wp-content\/uploads\/2023\/02\/Moises-e1675733176733.jpg 976w\" sizes=\"(max-width: 300px) 100vw, 300px\" \/>O professor Mois\u00e9s Sbardelotto, coordenador do Grupo de Reflex\u00e3o sobre a Comunica\u00e7\u00e3o (Grecom) e professor da PUC Minas, apresentou o processo de atualiza\u00e7\u00e3o do Diret\u00f3rio de Comunica\u00e7\u00e3o da Igreja no Brasil aprovado em 2014 sob o n\u00famero 99.<\/p>\n<p style=\"text-align: justify;\">Passados 10 anos, segundo Sbardelotto, muita coisa evoluiu no campo da comunica\u00e7\u00e3o e foi necess\u00e1rio tamb\u00e9m incorporar as contribui\u00e7\u00f5es do magist\u00e9rio do Papa Francisco para o documento, dois pontos que apontaram para a necessidade de sua renova\u00e7\u00e3o. O professor pontuou que o pr\u00f3prio processo de renova\u00e7\u00e3o do documento seguiu uma inspira\u00e7\u00e3o sinodal.<\/p>\n<p style=\"text-align: justify;\">Mois\u00e9s explicou que foi feita a releitura de cada um dos cap\u00edtulos com apontamento de quest\u00f5es que precisavam ser atualizadas, incluindo a evolu\u00e7\u00e3o no campo da comunica\u00e7\u00e3o, sobretudo a digital, com o processo de &#8220;desinforma\u00e7\u00e3o&#8221; e info-demia. Buscou-se, segundo ele, um texto acess\u00edvel para o contexto e a compreens\u00e3o de todo o povo de Deus, com linguagem mais inclusiva, conciliar e sinodal. Dos 261 par\u00e1grafos, o diret\u00f3rio passou a ter 352 par\u00e1grafos. O documento ser\u00e1 publicado pela Edi\u00e7\u00f5es CNBB.<\/p>\n<h3>Encaminhamentos<\/h3>\n<p style=\"text-align: justify;\">Ap\u00f3s a partilha, a reuni\u00e3o encaminhou a necessidade de sistematizar as informa\u00e7\u00f5es e sugest\u00f5es oferecidas pelo grupo no sentido de fortalecer a comunica\u00e7\u00e3o integrada na Igreja. Um ponto que o grupo colocou foi a necessidade de ter acesso aos os contatos dos participantes. A segunda assembleia eclesial ser\u00e1 dia 16 de setembro, das 9h ao 12h.<\/p>\n<p style=\"text-align: justify;\">O assessor de comunica\u00e7\u00e3o interino da CNBB, Willian Bonfim, deu o informe sobre o processo de moderniza\u00e7\u00e3o da marca CNBB, passou o link para acesso ao<a href=\"https:\/\/www.cnbb.org.br\/wp-content\/uploads\/2023\/01\/manual_de_identidade_visual_cnbb.pdf\"> Manual da Identidade Visual<\/a>, com o pedido de que todos colaborem no sentido de manter a sua correta aplica\u00e7\u00e3o. Tamb\u00e9m foi apresentado o site de <a href=\"https:\/\/campanhas.cnbb.org.br\/campanha\/campanha-da-fraternidade-2023\" target=\"_blank\" rel=\"noopener\">Campanhas.cnbb.org.br<\/a> com um pedido de que o grupo ajude a disseminar as informa\u00e7\u00f5es da Campanha de 2023 quer vai tratar sobre o tema &#8220;Fraternidade e Fome&#8221;.<\/p>\n<p><img decoding=\"async\" loading=\"lazy\" class=\"aligncenter wp-image-938503 size-large\" src=\"https:\/\/www.cnbb.org.br\/wp-content\/uploads\/2023\/02\/Participantes-1a-Assembleia-Eclesial-da-Comunicacao-e1675733107897-1024x500.jpg\" alt=\"\" width=\"1024\" height=\"500\" srcset=\"https:\/\/www.cnbb.org.br\/wp-content\/uploads\/2023\/02\/Participantes-1a-Assembleia-Eclesial-da-Comunicacao-e1675733107897-1024x500.jpg 1024w, https:\/\/www.cnbb.org.br\/wp-content\/uploads\/2023\/02\/Participantes-1a-Assembleia-Eclesial-da-Comunicacao-e1675733107897-300x146.jpg 300w, https:\/\/www.cnbb.org.br\/wp-content\/uploads\/2023\/02\/Participantes-1a-Assembleia-Eclesial-da-Comunicacao-e1675733107897-768x375.jpg 768w, https:\/\/www.cnbb.org.br\/wp-content\/uploads\/2023\/02\/Participantes-1a-Assembleia-Eclesial-da-Comunicacao-e1675733107897-500x244.jpg 500w, https:\/\/www.cnbb.org.br\/wp-content\/uploads\/2023\/02\/Participantes-1a-Assembleia-Eclesial-da-Comunicacao-e1675733107897.jpg 1311w\" sizes=\"(max-width: 1024px) 100vw, 1024px\" \/><\/p>\n<p>&nbsp;<\/p>\n<p>&nbsp;<\/p>\n<p>&nbsp;<\/p>\n","protected":false},"excerpt":{"rendered":"<p>Esta primeira assembleia teve como objetivo ampliar o conhecimento das diferentes express\u00f5es de comunica\u00e7\u00e3o na Igreja no Brasil, a partir da escuta de suas alegrias e dores, tendo em vista o fortalecimento da sinergia em torno das a\u00e7\u00f5es comuns e em vista de um projeto de Comunica\u00e7\u00e3o Integrada na Igreja no Brasil<\/p>\n","protected":false},"author":142,"featured_media":938498,"comment_status":"open","ping_status":"open","sticky":false,"template":"","format":"standard","meta":{"site-sidebar-layout":"default","site-content-layout":"default","ast-global-header-display":"","ast-banner-title-visibility":"","ast-main-header-display":"","ast-hfb-above-header-display":"","ast-hfb-below-header-display":"","ast-hfb-mobile-header-display":"","site-post-title":"","ast-breadcrumbs-content":"","ast-featured-img":"","footer-sml-layout":"","theme-transparent-header-meta":"default","adv-header-id-meta":"","stick-header-meta":"","header-above-stick-meta":"","header-main-stick-meta":"","header-below-stick-meta":""},"categories":[878,50],"tags":[4905,4906],"acf":[],"_links":{"self":[{"href":"https:\/\/www.cnbb.org.br\/cnbb-app\/wp\/v2\/posts\/938482"}],"collection":[{"href":"https:\/\/www.cnbb.org.br\/cnbb-app\/wp\/v2\/posts"}],"about":[{"href":"https:\/\/www.cnbb.org.br\/cnbb-app\/wp\/v2\/types\/post"}],"author":[{"embeddable":true,"href":"https:\/\/www.cnbb.org.br\/cnbb-app\/wp\/v2\/users\/142"}],"replies":[{"embeddable":true,"href":"https:\/\/www.cnbb.org.br\/cnbb-app\/wp\/v2\/comments?post=938482"}],"version-history":[{"count":29,"href":"https:\/\/www.cnbb.org.br\/cnbb-app\/wp\/v2\/posts\/938482\/revisions"}],"predecessor-version":[{"id":938555,"href":"https:\/\/www.cnbb.org.br\/cnbb-app\/wp\/v2\/posts\/938482\/revisions\/938555"}],"wp:featuredmedia":[{"embeddable":true,"href":"https:\/\/www.cnbb.org.br\/cnbb-app\/wp\/v2\/media\/938498"}],"wp:attachment":[{"href":"https:\/\/www.cnbb.org.br\/cnbb-app\/wp\/v2\/media?parent=938482"}],"wp:term":[{"taxonomy":"category","embeddable":true,"href":"https:\/\/www.cnbb.org.br\/cnbb-app\/wp\/v2\/categories?post=938482"},{"taxonomy":"post_tag","embeddable":true,"href":"https:\/\/www.cnbb.org.br\/cnbb-app\/wp\/v2\/tags?post=938482"}],"curies":[{"name":"wp","href":"https:\/\/api.w.org\/{rel}","templated":true}]}}