{"id":938529,"date":"2023-02-06T11:00:08","date_gmt":"2023-02-06T14:00:08","guid":{"rendered":"https:\/\/www.cnbb.org.br\/?p=938529"},"modified":"2023-02-07T10:04:14","modified_gmt":"2023-02-07T13:04:14","slug":"inscricoes-abertas-pos-graduacao-em-teologia-pastoral-da-puc-minas","status":"publish","type":"post","link":"https:\/\/www.cnbb.org.br\/inscricoes-abertas-pos-graduacao-em-teologia-pastoral-da-puc-minas\/","title":{"rendered":"Abertas inscri\u00e7\u00f5es para a p\u00f3s-gradua\u00e7\u00e3o em Teologia Pastoral da PUC Minas"},"content":{"rendered":"<p style=\"text-align: justify;\">O curso de p\u00f3s-gradua\u00e7\u00e3o em Teologia Pastoral da PUC Minas est\u00e1 com inscri\u00e7\u00f5es abertas para turmas de 2023. A especializa\u00e7\u00e3o tem o objetivo de criar espa\u00e7os de discuss\u00e3o do papel das Igrejas na sociedade. O curso \u00e9 ofertado na modalidade online com aulas ao vivo, \u00e0s segundas e quartas-feiras, das 19h \u00e0s 22h30.<\/p>\n<p style=\"text-align: justify;\">Al\u00e9m dos espa\u00e7os criados, o curso pretende ser uma oportunidade de aprofundamento teol\u00f3gico-pr\u00e1tico para os ministros das Igrejas, cl\u00e9rigos ou agentes evangelizadores, ajudando-os a pensar uma pastoral transformadora e consciente da import\u00e2ncia da a\u00e7\u00e3o-reflex\u00e3o (pr\u00e1xis), o sujeito transformando o mundo se transforma e vice-versa, na pr\u00e1tica pastoral das Igrejas crist\u00e3s.<\/p>\n<p style=\"text-align: justify;\">As inscri\u00e7\u00f5es podem ser feitas at\u00e9 27 de fevereiro e a matr\u00edcula do dia 10 a 13 de mar\u00e7o. As aulas come\u00e7am a partir de 3 de abril de 2023.<\/p>\n<p><strong><a href=\"https:\/\/www.pucminas.br\/Pos-Graduacao\/IEC\/Cursos\/Paginas\/Teologia-Pastoral_Online.aspx?PageID=4156&amp;moda=5&amp;modaTipo=2&amp;polo=40&amp;curso=1181&amp;situ=1\" target=\"_blank\" rel=\"noopener\">Mais informa\u00e7\u00f5es aqui<\/a><\/strong><\/p>\n<p style=\"text-align: justify;\">\n","protected":false},"excerpt":{"rendered":"<p>As inscri\u00e7\u00f5es podem ser feitas at\u00e9 27 de fevereiro e a matr\u00edcula do dia 10 a 13 de mar\u00e7o. As aulas come\u00e7am a partir de 3 de abril de 2023. A forma\u00e7\u00e3o pretende ser uma oportunidade de aprofundamento teol\u00f3gico-pr\u00e1tico para os ministros das Igrejas, cl\u00e9rigos ou agentes evangelizadores, ajudando-os a pensar uma pastoral transformadora e consciente<\/p>\n","protected":false},"author":83,"featured_media":938530,"comment_status":"open","ping_status":"open","sticky":false,"template":"","format":"standard","meta":{"site-sidebar-layout":"default","site-content-layout":"default","ast-global-header-display":"","ast-banner-title-visibility":"","ast-main-header-display":"","ast-hfb-above-header-display":"","ast-hfb-below-header-display":"","ast-hfb-mobile-header-display":"","site-post-title":"","ast-breadcrumbs-content":"","ast-featured-img":"","footer-sml-layout":"","theme-transparent-header-meta":"default","adv-header-id-meta":"","stick-header-meta":"","header-above-stick-meta":"","header-main-stick-meta":"","header-below-stick-meta":""},"categories":[50,1851],"tags":[],"acf":[],"_links":{"self":[{"href":"https:\/\/www.cnbb.org.br\/cnbb-app\/wp\/v2\/posts\/938529"}],"collection":[{"href":"https:\/\/www.cnbb.org.br\/cnbb-app\/wp\/v2\/posts"}],"about":[{"href":"https:\/\/www.cnbb.org.br\/cnbb-app\/wp\/v2\/types\/post"}],"author":[{"embeddable":true,"href":"https:\/\/www.cnbb.org.br\/cnbb-app\/wp\/v2\/users\/83"}],"replies":[{"embeddable":true,"href":"https:\/\/www.cnbb.org.br\/cnbb-app\/wp\/v2\/comments?post=938529"}],"version-history":[{"count":4,"href":"https:\/\/www.cnbb.org.br\/cnbb-app\/wp\/v2\/posts\/938529\/revisions"}],"predecessor-version":[{"id":938534,"href":"https:\/\/www.cnbb.org.br\/cnbb-app\/wp\/v2\/posts\/938529\/revisions\/938534"}],"wp:featuredmedia":[{"embeddable":true,"href":"https:\/\/www.cnbb.org.br\/cnbb-app\/wp\/v2\/media\/938530"}],"wp:attachment":[{"href":"https:\/\/www.cnbb.org.br\/cnbb-app\/wp\/v2\/media?parent=938529"}],"wp:term":[{"taxonomy":"category","embeddable":true,"href":"https:\/\/www.cnbb.org.br\/cnbb-app\/wp\/v2\/categories?post=938529"},{"taxonomy":"post_tag","embeddable":true,"href":"https:\/\/www.cnbb.org.br\/cnbb-app\/wp\/v2\/tags?post=938529"}],"curies":[{"name":"wp","href":"https:\/\/api.w.org\/{rel}","templated":true}]}}