{"id":938653,"date":"2023-02-09T11:24:51","date_gmt":"2023-02-09T14:24:51","guid":{"rendered":"https:\/\/www.cnbb.org.br\/?p=938653"},"modified":"2023-02-09T11:25:07","modified_gmt":"2023-02-09T14:25:07","slug":"a-graca-do-chamado","status":"publish","type":"post","link":"https:\/\/www.cnbb.org.br\/a-graca-do-chamado\/","title":{"rendered":"A gra\u00e7a do chamado"},"content":{"rendered":"<p style=\"text-align: right;\"><strong>Dom Alberto Taveira Corr\u00eaa\u00a0<\/strong><br \/>\n<strong>Arcebispo de Bel\u00e9m do Par\u00e1 (PA)<\/strong><\/p>\n<p>&nbsp;<\/p>\n<p style=\"text-align: justify;\"><span data-contrast=\"auto\">A Arquidiocese de Bel\u00e9m celebra neste pr\u00f3ximo Domingo mais uma Jornada Vocacional, nascida da convic\u00e7\u00e3o de que, na palavra de S\u00e3o Jo\u00e3o Paulo II, n\u00e3o existe crist\u00e3o sem voca\u00e7\u00e3o. De fato, \u00e9 necess\u00e1rio criar uma \u201ccultura vocacional\u201d, que suscite nas fam\u00edlias, nas Comunidades e Par\u00f3quias a impactante e decisiva pergunta sobre o que Deus quer de cada pessoa. N\u00e3o basta perguntar a uma crian\u00e7a, adolescente, jovem ou adulto o que quer fazer na vida. Faz parte de nossa f\u00e9 a certeza de que n\u00f3s entramos no Plano de Amor e Salva\u00e7\u00e3o de Deus. N\u00e3o somos um acaso, muito menos descart\u00e1veis ou insignificantes! Deus nos leva a s\u00e9rio, e desde toda a eternidade pensou em n\u00f3s e pronuncia o nosso nome, incluindo-nos entre seus filhos. A vida se torna, ent\u00e3o, resposta a este amor, muito mais do que uma constru\u00e7\u00e3o cujas pe\u00e7as s\u00f3 dependem de nossos humores ou inclina\u00e7\u00f5es de momento!<\/span><span data-ccp-props=\"{&quot;201341983&quot;:0,&quot;335551550&quot;:6,&quot;335551620&quot;:6,&quot;335559731&quot;:708,&quot;335559739&quot;:160,&quot;335559740&quot;:276}\">\u00a0<\/span><\/p>\n<p style=\"text-align: justify;\"><span data-contrast=\"auto\">Nossa Igreja acolhe e abra\u00e7a o Tema do Terceiro Ano Vocacional do Brasil \u2013 Voca\u00e7\u00e3o, gra\u00e7a e Miss\u00e3o \u2013, com o positivo e provocante lema, iluminado pela experi\u00eancia dos disc\u00edpulos de Ema\u00fas: \u201cCora\u00e7\u00f5es ardentes, p\u00e9s a caminho\u201d (Cf. Lc 24,32-33).<\/span><span data-ccp-props=\"{&quot;201341983&quot;:0,&quot;335551550&quot;:6,&quot;335551620&quot;:6,&quot;335559731&quot;:708,&quot;335559739&quot;:160,&quot;335559740&quot;:276}\">\u00a0<\/span><\/p>\n<p style=\"text-align: justify;\"><span data-contrast=\"auto\">Nestes dias, v\u00e1rios eventos e pessoas neles envolvidos nos impactaram positivamente. Colocamos em relevo a s\u00e9rie de celebra\u00e7\u00f5es de posse de sacerdotes em nossa Arquidiocese. Deus tem nos dado a gra\u00e7a de testemunhar a alegria daqueles que, na obedi\u00eancia e no ardor mission\u00e1rio, acolhem o chamado a novas miss\u00f5es. As Missas de posse dos padres tem sido uma imensa alegria, verdadeiras festas, testemunhadas de perto pelos Bispos, que fazem uma peregrina\u00e7\u00e3o pelas Par\u00f3quias, entregando ao povo de Deus os sacerdotes que chegam carregados de esp\u00edrito mission\u00e1rio.<\/span><span data-ccp-props=\"{&quot;201341983&quot;:0,&quot;335551550&quot;:6,&quot;335551620&quot;:6,&quot;335559731&quot;:708,&quot;335559739&quot;:160,&quot;335559740&quot;:276}\">\u00a0<\/span><\/p>\n<p style=\"text-align: justify;\"><span data-contrast=\"auto\">A Arquidiocese tem respondido positivamente aos apelos da Igreja e do Papa, com quatro sacerdotes diocesanos mission\u00e1rios. Na Prelazia de Itacoatiara \u2013 AM est\u00e1 o Padre Lucivaldo Corr\u00eaa da Silva. Padre Gabriel Marruaz \u00e9 nosso mission\u00e1rio na Diocese de Humait\u00e1 \u2013 AM. Nesta semana chegam \u00e0 Prelazia do Alto Xingu \u2013 Tucum\u00e3 o C\u00f4nego Jos\u00e9 Luiz Alves Fernandes e o Padre Valdinei de Lima Silva. Desejamos depositar no cora\u00e7\u00e3o dos padres mission\u00e1rios aqui ou em outras Dioceses ou Prelazias as palavras de um canto lit\u00fargico que nos veio \u00e0 mem\u00f3ria h\u00e1 poucos dias: \u201cSubamos jubilosos ao Altar de Deus! Ao sagrado Altar nos guiem sua verdade e sua justi\u00e7a, a oferecer o sacrif\u00edcio, que lhe d\u00e1 gl\u00f3ria infinita. Ao Deus Santo celebremos, que nos enche de alegria, e subamos \u00e0 montanha, onde Deus se sacrifica. Ofere\u00e7amos todos juntos, esta V\u00edtima Divina, que se imola por n\u00f3s todos, para dar-nos luz e vida\u201d.<\/span><span data-ccp-props=\"{&quot;201341983&quot;:0,&quot;335551550&quot;:6,&quot;335551620&quot;:6,&quot;335559731&quot;:708,&quot;335559739&quot;:160,&quot;335559740&quot;:276}\">\u00a0<\/span><\/p>\n<p style=\"text-align: justify;\"><span data-contrast=\"auto\">E o Ano Vocacional come\u00e7a com sete ordena\u00e7\u00f5es presbiterais e tr\u00eas ordena\u00e7\u00f5es diaconais. Aos sete de janeiro, ordenei tr\u00eas sacerdotes da Obra de Maria, Padre Rafael Dion\u00edsio de Souza, Padre Ricardo Teixeira Dias e Padre William Praxedes da Silva, agora Mission\u00e1rios da Arquidiocese e de sua Comunidade em lugares diferentes, al\u00e9m de Anderson Carlos Rocha da Silva, \u00c2ngelo J\u00fanior Francisco da Silva e Castigo Nheerezane Tenesse, tr\u00eas Di\u00e1conos, que se preparam ao Sacerd\u00f3cio. No dia 29 de janeiro, em P\u00e1cora, na Col\u00f4mbia, tive a alegria de ordenar o Padre Jonathan Durango, que h\u00e1 v\u00e1rios anos veio daquele pa\u00eds para nossa Arquidiocese, membro do Movimento Providentino, funda\u00e7\u00e3o genu\u00edna de Bel\u00e9m. Tendo feito aqui toda a sua forma\u00e7\u00e3o sacerdotal, foi ordenado em sua cidade de origem, que teve ali a primeira celebra\u00e7\u00e3o desse Sacramento em toda a sua hist\u00f3ria. Agora, retorna a Bel\u00e9m, engajando-se em nossas atividades pastorais, como Vig\u00e1rio Paroquial e membro da Comiss\u00e3o Arquidiocesana de Catequese.<\/span><span data-ccp-props=\"{&quot;201341983&quot;:0,&quot;335551550&quot;:6,&quot;335551620&quot;:6,&quot;335559731&quot;:708,&quot;335559739&quot;:160,&quot;335559740&quot;:276}\">\u00a0<\/span><\/p>\n<p style=\"text-align: justify;\"><span data-contrast=\"auto\">Expressando a variedade das voca\u00e7\u00f5es, foi por mim presidida na Bas\u00edlica de Nazar\u00e9, a ordena\u00e7\u00e3o de tr\u00eas padres Barnabitas, no dia 4 de fevereiro, Andr\u00e9 Patrick Maria Cardoso do Nascimento, Bruno Maria dos Santos Barbosa Pinheiro e Josu\u00e9 Maria de Sousa Bosco. Naquela radiosa manh\u00e3, o Senhor nos inspirou, atrav\u00e9s dos lemas por eles escolhidos, palavras que iluminam a compreens\u00e3o da voca\u00e7\u00e3o sacerdotal e religiosa: \u201cTu me seduziste, Senhor, e eu me deixei seduzir! Foste mais forte do que eu e obtiveste o triunfo! (Jr 20,7) expressa a for\u00e7a irresist\u00edvel do chamado do Senhor! Por caminhos diversos, ele continua chamando jovens ao sacerd\u00f3cio! Quando Maria diz \u201cEis aqui a serva do Senhor! Fa\u00e7a-se em mim segundo a tua palavra\u201d (Lc 1,38), os vocacionados podem descobrir a for\u00e7a da consagra\u00e7\u00e3o, un\u00e7\u00e3o do Esp\u00edrito que os separa para o seu servi\u00e7o no servi\u00e7o ao Povo de Deus.\u00a0 A mesma Maria disse aos que estavam servindo nas Bodas de Can\u00e1: \u201cFazei tudo o que ele vos disser!\u201d (Jo 2,5). E os que s\u00e3o ordenados s\u00e3o conduzidos \u00e0 miss\u00e3o, enviados ao mundo para o servi\u00e7o pastoral. Chamados, consagrados e enviados! Grande aventura, na for\u00e7a da gra\u00e7a!<\/span><span data-ccp-props=\"{&quot;201341983&quot;:0,&quot;335551550&quot;:6,&quot;335551620&quot;:6,&quot;335559731&quot;:708,&quot;335559739&quot;:160,&quot;335559740&quot;:276}\">\u00a0<\/span><\/p>\n<p style=\"text-align: justify;\"><span data-contrast=\"auto\">Nosso Senhor, ao despedir-se de seus Ap\u00f3stolos, entregou-lhes e \u00e0 Igreja tr\u00eas tarefas fundamentais. A miss\u00e3o prof\u00e9tica, na gra\u00e7a da Palavra a ser anunciada, de modo especial na Evangeliza\u00e7\u00e3o Querigm\u00e1tica, a Catequese e a Prega\u00e7\u00e3o. Pregar em todo tempo, levar a Boa Nova at\u00e9 os confins da terra! Depois, a Igreja alcan\u00e7a os cumes da Santifica\u00e7\u00e3o, na Eucaristia, nos demais Sacramentos e na Ora\u00e7\u00e3o. Desse monte, desce \u00e0 plan\u00edcie do mundo com a miss\u00e3o Pastoral, em vista do Reino de Deus que h\u00e1 de crescer, na caridade, na forma\u00e7\u00e3o de Comunidades vivas, no servi\u00e7o a todos, especialmente os \u00faltimos, os mais pobres e os sofredores.<\/span><span data-ccp-props=\"{&quot;201341983&quot;:0,&quot;335551550&quot;:6,&quot;335551620&quot;:6,&quot;335559731&quot;:708,&quot;335559739&quot;:160,&quot;335559740&quot;:276}\">\u00a0<\/span><\/p>\n<p style=\"text-align: justify;\"><span data-contrast=\"auto\">No dia 1\u00b0 de fevereiro, mais uma gra\u00e7a de voca\u00e7\u00e3o, com a nomea\u00e7\u00e3o do Padre Paulo Andreolli, SX, como Bispo Auxiliar de Bel\u00e9m. Sua ordena\u00e7\u00e3o Episcopal est\u00e1 marcada para o dia 15 de abril de 2023, na Catedral Metropolitana de Bel\u00e9m.<\/span><span data-ccp-props=\"{&quot;201341983&quot;:0,&quot;335551550&quot;:6,&quot;335551620&quot;:6,&quot;335559731&quot;:708,&quot;335559739&quot;:160,&quot;335559740&quot;:276}\">\u00a0<\/span><\/p>\n<p style=\"text-align: justify;\"><span data-contrast=\"auto\">Durante este Ano Vocacional, outras ordena\u00e7\u00f5es de Padres e Di\u00e1conos v\u00e3o acontecer em nossa Igreja, como ventos do Esp\u00edrito que sopra onde quer! Demos gra\u00e7as a Deus!<\/span><span data-ccp-props=\"{&quot;201341983&quot;:0,&quot;335551550&quot;:6,&quot;335551620&quot;:6,&quot;335559731&quot;:708,&quot;335559739&quot;:160,&quot;335559740&quot;:276}\">\u00a0<\/span><\/p>\n","protected":false},"excerpt":{"rendered":"<p>Dom Alberto Taveira Corr\u00eaa\u00a0 Arcebispo de Bel\u00e9m do Par\u00e1 (PA) &nbsp; A Arquidiocese de Bel\u00e9m celebra neste pr\u00f3ximo Domingo mais uma Jornada Vocacional, nascida da convic\u00e7\u00e3o de que, na palavra de S\u00e3o Jo\u00e3o Paulo II, n\u00e3o existe crist\u00e3o sem voca\u00e7\u00e3o. De fato, \u00e9 necess\u00e1rio criar uma \u201ccultura vocacional\u201d, que suscite nas fam\u00edlias, nas Comunidades e &hellip;<\/p>\n<p class=\"read-more\"> <a class=\"\" href=\"https:\/\/www.cnbb.org.br\/a-graca-do-chamado\/\"> <span class=\"screen-reader-text\">A gra\u00e7a do chamado<\/span> Leia mais &raquo;<\/a><\/p>\n","protected":false},"author":21,"featured_media":0,"comment_status":"open","ping_status":"open","sticky":false,"template":"","format":"standard","meta":{"site-sidebar-layout":"default","site-content-layout":"default","ast-global-header-display":"","ast-banner-title-visibility":"","ast-main-header-display":"","ast-hfb-above-header-display":"","ast-hfb-below-header-display":"","ast-hfb-mobile-header-display":"","site-post-title":"","ast-breadcrumbs-content":"","ast-featured-img":"","footer-sml-layout":"","theme-transparent-header-meta":"default","adv-header-id-meta":"","stick-header-meta":"","header-above-stick-meta":"","header-main-stick-meta":"","header-below-stick-meta":""},"categories":[758],"tags":[],"acf":[],"_links":{"self":[{"href":"https:\/\/www.cnbb.org.br\/cnbb-app\/wp\/v2\/posts\/938653"}],"collection":[{"href":"https:\/\/www.cnbb.org.br\/cnbb-app\/wp\/v2\/posts"}],"about":[{"href":"https:\/\/www.cnbb.org.br\/cnbb-app\/wp\/v2\/types\/post"}],"author":[{"embeddable":true,"href":"https:\/\/www.cnbb.org.br\/cnbb-app\/wp\/v2\/users\/21"}],"replies":[{"embeddable":true,"href":"https:\/\/www.cnbb.org.br\/cnbb-app\/wp\/v2\/comments?post=938653"}],"version-history":[{"count":2,"href":"https:\/\/www.cnbb.org.br\/cnbb-app\/wp\/v2\/posts\/938653\/revisions"}],"predecessor-version":[{"id":938655,"href":"https:\/\/www.cnbb.org.br\/cnbb-app\/wp\/v2\/posts\/938653\/revisions\/938655"}],"wp:attachment":[{"href":"https:\/\/www.cnbb.org.br\/cnbb-app\/wp\/v2\/media?parent=938653"}],"wp:term":[{"taxonomy":"category","embeddable":true,"href":"https:\/\/www.cnbb.org.br\/cnbb-app\/wp\/v2\/categories?post=938653"},{"taxonomy":"post_tag","embeddable":true,"href":"https:\/\/www.cnbb.org.br\/cnbb-app\/wp\/v2\/tags?post=938653"}],"curies":[{"name":"wp","href":"https:\/\/api.w.org\/{rel}","templated":true}]}}