{"id":938862,"date":"2023-02-14T13:36:08","date_gmt":"2023-02-14T16:36:08","guid":{"rendered":"https:\/\/www.cnbb.org.br\/?p=938862"},"modified":"2023-02-14T13:40:09","modified_gmt":"2023-02-14T16:40:09","slug":"comissao-inicia-processo-de-elaboracao-das-diretrizes-para-o-servico-de-animacao-vocacional-do-brasil","status":"publish","type":"post","link":"https:\/\/www.cnbb.org.br\/comissao-inicia-processo-de-elaboracao-das-diretrizes-para-o-servico-de-animacao-vocacional-do-brasil\/","title":{"rendered":"Comiss\u00e3o inicia processo de elabora\u00e7\u00e3o das Diretrizes para o Servi\u00e7o de Anima\u00e7\u00e3o Vocacional do Brasil\u00a0"},"content":{"rendered":"<p style=\"text-align: justify;\"><span data-contrast=\"auto\">A Comiss\u00e3o que est\u00e1 elaborando as Diretrizes para o Servi\u00e7o de Anima\u00e7\u00e3o Vocacional do Brasil esteve realizando sua primeira reuni\u00e3o, de forma online, nesta ter\u00e7a-feira, 14 de fevereiro, com o objetivo de partilhar as primeiras considera\u00e7\u00f5es sobre a reda\u00e7\u00e3o do Documento.<\/span><span data-ccp-props=\"{&quot;201341983&quot;:0,&quot;335551550&quot;:6,&quot;335551620&quot;:6,&quot;335559739&quot;:160,&quot;335559740&quot;:259}\">\u00a0<\/span><\/p>\n<p style=\"text-align: justify;\"><span data-contrast=\"auto\">O projeto das Diretrizes foi uma das indica\u00e7\u00f5es do \u00faltimo Congresso Vocacional do Brasil e a proposta \u00e9 que o Documento seja composto por tr\u00eas cap\u00edtulos: Voca\u00e7\u00e3o: chamado e resposta ao amor; Um caminho de comunh\u00e3o; Planejar \u00e9 preciso.<\/span><span data-ccp-props=\"{&quot;201341983&quot;:0,&quot;335551550&quot;:6,&quot;335551620&quot;:6,&quot;335559739&quot;:160,&quot;335559740&quot;:259}\">\u00a0<\/span><\/p>\n<p style=\"text-align: justify;\"><span data-contrast=\"auto\">Padre Juarez Destro, assessor da Comiss\u00e3o para os Minist\u00e9rios Ordenados e a Vida Consagrada da Confer\u00eancia Nacional dos Bispos do Brasil (CNBB), explicou que tr\u00eas subcomiss\u00f5es trabalharam em separado para confeccionar o texto e que, na reuni\u00e3o de hoje, os membros puderam partilhar observa\u00e7\u00f5es e indica\u00e7\u00f5es.<\/span><span data-ccp-props=\"{&quot;201341983&quot;:0,&quot;335551550&quot;:6,&quot;335551620&quot;:6,&quot;335559739&quot;:160,&quot;335559740&quot;:259}\">\u00a0<\/span><\/p>\n<p style=\"text-align: justify;\"><span data-contrast=\"auto\">Um dos participantes, <\/span><span data-contrast=\"auto\">Luis Duarte Vieira, salientou que o que chamou aten\u00e7\u00e3o \u00e9 que h\u00e1 uma coes\u00e3o presente no tamanho das partes, na m\u00e9trica do texto, mas que ainda era preciso acordar entre os membros a padroniza\u00e7\u00e3o do texto.<\/span><span data-ccp-props=\"{&quot;201341983&quot;:0,&quot;335551550&quot;:6,&quot;335551620&quot;:6,&quot;335559739&quot;:160,&quot;335559740&quot;:259}\">\u00a0<\/span><\/p>\n<p style=\"text-align: justify;\"><span data-contrast=\"auto\">Padre Auricelio Costa compartilhou que o trabalho que est\u00e1 sendo realizado para a constru\u00e7\u00e3o das Diretrizes \u00e9 muito rico e desafiador. Ele elogiou o conte\u00fado do texto, mas ponderou que ainda faltava acordar aspectos t\u00e9cnicos do texto. <\/span><span data-ccp-props=\"{&quot;201341983&quot;:0,&quot;335551550&quot;:6,&quot;335551620&quot;:6,&quot;335559739&quot;:160,&quot;335559740&quot;:259}\">\u00a0<\/span><\/p>\n<p style=\"text-align: justify;\"><span data-contrast=\"auto\">J\u00e1 a irm\u00e3 Clotilde Azevedo, o Guilherme Maia Jr. e a irm\u00e3 Maristela Ganassini sugeriram que fosse incorporado ao texto uma parte dedicada aos santos e santas que s\u00e3o importantes para a caminhada vocacional, al\u00e9m dos que j\u00e1 foram mencionados.<\/span><span data-ccp-props=\"{&quot;201341983&quot;:0,&quot;335551550&quot;:6,&quot;335551620&quot;:6,&quot;335559739&quot;:160,&quot;335559740&quot;:259}\">\u00a0<\/span><\/p>\n<p style=\"text-align: justify;\"><span data-contrast=\"auto\">A proposta \u00e9 que um grupo menor consolide o material at\u00e9 o final do m\u00eas de fevereiro para que uma segunda vers\u00e3o do texto seja apresentada tanto na reuni\u00e3o da Comiss\u00e3o para os Minist\u00e9rios Ordenados e a Vida Consagrada, nos dias 3 e 4 de mar\u00e7o, em Bras\u00edlia, quanto no encontro da coordena\u00e7\u00e3o nacional do Servi\u00e7o de Anima\u00e7\u00e3o Vocacional, a ser realizado de 6 a 8 de mar\u00e7o, no Centro Cultural de Bras\u00edlia.<\/span><span data-ccp-props=\"{&quot;201341983&quot;:0,&quot;335551550&quot;:6,&quot;335551620&quot;:6,&quot;335559739&quot;:160,&quot;335559740&quot;:259}\">\u00a0<\/span><\/p>\n<h3 style=\"text-align: justify;\"><b><span data-contrast=\"auto\">A Comiss\u00e3o das Diretrizes<\/span><\/b><span data-ccp-props=\"{&quot;201341983&quot;:0,&quot;335551550&quot;:6,&quot;335551620&quot;:6,&quot;335559739&quot;:160,&quot;335559740&quot;:259}\">\u00a0<\/span><\/h3>\n<p style=\"text-align: justify;\"><span data-contrast=\"auto\">A Comiss\u00e3o que est\u00e1 elaborando as Diretrizes para o Servi\u00e7o de Anima\u00e7\u00e3o Vocacional do Brasil nasceu da Comiss\u00e3o de Subs\u00eddios do Ano Vocacional do Brasil. \u00c9 composta pelos membros da Coordena\u00e7\u00e3o Nacional do Servi\u00e7o de Anima\u00e7\u00e3o Vocacional e por representantes de alguns regionais da CNBB. <\/span><span data-ccp-props=\"{&quot;201341983&quot;:0,&quot;335551550&quot;:6,&quot;335551620&quot;:6,&quot;335559739&quot;:160,&quot;335559740&quot;:259}\">\u00a0<\/span><\/p>\n","protected":false},"excerpt":{"rendered":"<p>A Comiss\u00e3o que est\u00e1 elaborando as Diretrizes para o Servi\u00e7o de Anima\u00e7\u00e3o Vocacional do Brasil esteve realizando sua primeira reuni\u00e3o, de forma online, nesta ter\u00e7a-feira, 14 de fevereiro, com o objetivo de partilhar as primeiras considera\u00e7\u00f5es sobre a reda\u00e7\u00e3o do Documento, que dever\u00e1 ser composto por tr\u00eas cap\u00edtulos  <\/p>\n","protected":false},"author":141,"featured_media":938891,"comment_status":"open","ping_status":"open","sticky":false,"template":"","format":"standard","meta":{"site-sidebar-layout":"default","site-content-layout":"default","ast-global-header-display":"","ast-banner-title-visibility":"","ast-main-header-display":"","ast-hfb-above-header-display":"","ast-hfb-below-header-display":"","ast-hfb-mobile-header-display":"","site-post-title":"","ast-breadcrumbs-content":"","ast-featured-img":"","footer-sml-layout":"","theme-transparent-header-meta":"default","adv-header-id-meta":"","stick-header-meta":"","header-above-stick-meta":"","header-main-stick-meta":"","header-below-stick-meta":""},"categories":[50,838],"tags":[2337,2096,4915],"acf":[],"_links":{"self":[{"href":"https:\/\/www.cnbb.org.br\/cnbb-app\/wp\/v2\/posts\/938862"}],"collection":[{"href":"https:\/\/www.cnbb.org.br\/cnbb-app\/wp\/v2\/posts"}],"about":[{"href":"https:\/\/www.cnbb.org.br\/cnbb-app\/wp\/v2\/types\/post"}],"author":[{"embeddable":true,"href":"https:\/\/www.cnbb.org.br\/cnbb-app\/wp\/v2\/users\/141"}],"replies":[{"embeddable":true,"href":"https:\/\/www.cnbb.org.br\/cnbb-app\/wp\/v2\/comments?post=938862"}],"version-history":[{"count":7,"href":"https:\/\/www.cnbb.org.br\/cnbb-app\/wp\/v2\/posts\/938862\/revisions"}],"predecessor-version":[{"id":938892,"href":"https:\/\/www.cnbb.org.br\/cnbb-app\/wp\/v2\/posts\/938862\/revisions\/938892"}],"wp:featuredmedia":[{"embeddable":true,"href":"https:\/\/www.cnbb.org.br\/cnbb-app\/wp\/v2\/media\/938891"}],"wp:attachment":[{"href":"https:\/\/www.cnbb.org.br\/cnbb-app\/wp\/v2\/media?parent=938862"}],"wp:term":[{"taxonomy":"category","embeddable":true,"href":"https:\/\/www.cnbb.org.br\/cnbb-app\/wp\/v2\/categories?post=938862"},{"taxonomy":"post_tag","embeddable":true,"href":"https:\/\/www.cnbb.org.br\/cnbb-app\/wp\/v2\/tags?post=938862"}],"curies":[{"name":"wp","href":"https:\/\/api.w.org\/{rel}","templated":true}]}}