{"id":939299,"date":"2023-02-24T11:52:38","date_gmt":"2023-02-24T14:52:38","guid":{"rendered":"https:\/\/www.cnbb.org.br\/?p=939299"},"modified":"2023-02-24T11:53:53","modified_gmt":"2023-02-24T14:53:53","slug":"mensagem-do-papa-francisco-para-a-quaresma-2023","status":"publish","type":"post","link":"https:\/\/www.cnbb.org.br\/mensagem-do-papa-francisco-para-a-quaresma-2023\/","title":{"rendered":"Mensagem do Papa Francisco para a Quaresma 2023\u00a0"},"content":{"rendered":"<p style=\"text-align: right;\"><b><span data-contrast=\"none\">Cardeal Orani Jo\u00e3o Tempesta<br \/>\n<\/span><\/b><b><span data-contrast=\"none\">Arcebispo do Rio de Janeiro (RJ)<\/span><\/b><\/p>\n<p style=\"text-align: justify;\"><span data-ccp-props=\"{&quot;201341983&quot;:0,&quot;335551550&quot;:2,&quot;335551620&quot;:2,&quot;335559739&quot;:160,&quot;335559740&quot;:259}\">\u00a0<\/span><\/p>\n<p style=\"text-align: justify;\"><b><span data-contrast=\"none\">Mensagem do Papa Francisco para a Quaresma 2023<\/span><\/b><span data-ccp-props=\"{&quot;201341983&quot;:0,&quot;335551550&quot;:2,&quot;335551620&quot;:2,&quot;335559739&quot;:160,&quot;335559740&quot;:259}\"><br \/>\n<\/span><i><span data-contrast=\"none\">\u201cAscese quaresmal, itiner\u00e1rio sinodal\u201d<\/span><\/i><span data-ccp-props=\"{&quot;201341983&quot;:0,&quot;335551550&quot;:2,&quot;335551620&quot;:2,&quot;335559739&quot;:160,&quot;335559740&quot;:259}\">\u00a0<\/span><\/p>\n<p>&nbsp;<\/p>\n<p style=\"text-align: justify;\"><span data-contrast=\"none\">Todos os anos, por ocasi\u00e3o do in\u00edcio do per\u00edodo quaresmal, o Papa publica uma mensagem para que toda a Igreja possa viver bem esse tempo. O Tempo da Quaresma \u00e9 um tempo muito rico e nos aproxima do mist\u00e9rio central da nossa f\u00e9, que \u00e9 a paix\u00e3o, morte e ressurrei\u00e7\u00e3o do Senhor.<\/span><span data-ccp-props=\"{&quot;201341983&quot;:0,&quot;335551550&quot;:6,&quot;335551620&quot;:6,&quot;335559731&quot;:708,&quot;335559739&quot;:160,&quot;335559740&quot;:259}\">\u00a0<\/span><span data-contrast=\"none\">A \u00edntegra do texto pode ser acessada em https:\/\/www.vatican.va\/content\/francesco\/pt\/events\/event.dir.html\/content\/vaticanevents\/pt\/2023\/2\/17\/messaggio-quaresima.html<\/span><span data-ccp-props=\"{&quot;201341983&quot;:0,&quot;335551550&quot;:6,&quot;335551620&quot;:6,&quot;335559731&quot;:708,&quot;335559739&quot;:160,&quot;335559740&quot;:259}\">\u00a0<\/span><\/p>\n<p style=\"text-align: justify;\"><span data-contrast=\"none\">A Quaresma tem in\u00edcio na Quarta-Feira de Cinzas e dura 40 dias, indo at\u00e9 tarde de quinta-feira da semana santa. Durante a Quaresma, recordamos os 40 dias que Jesus ficou no deserto sofrendo as tenta\u00e7\u00f5es e os 40 anos que o povo de Deus passou no deserto at\u00e9 chegar \u00e0 terra prometida e tantos outros epis\u00f3dios de 40 dias, 40 anos que est\u00e3o nas escrituras. O Tempo da Quaresma \u00e9 um convite a todos os crist\u00e3os para a convers\u00e3o e mudan\u00e7a de vida, por meio de tr\u00eas pr\u00e1ticas espirituais: ora\u00e7\u00e3o, jejum e caridade. \u00c9 um tempo marcado pela penit\u00eancia em que todos os fi\u00e9is s\u00e3o chamados a se aproximar do sacramento da reconcilia\u00e7\u00e3o e de uma vida mais perto de Deus.\u00a0<\/span><span data-ccp-props=\"{&quot;201341983&quot;:0,&quot;335551550&quot;:6,&quot;335551620&quot;:6,&quot;335559731&quot;:708,&quot;335559739&quot;:160,&quot;335559740&quot;:259}\">\u00a0<\/span><\/p>\n<p style=\"text-align: justify;\"><span data-contrast=\"none\">Todos os fi\u00e9is t\u00eam que fazer um esfor\u00e7o de participar das missas ao longo do per\u00edodo quaresmal, sobretudo, ao longo dos domingos iniciando com a Quarta-Feira de Cinzas, dia de jejum e abstin\u00eancia. Se for poss\u00edvel participar das missas ao longo da semana tamb\u00e9m, pois esse tempo nos convida para que tenhamos uma vida de ora\u00e7\u00e3o constante.\u00a0<\/span><span data-ccp-props=\"{&quot;201341983&quot;:0,&quot;335551550&quot;:6,&quot;335551620&quot;:6,&quot;335559731&quot;:708,&quot;335559739&quot;:160,&quot;335559740&quot;:259}\">\u00a0<\/span><\/p>\n<p style=\"text-align: justify;\"><span data-contrast=\"none\">O tema escolhido pelo Papa Francisco para a mensagem da Quaresma deste ano \u00e9: <\/span><i><span data-contrast=\"none\">\u201cAscese quaresmal, itiner\u00e1rio sinodal\u201d. <\/span><\/i><span data-contrast=\"none\">A ascese quaresmal que o Papa se refere \u00e9 que durante esse per\u00edodo quaresmal cada fiel deve se aproximar mais de Deus e da vida de ora\u00e7\u00e3o, do mesmo modo que Jesus subiu ao Monte Tabor com os tr\u00eas disc\u00edpulos e se transfigurou diante deles, durante esse per\u00edodo quaresmal, temos que aceitar o convite de Jesus e subir ao monte com Ele e ter uma vida de ora\u00e7\u00e3o mais intensa. O Papa vai aprofundar o texto do evangelho do segundo domingo de quaresma nessa sua mensagem deste ano.<\/span><span data-ccp-props=\"{&quot;201341983&quot;:0,&quot;335551550&quot;:6,&quot;335551620&quot;:6,&quot;335559731&quot;:708,&quot;335559739&quot;:160,&quot;335559740&quot;:259}\">\u00a0<\/span><\/p>\n<p style=\"text-align: justify;\"><span data-contrast=\"none\">No tempo em que vivemos, temos que intensificar nossas ora\u00e7\u00f5es pelo mundo inteiro, pois alguns pa\u00edses est\u00e3o em guerra, tamb\u00e9m pelo nosso pa\u00eds que tem viol\u00eancia (guerras urbanas) e, ultimamente, lugares afetados e devastados pelas chuvas de ver\u00e3o. Pedir pelo fim da pandemia que ainda contamina pessoas, pelo fim da fome e da mis\u00e9ria em nosso pa\u00eds e no mundo inteiro, tema da Campanha da Fraternidade deste ano. Esses momentos de ora\u00e7\u00e3o n\u00e3o devem ser feitos somente durante a missa, mas podemos ter esses momentos de ora\u00e7\u00e3o em casa com a fam\u00edlia ou com grupos de amigos. A vida de ora\u00e7\u00e3o com certeza ser\u00e1 a nossa ascese quaresmal.\u00a0<\/span><span data-ccp-props=\"{&quot;201341983&quot;:0,&quot;335551550&quot;:6,&quot;335551620&quot;:6,&quot;335559731&quot;:708,&quot;335559739&quot;:160,&quot;335559740&quot;:259}\">\u00a0<\/span><\/p>\n<p style=\"text-align: justify;\"><span data-contrast=\"none\">O itiner\u00e1rio sinodal significa caminhar juntos, ou seja, todos os fi\u00e9is s\u00e3o convidados a caminhar junto com a Igreja e a rezar por ela. Todos t\u00eam que rezar para que \u201cas portas do inferno\u201d n\u00e3o prevale\u00e7am sobre a igreja, e por mais que haja ventos contr\u00e1rios, a Igreja continue a miss\u00e3o de anunciar o Evangelho. Temos que amar mais ao pr\u00f3ximo como a n\u00f3s mesmos, do mesmo modo que Jesus pediu.\u00a0<\/span><span data-ccp-props=\"{&quot;201341983&quot;:0,&quot;335551550&quot;:6,&quot;335551620&quot;:6,&quot;335559731&quot;:708,&quot;335559739&quot;:160,&quot;335559740&quot;:259}\">\u00a0<\/span><\/p>\n<p style=\"text-align: justify;\"><span data-contrast=\"none\">Atrav\u00e9s da ascese quaresmal, compreendemos que \u00e9 necess\u00e1rio passar pelos sofrimentos desse mundo para depois adentrarmos na gl\u00f3ria da vida eterna. Temos que tomar a nossa cruz de cada dia e permanecer firmes no seguimento a Cristo. A ascese quaresmal nos ajuda a termos o pensamento como o de Deus e n\u00e3o como o pensamento humano, ou seja, temos que entender e compreender que somos humanos e limitados e que passaremos por algumas dificuldades na vida at\u00e9 chegar \u00e0 vida eterna.\u00a0<\/span><span data-ccp-props=\"{&quot;201341983&quot;:0,&quot;335551550&quot;:6,&quot;335551620&quot;:6,&quot;335559731&quot;:708,&quot;335559739&quot;:160,&quot;335559740&quot;:259}\">\u00a0<\/span><\/p>\n<p style=\"text-align: justify;\"><span data-contrast=\"none\">A ascese quaresmal nos ajuda a compreender que somos limitados e finitos, ou seja, do mesmo modo que Cristo morreu, n\u00f3s tamb\u00e9m morreremos, mas a morte n\u00e3o \u00e9 o fim, mas o in\u00edcio da vida eterna. A ascese quaresmal nos ajuda a compreender que a vida aqui na terra \u00e9 passageira e temos que almejar a vida eterna. Temos que viver a nossa vida aqui na terra intensamente, principalmente, cuidando do nosso corpo que \u00e9 templo de Deus e morada do Esp\u00edrito Santo. \u00c9 preciso guardar o nosso corpo de toda a maldade e preserva-lo para a vida eterna.\u00a0<\/span><span data-ccp-props=\"{&quot;201341983&quot;:0,&quot;335551550&quot;:6,&quot;335551620&quot;:6,&quot;335559731&quot;:708,&quot;335559739&quot;:160,&quot;335559740&quot;:259}\">\u00a0<\/span><\/p>\n<p style=\"text-align: justify;\"><span data-contrast=\"none\">A ascese quaresmal e o caminho sinodal nos ajudar\u00e3o a subir ao monte com Jesus e a viver bem o tempo quaresmal. Atrav\u00e9s de uma vida de ora\u00e7\u00e3o constante e caminhando junto com a Igreja, entenderemos o mist\u00e9rio da paix\u00e3o, morte e ressurrei\u00e7\u00e3o de Jesus. Atrav\u00e9s da participa\u00e7\u00e3o constante na missa, compreenderemos o mist\u00e9rio de amor de um Deus que morre por n\u00f3s, para nos salvar. N\u00e3o celebramos um Deus morto, mas um Deus vivo que venceu a morte.<\/span><span data-ccp-props=\"{&quot;201341983&quot;:0,&quot;335551550&quot;:6,&quot;335551620&quot;:6,&quot;335559731&quot;:708,&quot;335559739&quot;:160,&quot;335559740&quot;:259}\">\u00a0<\/span><\/p>\n<p style=\"text-align: justify;\"><span data-contrast=\"none\">Atrav\u00e9s da ascese quaresmal e do caminho sinodal, compreenderemos ainda o sofrimento e a dor do pr\u00f3ximo e teremos um olhar de compaix\u00e3o para o pr\u00f3ximo. O tema da Campanha da Fraternidade desse ano para a Igreja no Brasil nos ajuda a olhar o sofrimento de muitos irm\u00e3os nossos e como podemos ajudar muitas fam\u00edlias a saciar a fome. Podemos ajudar nessa campanha levando um alimento n\u00e3o perec\u00edvel em nossas par\u00f3quias para compor a cesta b\u00e1sica das fam\u00edlias carentes, ou ainda, na celebra\u00e7\u00e3o do Domingo de Ramos quando acontece a coleta da solidariedade, onde ofertamos um pouco do que temos para ajudar as comunidades carentes atendidas pela Igreja.\u00a0<\/span><span data-ccp-props=\"{&quot;201341983&quot;:0,&quot;335551550&quot;:6,&quot;335551620&quot;:6,&quot;335559731&quot;:708,&quot;335559739&quot;:160,&quot;335559740&quot;:259}\">\u00a0<\/span><\/p>\n<p style=\"text-align: justify;\"><span data-contrast=\"none\">Vivamos bem esse per\u00edodo quaresmal, n\u00e3o como um tempo triste ou de luto, mas pelo contr\u00e1rio, um tempo de profunda reflex\u00e3o, e como podemos ajudar melhor o nosso pr\u00f3ximo. Sejamos solid\u00e1rios e atentos \u00e0s necessidades daqueles que s\u00e3o pr\u00f3ximos a n\u00f3s. Subamos ao monte com Jesus, atrav\u00e9s da nossa vida de ora\u00e7\u00e3o e almejemos a vida eterna.\u00a0<\/span><span data-ccp-props=\"{&quot;201341983&quot;:0,&quot;335551550&quot;:6,&quot;335551620&quot;:6,&quot;335559731&quot;:708,&quot;335559739&quot;:160,&quot;335559740&quot;:259}\">\u00a0<\/span><\/p>\n<p>&nbsp;<\/p>\n","protected":false},"excerpt":{"rendered":"<p>Cardeal Orani Jo\u00e3o Tempesta Arcebispo do Rio de Janeiro (RJ) \u00a0 Mensagem do Papa Francisco para a Quaresma 2023 \u201cAscese quaresmal, itiner\u00e1rio sinodal\u201d\u00a0 &nbsp; Todos os anos, por ocasi\u00e3o do in\u00edcio do per\u00edodo quaresmal, o Papa publica uma mensagem para que toda a Igreja possa viver bem esse tempo. O Tempo da Quaresma \u00e9 um &hellip;<\/p>\n<p class=\"read-more\"> <a class=\"\" href=\"https:\/\/www.cnbb.org.br\/mensagem-do-papa-francisco-para-a-quaresma-2023\/\"> <span class=\"screen-reader-text\">Mensagem do Papa Francisco para a Quaresma 2023\u00a0<\/span> Leia mais &raquo;<\/a><\/p>\n","protected":false},"author":31,"featured_media":0,"comment_status":"open","ping_status":"open","sticky":false,"template":"","format":"standard","meta":{"site-sidebar-layout":"default","site-content-layout":"default","ast-global-header-display":"","ast-banner-title-visibility":"","ast-main-header-display":"","ast-hfb-above-header-display":"","ast-hfb-below-header-display":"","ast-hfb-mobile-header-display":"","site-post-title":"","ast-breadcrumbs-content":"","ast-featured-img":"","footer-sml-layout":"","theme-transparent-header-meta":"default","adv-header-id-meta":"","stick-header-meta":"","header-above-stick-meta":"","header-main-stick-meta":"","header-below-stick-meta":""},"categories":[758],"tags":[],"acf":[],"_links":{"self":[{"href":"https:\/\/www.cnbb.org.br\/cnbb-app\/wp\/v2\/posts\/939299"}],"collection":[{"href":"https:\/\/www.cnbb.org.br\/cnbb-app\/wp\/v2\/posts"}],"about":[{"href":"https:\/\/www.cnbb.org.br\/cnbb-app\/wp\/v2\/types\/post"}],"author":[{"embeddable":true,"href":"https:\/\/www.cnbb.org.br\/cnbb-app\/wp\/v2\/users\/31"}],"replies":[{"embeddable":true,"href":"https:\/\/www.cnbb.org.br\/cnbb-app\/wp\/v2\/comments?post=939299"}],"version-history":[{"count":2,"href":"https:\/\/www.cnbb.org.br\/cnbb-app\/wp\/v2\/posts\/939299\/revisions"}],"predecessor-version":[{"id":939301,"href":"https:\/\/www.cnbb.org.br\/cnbb-app\/wp\/v2\/posts\/939299\/revisions\/939301"}],"wp:attachment":[{"href":"https:\/\/www.cnbb.org.br\/cnbb-app\/wp\/v2\/media?parent=939299"}],"wp:term":[{"taxonomy":"category","embeddable":true,"href":"https:\/\/www.cnbb.org.br\/cnbb-app\/wp\/v2\/categories?post=939299"},{"taxonomy":"post_tag","embeddable":true,"href":"https:\/\/www.cnbb.org.br\/cnbb-app\/wp\/v2\/tags?post=939299"}],"curies":[{"name":"wp","href":"https:\/\/api.w.org\/{rel}","templated":true}]}}