{"id":939303,"date":"2023-02-24T12:19:33","date_gmt":"2023-02-24T15:19:33","guid":{"rendered":"https:\/\/www.cnbb.org.br\/?p=939303"},"modified":"2023-02-24T15:10:35","modified_gmt":"2023-02-24T18:10:35","slug":"comissao-para-a-juventude-elabora-guia-diario-para-registrar-a-rotina-dos-jovens-nos-dias-da-quaresma","status":"publish","type":"post","link":"https:\/\/www.cnbb.org.br\/comissao-para-a-juventude-elabora-guia-diario-para-registrar-a-rotina-dos-jovens-nos-dias-da-quaresma\/","title":{"rendered":"Comiss\u00e3o para a Juventude elabora guia di\u00e1rio para registrar a rotina dos jovens nos dias da Quaresma"},"content":{"rendered":"<p style=\"text-align: justify;\">Como de costume ao longo dos anos, para colaborar com a viv\u00eancia espiritual das juventudes, a Comiss\u00e3o Episcopal Pastoral para a Juventude da Confer\u00eancia Nacional dos Bispos do Brasil (CNBB) traz uma proposta para todos os jovens: o <a href=\"https:\/\/jovensconectados.org.br\/mdocs-posts\/meu-planner-quaresmal-2023\" target=\"_blank\" rel=\"noopener\">Meu\u00a0Planner Quaresmal<\/a>. Ele funciona como um guia di\u00e1rio para registrar a rotina do jovem nos dias da quaresma.<\/p>\n<p style=\"text-align: justify;\">A proposta, segundo a Comiss\u00e3o, \u00e9 &#8220;ajudar as juventudes do Brasil para uma viv\u00eancia mais \u00edntima neste tempo lit\u00fargico que nos prepara para a Semana Santa e P\u00e1scoa e que nos estimula \u00e0 convers\u00e3o, \u00e0 melhoria de n\u00f3s mesmos, e isso n\u00e3o \u00e9 poss\u00edvel sem revermos a qualidade das nossas rela\u00e7\u00f5es fraternas&#8221;. <img decoding=\"async\" loading=\"lazy\" class=\"size-medium wp-image-939309 alignright\" src=\"https:\/\/www.cnbb.org.br\/wp-content\/uploads\/2023\/02\/Planner_Quaresmal-245x300.jpg\" alt=\"\" width=\"245\" height=\"300\" srcset=\"https:\/\/www.cnbb.org.br\/wp-content\/uploads\/2023\/02\/Planner_Quaresmal-245x300.jpg 245w, https:\/\/www.cnbb.org.br\/wp-content\/uploads\/2023\/02\/Planner_Quaresmal.jpg 367w\" sizes=\"(max-width: 245px) 100vw, 245px\" \/><\/p>\n<p style=\"text-align: justify;\">Dom Ant\u00f4nio de Assis Ribeiro, bispo auxiliar de Bel\u00e9m e membro da Comiss\u00e3o, convida os jovens para esse tempo favor\u00e1vel para convers\u00e3o do cora\u00e7\u00e3o para n\u00e3o ca\u00edrem no individualismo, na viol\u00eancia, nos v\u00edcios e na indiferen\u00e7a aos outros.<\/p>\n<blockquote>\n<p style=\"text-align: justify;\">\u201cAssim como n\u00e3o existe verdadeiro amor a Deus sem o amor ao pr\u00f3ximo, tamb\u00e9m n\u00e3o existe aut\u00eantica convers\u00e3o sem nos educarmos para a fraternidade. A convers\u00e3o profunda passa por um processo de educa\u00e7\u00e3o de cada um de n\u00f3s como mudan\u00e7a de mentalidade que reorienta a nossa vida, que gera atitudes novas e promove o nosso desenvolvimento integral. Desejo-lhe uma Santa quaresma! Que seja um tempo caracterizado por um forte esfor\u00e7o em vista do crescimento pessoal para ser mais sereno e equilibrado consigo mesmo e mais humano para com os outros, sobretudo, para com os parentes, amigos e colegas de estudo ou trabalho\u201d, exorta o bispo.<\/p>\n<\/blockquote>\n<h3><strong>Como o \u201cMeu Planner Quaresmal\u201d funciona?<\/strong><\/h3>\n<p style=\"text-align: justify;\">Ele est\u00e1 dividido em blocos que ajudam a organizar as a\u00e7\u00f5es. Duas partes s\u00e3o reservadas para anota\u00e7\u00f5es para iniciar o dia e outro em seu t\u00e9rmino, chamados de \u201cManh\u00e3\u201d e \u201cNoite\u201d, onde o jovem ir\u00e1 anotar o que fez o seu dia mais pr\u00f3ximo de Deus e aos irm\u00e3os e seus agradecimentos. Outros tr\u00eas blocos s\u00e3o reservados \u00e0 ora\u00e7\u00e3o e reflex\u00e3o. H\u00e1 o local do jovem colocar suas inten\u00e7\u00f5es de ora\u00e7\u00e3o do dia, qual passagem do Evangelho ir\u00e1 ler e o que esta lhe disse ao cora\u00e7\u00e3o.<\/p>\n<p style=\"text-align: justify;\">E como b\u00f4nus \u201cpequenos passos\u201d di\u00e1rios, da Quarta-feira de Cinzas at\u00e9 a Missa na Ceia do Senhor (quinta-feira santa), com prop\u00f3sitos para que os jovens consigam amar bem e melhor a Deus e aos outros. Baixe o material e confira para colocar em pr\u00e1tica na sua quaresma.<\/p>\n<p style=\"text-align: justify;\">O planner pode ser baixado (<a href=\"https:\/\/jovensconectados.org.br\/mdocs-posts\/meu-planner-quaresmal-2023\" target=\"_blank\" rel=\"noopener\">aqui<\/a>).<\/p>\n","protected":false},"excerpt":{"rendered":"<p>Como de costume ao longo dos anos, para colaborar com a viv\u00eancia espiritual das juventudes, a Comiss\u00e3o para a Juventude traz uma proposta para todos os jovens: o Meu\u00a0Planner Quaresmal. A proposta, segundo a Comiss\u00e3o, \u00e9 &#8220;ajudar as juventudes do Brasil para uma viv\u00eancia mais \u00edntima neste tempo lit\u00fargico&#8221;<\/p>\n","protected":false},"author":141,"featured_media":939304,"comment_status":"open","ping_status":"open","sticky":false,"template":"","format":"standard","meta":{"site-sidebar-layout":"default","site-content-layout":"default","ast-global-header-display":"","ast-banner-title-visibility":"","ast-main-header-display":"","ast-hfb-above-header-display":"","ast-hfb-below-header-display":"","ast-hfb-mobile-header-display":"","site-post-title":"","ast-breadcrumbs-content":"","ast-featured-img":"","footer-sml-layout":"","theme-transparent-header-meta":"default","adv-header-id-meta":"","stick-header-meta":"","header-above-stick-meta":"","header-main-stick-meta":"","header-below-stick-meta":""},"categories":[50,775],"tags":[1888,4933,2270],"acf":[],"_links":{"self":[{"href":"https:\/\/www.cnbb.org.br\/cnbb-app\/wp\/v2\/posts\/939303"}],"collection":[{"href":"https:\/\/www.cnbb.org.br\/cnbb-app\/wp\/v2\/posts"}],"about":[{"href":"https:\/\/www.cnbb.org.br\/cnbb-app\/wp\/v2\/types\/post"}],"author":[{"embeddable":true,"href":"https:\/\/www.cnbb.org.br\/cnbb-app\/wp\/v2\/users\/141"}],"replies":[{"embeddable":true,"href":"https:\/\/www.cnbb.org.br\/cnbb-app\/wp\/v2\/comments?post=939303"}],"version-history":[{"count":7,"href":"https:\/\/www.cnbb.org.br\/cnbb-app\/wp\/v2\/posts\/939303\/revisions"}],"predecessor-version":[{"id":939324,"href":"https:\/\/www.cnbb.org.br\/cnbb-app\/wp\/v2\/posts\/939303\/revisions\/939324"}],"wp:featuredmedia":[{"embeddable":true,"href":"https:\/\/www.cnbb.org.br\/cnbb-app\/wp\/v2\/media\/939304"}],"wp:attachment":[{"href":"https:\/\/www.cnbb.org.br\/cnbb-app\/wp\/v2\/media?parent=939303"}],"wp:term":[{"taxonomy":"category","embeddable":true,"href":"https:\/\/www.cnbb.org.br\/cnbb-app\/wp\/v2\/categories?post=939303"},{"taxonomy":"post_tag","embeddable":true,"href":"https:\/\/www.cnbb.org.br\/cnbb-app\/wp\/v2\/tags?post=939303"}],"curies":[{"name":"wp","href":"https:\/\/api.w.org\/{rel}","templated":true}]}}