{"id":939366,"date":"2023-02-28T15:37:52","date_gmt":"2023-02-28T18:37:52","guid":{"rendered":"https:\/\/www.cnbb.org.br\/?p=939366"},"modified":"2023-03-01T11:44:34","modified_gmt":"2023-03-01T14:44:34","slug":"comissao-realiza-live-sobre-catequese-renovada","status":"publish","type":"post","link":"https:\/\/www.cnbb.org.br\/comissao-realiza-live-sobre-catequese-renovada\/","title":{"rendered":"Comiss\u00e3o realiza live sobre encontro que revisitar\u00e1 o documento &#8220;Catequese Renovada&#8221;"},"content":{"rendered":"<p style=\"text-align: justify;\">A Comiss\u00e3o para a Anima\u00e7\u00e3o B\u00edblico-Catequ\u00e9tica da Confer\u00eancia Nacional dos Bispos do Brasil (CNBB) realiza nesta quarta-feira, dia 1\u00ba de mar\u00e7o, a live &#8220;Catequese Renovada 40 anos: Tocar cora\u00e7\u00f5es e impulsionar a miss\u00e3o&#8221;. A iniciativa est\u00e1 em sintonia com o <a href=\"http:\/\/www.cnbb.org.br\/catequeserenovada\/\">encontro de forma\u00e7\u00e3o que acontece em setembro, de 1 a 3, em Aparecida (SP)<\/a>, e pretende esclarecer d\u00favidas e apresentar as propostas do encontro.<\/p>\n<p style=\"text-align: justify;\">Al\u00e9m dos assessores da Comiss\u00e3o, padre J\u00e2nison de S\u00e1 e Mariana Ven\u00e2ncio, a live contar\u00e1 com a participa\u00e7\u00e3o de coordenadores da Anima\u00e7\u00e3o B\u00edblico-Catequ\u00e9tica dos regionais da CNBB: a irm\u00e3 L\u00facia Imaculada (Leste 1), o padre Marcelo Machado (Sul 1) e a Lucimara Trevizan (Leste 2). A forma\u00e7\u00e3o ter\u00e1 in\u00edcio \u00e0s 19h30 e ser\u00e1 transmitida, ao vivo, pelas redes sociais da CNBB (<a href=\"https:\/\/www.youtube.com\/@CNBBNacional\" target=\"_blank\" rel=\"noopener\">Youtube<\/a> e <a href=\"https:\/\/www.facebook.com\/cnbbnacional\/?locale=pt_BR\" target=\"_blank\" rel=\"noopener\">Facebook<\/a>).<\/p>\n<div class=\"ast-oembed-container\" style=\"height: 100%;\"><iframe loading=\"lazy\" title=\"Live | Catequese Renovada 40 anos\" width=\"500\" height=\"281\" src=\"https:\/\/www.youtube.com\/embed\/0nTrgkz4QuA?feature=oembed\" frameborder=\"0\" allow=\"accelerometer; autoplay; clipboard-write; encrypted-media; gyroscope; picture-in-picture; web-share\" allowfullscreen><\/iframe><\/div>\n<h3><strong>O Encontro<\/strong><\/h3>\n<p style=\"text-align: justify;\">Em abril deste ano o documento Catequese Renovada completa 40 anos de sua aprova\u00e7\u00e3o e publica\u00e7\u00e3o. Para celebrar essa data, a Comiss\u00e3o para a Anima\u00e7\u00e3o B\u00edblico-Catequ\u00e9tica da CNBB vai realizar um<a href=\"https:\/\/www.cnbb.org.br\/catequeserenovada\/\">\u00a0encontro, de 1\u00ba a 3 de setembro, em Aparecida (SP)<\/a>, com o objetivo de revisitar o documento e fortalecer a sua recep\u00e7\u00e3o na Igreja no Brasil.<\/p>\n<p style=\"text-align: justify;\">De acordo com a Comiss\u00e3o, a publica\u00e7\u00e3o do\u00a0<a href=\"https:\/\/www.catequesedobrasil.org.br\/noticia\/o-documento-catequese-renovada-da-cnbb-1983-\" target=\"_blank\" rel=\"noopener\">documento Catequese Renovada (1983)<\/a>\u00a0foi fundamental para a caminhada da catequese no Brasil em aspectos como o aprimoramento da identidade vocacional do catequista, o estreitamento das rela\u00e7\u00f5es entre B\u00edblia e catequese, a renova\u00e7\u00e3o da metodologia catequ\u00e9tica e o novo impulso catequ\u00e9tico.<\/p>\n<blockquote>\n<p style=\"text-align: justify;\">&#8220;Reconhecemos que a caminhada destes 40 anos, inclusive o aperfei\u00e7oamento de uma catequese a servi\u00e7o da inicia\u00e7\u00e3o \u00e0 vida crist\u00e3 (IVC), teve suas bases lan\u00e7adas pelo Catequese Renovada&#8221;, diz a Comiss\u00e3o para a Anima\u00e7\u00e3o B\u00edblico-Catequ\u00e9tica da CNBB.<\/p>\n<\/blockquote>\n<p style=\"text-align: justify;\"><a href=\"https:\/\/www.catequesedobrasil.org.br\/noticia\/o-documento-catequese-renovada-da-cnbb-1983-\" target=\"_blank\" rel=\"noopener\">Conhe\u00e7a o documento<\/a>.<\/p>\n","protected":false},"excerpt":{"rendered":"<p>A Comiss\u00e3o para a Anima\u00e7\u00e3o B\u00edblico-Catequ\u00e9tica realiza nesta quarta-feira, dia 1\u00ba de mar\u00e7o, a live &#8220;Catequese Renovada 40 anos: Tocar cora\u00e7\u00f5es e impulsionar a miss\u00e3o&#8221;. A iniciativa est\u00e1 em sintonia com o encontro de forma\u00e7\u00e3o que acontece em setembro, de 1 a 3, em Aparecida (SP), e pretende esclarecer d\u00favidas e apresentar as propostas do encontro<\/p>\n","protected":false},"author":141,"featured_media":939382,"comment_status":"open","ping_status":"open","sticky":false,"template":"","format":"standard","meta":{"site-sidebar-layout":"default","site-content-layout":"default","ast-global-header-display":"","ast-banner-title-visibility":"","ast-main-header-display":"","ast-hfb-above-header-display":"","ast-hfb-below-header-display":"","ast-hfb-mobile-header-display":"","site-post-title":"","ast-breadcrumbs-content":"","ast-featured-img":"","footer-sml-layout":"","theme-transparent-header-meta":"default","adv-header-id-meta":"","stick-header-meta":"","header-above-stick-meta":"","header-main-stick-meta":"","header-below-stick-meta":""},"categories":[800,1841],"tags":[1881,4934],"acf":[],"_links":{"self":[{"href":"https:\/\/www.cnbb.org.br\/cnbb-app\/wp\/v2\/posts\/939366"}],"collection":[{"href":"https:\/\/www.cnbb.org.br\/cnbb-app\/wp\/v2\/posts"}],"about":[{"href":"https:\/\/www.cnbb.org.br\/cnbb-app\/wp\/v2\/types\/post"}],"author":[{"embeddable":true,"href":"https:\/\/www.cnbb.org.br\/cnbb-app\/wp\/v2\/users\/141"}],"replies":[{"embeddable":true,"href":"https:\/\/www.cnbb.org.br\/cnbb-app\/wp\/v2\/comments?post=939366"}],"version-history":[{"count":16,"href":"https:\/\/www.cnbb.org.br\/cnbb-app\/wp\/v2\/posts\/939366\/revisions"}],"predecessor-version":[{"id":939507,"href":"https:\/\/www.cnbb.org.br\/cnbb-app\/wp\/v2\/posts\/939366\/revisions\/939507"}],"wp:featuredmedia":[{"embeddable":true,"href":"https:\/\/www.cnbb.org.br\/cnbb-app\/wp\/v2\/media\/939382"}],"wp:attachment":[{"href":"https:\/\/www.cnbb.org.br\/cnbb-app\/wp\/v2\/media?parent=939366"}],"wp:term":[{"taxonomy":"category","embeddable":true,"href":"https:\/\/www.cnbb.org.br\/cnbb-app\/wp\/v2\/categories?post=939366"},{"taxonomy":"post_tag","embeddable":true,"href":"https:\/\/www.cnbb.org.br\/cnbb-app\/wp\/v2\/tags?post=939366"}],"curies":[{"name":"wp","href":"https:\/\/api.w.org\/{rel}","templated":true}]}}