{"id":939411,"date":"2023-02-28T13:49:32","date_gmt":"2023-02-28T16:49:32","guid":{"rendered":"https:\/\/www.cnbb.org.br\/?p=939411"},"modified":"2023-02-28T13:53:51","modified_gmt":"2023-02-28T16:53:51","slug":"delegacao-brasileira-participa-no-vaticano-do-congresso-internacional-pastores-e-fieis-leigos-chamados-a-caminhar-juntos","status":"publish","type":"post","link":"https:\/\/www.cnbb.org.br\/delegacao-brasileira-participa-no-vaticano-do-congresso-internacional-pastores-e-fieis-leigos-chamados-a-caminhar-juntos\/","title":{"rendered":"Delega\u00e7\u00e3o brasileira participa, no Vaticano, do Congresso Internacional &#8220;Pastores e Fi\u00e9is Leigos chamados a caminhar juntos&#8221;"},"content":{"rendered":"<p style=\"text-align: justify;\">De 16 a 18 de fevereiro aconteceu na sala nova do S\u00ednodo, no Vaticano, o Congresso Internacional \u201cPastores e Fi\u00e9is Leigos chamados a caminhar juntos\u201d, organizado pelo Dicast\u00e9rio para os Leigos, a Fam\u00edlia e a Vida, no qual participaram pastores (bispos e presb\u00edteros) das Comiss\u00f5es para o Laicato e crist\u00e3os leigos e leigas dos Conselhos nacionais e delegados das associa\u00e7\u00f5es de fieis.<\/p>\n<h3 style=\"text-align: left;\">Delega\u00e7\u00e3o brasileira<\/h3>\n<p>&nbsp;<\/p>\n<p style=\"text-align: justify;\"><img decoding=\"async\" loading=\"lazy\" class=\"size-medium wp-image-939413 alignright\" src=\"https:\/\/www.cnbb.org.br\/wp-content\/uploads\/2023\/02\/Representantes-do-Brasil-295x300.jpeg\" alt=\"\" width=\"295\" height=\"300\" srcset=\"https:\/\/www.cnbb.org.br\/wp-content\/uploads\/2023\/02\/Representantes-do-Brasil-295x300.jpeg 295w, https:\/\/www.cnbb.org.br\/wp-content\/uploads\/2023\/02\/Representantes-do-Brasil-500x508.jpeg 500w, https:\/\/www.cnbb.org.br\/wp-content\/uploads\/2023\/02\/Representantes-do-Brasil.jpeg 755w\" sizes=\"(max-width: 295px) 100vw, 295px\" \/>Do Brasil, estiveram presentes o bispo de Aragua\u00edna (TO) e presidente da Comiss\u00e3o Episcopal para o Laicato da Confer\u00eancia Nacional dos Bispos do Brasil (CNBB), dom Giovane Pereira de Melo, a presidente do Conselho Nacional do Laicato do Brasil (CNLB), S\u00f4nia Gomes de Oliveira, e o assessor da Comiss\u00e3o para o Laicato da CNBB, Laudelino Augusto dos Santos Azevedo.<\/p>\n<p style=\"text-align: justify;\">O prefeito do Dicast\u00e9rio, cardeal Kevin Farrel explicou na fala fala de abertura o objetivo do Congresso: \u201cConscientizar tanto pastores quanto fi\u00e9is leigos sobre o significado da responsabilidade que nasce do Batismo e que nos une a todos e sobre a necessidade de uma forma\u00e7\u00e3o adequada \u2013 para os pastores e para os leigos \u2013 para que esta corresponsabilidade seja efetivamente praticada.\u201d<\/p>\n<p style=\"text-align: justify;\">Durante os 3 dias, sempre iniciando com a celebra\u00e7\u00e3o eucar\u00edstica na bas\u00edlica de S\u00e3o Pedro, houve palestras, di\u00e1logos e partilhas de experi\u00eancias. Foram abordados temas como: \u201cA corresponsabilidade dos fi\u00e9is leigos \u2013 natureza e fundamento\u201d; \u201cPor uma eficaz corresponsabilidade: o papel dos pastores\u201d e \u201cA forma\u00e7\u00e3o dos fi\u00e9is leigos\u201d. Ap\u00f3s cada tema, foram realizados \u201cdi\u00e1logos\u201d com a participa\u00e7\u00e3o dos presentes.<\/p>\n<h3>Experi\u00eancia do Ano Nacional do Laicato<\/h3>\n<figure id=\"attachment_939414\" aria-describedby=\"caption-attachment-939414\" style=\"width: 300px\" class=\"wp-caption alignleft\"><img decoding=\"async\" loading=\"lazy\" class=\"wp-image-939414 size-medium\" src=\"https:\/\/www.cnbb.org.br\/wp-content\/uploads\/2023\/02\/Sonia-Gomes-no-Vaticano-300x227.jpeg\" alt=\"\" width=\"300\" height=\"227\" srcset=\"https:\/\/www.cnbb.org.br\/wp-content\/uploads\/2023\/02\/Sonia-Gomes-no-Vaticano-300x227.jpeg 300w, https:\/\/www.cnbb.org.br\/wp-content\/uploads\/2023\/02\/Sonia-Gomes-no-Vaticano-768x582.jpeg 768w, https:\/\/www.cnbb.org.br\/wp-content\/uploads\/2023\/02\/Sonia-Gomes-no-Vaticano-500x379.jpeg 500w, https:\/\/www.cnbb.org.br\/wp-content\/uploads\/2023\/02\/Sonia-Gomes-no-Vaticano.jpeg 968w\" sizes=\"(max-width: 300px) 100vw, 300px\" \/><figcaption id=\"caption-attachment-939414\" class=\"wp-caption-text\">S\u00f4nia apresentado o Ano Nacional do Laicato. | Fotos: arquivo pessoal.<\/figcaption><\/figure>\n<p style=\"text-align: justify;\">A representante do CNLB classificou como muito rica foi a partilha de experi\u00eancias de v\u00e1rias partes do mundo.\u00a0 Representando o Brasil, a S\u00f4nia apresentou a realiza\u00e7\u00e3o e os frutos do \u201cAno Nacional do Laicato\u201d realizado em 2018, despertando o interesse de muitos participantes.<\/p>\n<p style=\"text-align: justify;\">O Papa Francisco acolheu o grupo,\u00a0 em audi\u00eancia, no terceiro dia. Segundo a presidente do CNLB, o Santo Padre se dirigiu aos participantes com o cora\u00e7\u00e3o: \u201cO t\u00edtulo do Congresso fala de uma \u2018chamada\u2019 para \u2018caminhar juntos\u2019, colocando o tema no contexto mais amplo da sinodalidade. Viver de forma mais intensa e concreta, a comunh\u00e3o e caminhar juntos\u201d.<\/p>\n<p style=\"text-align: justify;\">Citando o Conc\u00edlio Vaticano II, o Papa reafirmou que \u201ca Igreja \u00e9 o santo Povo fiel de Deus, n\u00e3o indiv\u00edduos isolados, mas um Povo que evangeliza\u201d. Francisco insistiu na import\u00e2ncia da \u201cforma\u00e7\u00e3o dos leigos, indispens\u00e1vel para viver a corresponsabilidade.\u201d Afirmou, ainda, que \u201ca forma\u00e7\u00e3o deve estar orientada para a miss\u00e3o. Uma forma\u00e7\u00e3o feita \u2018no campo de a\u00e7\u00e3o\u2019 e, ao mesmo tempo, um caminho eficaz de crescimento espiritual.\u201d<\/p>\n<p style=\"text-align: justify;\">Francisco concluiu com uma exorta\u00e7\u00e3o: \u201cExorto a que vos fa\u00e7ais promotores nas vossas Igrejas Particulares de quanto recebestes nestes dias, para continuarmos juntos a renova\u00e7\u00e3o da Igreja e a sua convers\u00e3o mission\u00e1ria.\u201d<\/p>\n<p>&nbsp;<\/p>\n","protected":false},"excerpt":{"rendered":"<p>Do Brasil, estiveram presentes o bispo de Aragua\u00edna (TO) e presidente da Comiss\u00e3o Episcopal para o Laicato da CNBB, dom Giovane Pereira de Melo, a presidente do Conselho Nacional do Laicato do Brasil (CNLB), S\u00f4nia Gomes de Oliveira, e o assessor da Comiss\u00e3o para o Laicato da CNBB, Laudelino Augusto dos Santos Azevedo<\/p>\n","protected":false},"author":142,"featured_media":939412,"comment_status":"open","ping_status":"open","sticky":false,"template":"","format":"standard","meta":{"site-sidebar-layout":"default","site-content-layout":"default","ast-global-header-display":"","ast-banner-title-visibility":"","ast-main-header-display":"","ast-hfb-above-header-display":"","ast-hfb-below-header-display":"","ast-hfb-mobile-header-display":"","site-post-title":"","ast-breadcrumbs-content":"","ast-featured-img":"","footer-sml-layout":"","theme-transparent-header-meta":"default","adv-header-id-meta":"","stick-header-meta":"","header-above-stick-meta":"","header-main-stick-meta":"","header-below-stick-meta":""},"categories":[835,50,776],"tags":[2559],"acf":[],"_links":{"self":[{"href":"https:\/\/www.cnbb.org.br\/cnbb-app\/wp\/v2\/posts\/939411"}],"collection":[{"href":"https:\/\/www.cnbb.org.br\/cnbb-app\/wp\/v2\/posts"}],"about":[{"href":"https:\/\/www.cnbb.org.br\/cnbb-app\/wp\/v2\/types\/post"}],"author":[{"embeddable":true,"href":"https:\/\/www.cnbb.org.br\/cnbb-app\/wp\/v2\/users\/142"}],"replies":[{"embeddable":true,"href":"https:\/\/www.cnbb.org.br\/cnbb-app\/wp\/v2\/comments?post=939411"}],"version-history":[{"count":3,"href":"https:\/\/www.cnbb.org.br\/cnbb-app\/wp\/v2\/posts\/939411\/revisions"}],"predecessor-version":[{"id":939420,"href":"https:\/\/www.cnbb.org.br\/cnbb-app\/wp\/v2\/posts\/939411\/revisions\/939420"}],"wp:featuredmedia":[{"embeddable":true,"href":"https:\/\/www.cnbb.org.br\/cnbb-app\/wp\/v2\/media\/939412"}],"wp:attachment":[{"href":"https:\/\/www.cnbb.org.br\/cnbb-app\/wp\/v2\/media?parent=939411"}],"wp:term":[{"taxonomy":"category","embeddable":true,"href":"https:\/\/www.cnbb.org.br\/cnbb-app\/wp\/v2\/categories?post=939411"},{"taxonomy":"post_tag","embeddable":true,"href":"https:\/\/www.cnbb.org.br\/cnbb-app\/wp\/v2\/tags?post=939411"}],"curies":[{"name":"wp","href":"https:\/\/api.w.org\/{rel}","templated":true}]}}