{"id":939421,"date":"2023-03-08T09:00:19","date_gmt":"2023-03-08T12:00:19","guid":{"rendered":"https:\/\/www.cnbb.org.br\/?p=939421"},"modified":"2023-03-08T10:30:39","modified_gmt":"2023-03-08T13:30:39","slug":"comissao-celebra-dia-internacional-da-mulher-com-live-especial-mulheres-na-missao","status":"publish","type":"post","link":"https:\/\/www.cnbb.org.br\/comissao-celebra-dia-internacional-da-mulher-com-live-especial-mulheres-na-missao\/","title":{"rendered":"Comiss\u00e3o celebra Dia Internacional da Mulher \u2013 8 de mar\u00e7o com live especial \u201cMulheres na Miss\u00e3o\u201d"},"content":{"rendered":"<p style=\"text-align: justify;\">A Comiss\u00e3o Episcopal Pastoral para a A\u00e7\u00e3o Mission\u00e1ria e Coopera\u00e7\u00e3o Intereclesial da Confer\u00eancia Nacional dos Bispos do Brasil (CNBB) vai celebrar o Dia Internacional da Mulher \u2013 08 de mar\u00e7o com uma edi\u00e7\u00e3o lives \u201cMulheres na Miss\u00e3o\u201d, \u00e0s 15h, nas redes sociais da CNBB (Youtube e Facebook).<\/p>\n<p style=\"text-align: justify;\"><img decoding=\"async\" loading=\"lazy\" class=\" wp-image-939424 alignleft\" src=\"https:\/\/www.cnbb.org.br\/wp-content\/uploads\/2023\/02\/Live-Mulheres-na-Missao-8-de-marco-2023-300x300.jpeg\" alt=\"\" width=\"326\" height=\"326\" srcset=\"https:\/\/www.cnbb.org.br\/wp-content\/uploads\/2023\/02\/Live-Mulheres-na-Missao-8-de-marco-2023-300x300.jpeg 300w, https:\/\/www.cnbb.org.br\/wp-content\/uploads\/2023\/02\/Live-Mulheres-na-Missao-8-de-marco-2023-1024x1024.jpeg 1024w, https:\/\/www.cnbb.org.br\/wp-content\/uploads\/2023\/02\/Live-Mulheres-na-Missao-8-de-marco-2023-150x150.jpeg 150w, https:\/\/www.cnbb.org.br\/wp-content\/uploads\/2023\/02\/Live-Mulheres-na-Missao-8-de-marco-2023-768x768.jpeg 768w, https:\/\/www.cnbb.org.br\/wp-content\/uploads\/2023\/02\/Live-Mulheres-na-Missao-8-de-marco-2023-800x800.jpeg 800w, https:\/\/www.cnbb.org.br\/wp-content\/uploads\/2023\/02\/Live-Mulheres-na-Missao-8-de-marco-2023-500x500.jpeg 500w, https:\/\/www.cnbb.org.br\/wp-content\/uploads\/2023\/02\/Live-Mulheres-na-Missao-8-de-marco-2023.jpeg 1081w\" sizes=\"(max-width: 326px) 100vw, 326px\" \/>A tem\u00e1tica desta edi\u00e7\u00e3o \u00e9 <strong><em>&#8220;O Sonho de uma Igreja Mission\u00e1ria &#8211; Cora\u00e7\u00f5es ardentes, p\u00e9s a caminho&#8221;<\/em><\/strong> e vai receber como convidada a presidente do Conselho Nacional do Laicato do Brasil (CNLB), S\u00f4nia Gomes de Oliveira. A media\u00e7\u00e3o ser\u00e1 da\u00a0<span style=\"font-size: 16px; text-align: justify;\">assessora da comiss\u00e3o, irm\u00e3 Sandra Regina Amado e da coordenadora\u00a0<\/span>do COMIRE 0este 1, Janete Favero.<\/p>\n<p style=\"text-align: justify;\">De acordo com a comiss\u00e3o, o objetivo da live \u00e9 <em>\u201ceste bate papo \u00e9 sobre os desafios e a paix\u00e3o pela miss\u00e3o num contexto do 5 Congresso Mission\u00e1rio Nacional da Igreja do Brasil em prepara\u00e7\u00e3o do 6 Congresso Mission\u00e1rio Americano que acontecer\u00e1 em Porto Rico em 2024\u201d<\/em>.<\/p>\n<p style=\"text-align: justify;\">Ainda segundo a comiss\u00e3o, essa edi\u00e7\u00e3o se inclui na s\u00e9rie de lives sobre a contribui\u00e7\u00e3o da mulher na reflex\u00e3o, anima\u00e7\u00e3o, coordena\u00e7\u00e3o, projetos e atividades na miss\u00e3o da Igreja; muitas vezes as mulheres est\u00e3o na vanguarda da miss\u00e3o da Igreja no Brasil e no mundo.<\/p>\n<h3 style=\"text-align: justify;\">S\u00e9rie \u201cMulheres na Miss\u00e3o\u201d<\/h3>\n<p style=\"text-align: justify;\">A s\u00e9rie \u201cMulheres na Miss\u00e3o\u201d foi iniciada em 8 de mar\u00e7o de 2021 e tem como objetivo dar visibilidade \u00e0 contribui\u00e7\u00e3o da mulher na miss\u00e3o da Igreja no Brasil e no mundo j\u00e1 que na maioria das vezes, s\u00e3o as mulheres que levam em frente as atividades mission\u00e1rias na Igreja.<\/p>\n<p style=\"text-align: justify;\">Com a tem\u00e1tica: \u201cRetrato atual: presen\u00e7a feminina na miss\u00e3o eclesial\u201d, a live teve como convidada a presidente da Conferencia dos Religiosos do Brasil (CRB), irm\u00e3 Maria In\u00eas Ribeiro, que em janeiro de 2021, foi nomeada pelo papa Francisco para ser consultora da Congrega\u00e7\u00e3o para os Institutos de Vida Consagrada e as Sociedades de Vida Apost\u00f3lica (CIVCSVA) da C\u00faria Romana.<\/p>\n<p style=\"text-align: justify;\">A s\u00e9rie \u201cmulheres na miss\u00e3o\u201d tem a motiva\u00e7\u00e3o de provocar a reflex\u00e3o sobre a anima\u00e7\u00e3o, e a coordena\u00e7\u00e3o de projetos e atividades mission\u00e1rias no brasil a partir do olhar feminino e concretiza a proposta de viv\u00eancia da miss\u00e3o prevista no programa mission\u00e1rio nacional (PMN) em conson\u00e2ncia com as Diretrizes Gerais da A\u00e7\u00e3o Evangelizadora da Igreja no Brasil (2019-2023).<\/p>\n<h3 style=\"text-align: justify;\">Dia Internacional da Mulher \u2013 8 de mar\u00e7o<\/h3>\n<p style=\"text-align: justify;\">Historicamente, a data surgiu em homenagem \u00e0s manifesta\u00e7\u00f5es de oper\u00e1rias pela redu\u00e7\u00e3o da jornada de trabalho, na Europa e nos Estados Unidos, no final do s\u00e9culo XIX e in\u00edcio do s\u00e9culo XX. A data emblem\u00e1tica faz refer\u00eancia ao dia 08 de mar\u00e7o de 1857, quando 129 mulheres tecel\u00e3s de uma f\u00e1brica em Nora Iorque foram reprimidas pela pol\u00edcia e, ao refugiarem-se nas depend\u00eancias da f\u00e1brica, foram trancadas e carbonizadas no local, informa\u00e7\u00e3o da Ana Beatriz Magalh\u00e3es para uma reportagem do Blog da Sa\u00fade, do Minist\u00e9rio da Sa\u00fade.<\/p>\n<p style=\"text-align: justify;\">Segundo o blog da Sa\u00fade, a data come\u00e7ou a ser comemorada ap\u00f3s a II Confer\u00eancia Internacional de Mulheres, realizada em 1910 na Dinamarca, quando o dia foi proposto em homenagem \u00e0s tecel\u00e3s. Um ano mais tarde, quando milhares de mulheres se manifestaram na Europa, o dia passou a ser celebrado no mundo inteiro.<\/p>\n<p style=\"text-align: justify;\">Acesse a live no canal da <a href=\"https:\/\/www.youtube.com\/@CNBBNacional\/videos\" target=\"_blank\" rel=\"noopener\">CNBB no Youtube<\/a><\/p>\n","protected":false},"excerpt":{"rendered":"<p>Organizada pela Comiss\u00e3o Episcopal Pastoral para a A\u00e7\u00e3o Mission\u00e1ria e Coopera\u00e7\u00e3o Intereclesial da CNBB, a live acontece \u00e0s 15h, no canal do Youtube da CNBB, com o tema &#8220;O Sonho de uma Igreja Mission\u00e1ria &#8211; Cora\u00e7\u00f5es ardentes, p\u00e9s a caminho&#8221;. O bate papo deste 8 de ma\u00e7o \u00e9 com a presidente do Conselho Nacional do Laicato do Brasil (CNLB), S\u00f4nia Gomes de Oliveira<\/p>\n","protected":false},"author":83,"featured_media":939685,"comment_status":"open","ping_status":"open","sticky":false,"template":"","format":"standard","meta":{"site-sidebar-layout":"default","site-content-layout":"default","ast-global-header-display":"","ast-banner-title-visibility":"","ast-main-header-display":"","ast-hfb-above-header-display":"","ast-hfb-below-header-display":"","ast-hfb-mobile-header-display":"","site-post-title":"","ast-breadcrumbs-content":"","ast-featured-img":"","footer-sml-layout":"","theme-transparent-header-meta":"default","adv-header-id-meta":"","stick-header-meta":"","header-above-stick-meta":"","header-main-stick-meta":"","header-below-stick-meta":""},"categories":[854,50],"tags":[4947,3525],"acf":[],"_links":{"self":[{"href":"https:\/\/www.cnbb.org.br\/cnbb-app\/wp\/v2\/posts\/939421"}],"collection":[{"href":"https:\/\/www.cnbb.org.br\/cnbb-app\/wp\/v2\/posts"}],"about":[{"href":"https:\/\/www.cnbb.org.br\/cnbb-app\/wp\/v2\/types\/post"}],"author":[{"embeddable":true,"href":"https:\/\/www.cnbb.org.br\/cnbb-app\/wp\/v2\/users\/83"}],"replies":[{"embeddable":true,"href":"https:\/\/www.cnbb.org.br\/cnbb-app\/wp\/v2\/comments?post=939421"}],"version-history":[{"count":4,"href":"https:\/\/www.cnbb.org.br\/cnbb-app\/wp\/v2\/posts\/939421\/revisions"}],"predecessor-version":[{"id":939659,"href":"https:\/\/www.cnbb.org.br\/cnbb-app\/wp\/v2\/posts\/939421\/revisions\/939659"}],"wp:featuredmedia":[{"embeddable":true,"href":"https:\/\/www.cnbb.org.br\/cnbb-app\/wp\/v2\/media\/939685"}],"wp:attachment":[{"href":"https:\/\/www.cnbb.org.br\/cnbb-app\/wp\/v2\/media?parent=939421"}],"wp:term":[{"taxonomy":"category","embeddable":true,"href":"https:\/\/www.cnbb.org.br\/cnbb-app\/wp\/v2\/categories?post=939421"},{"taxonomy":"post_tag","embeddable":true,"href":"https:\/\/www.cnbb.org.br\/cnbb-app\/wp\/v2\/tags?post=939421"}],"curies":[{"name":"wp","href":"https:\/\/api.w.org\/{rel}","templated":true}]}}